{"id":536,"date":"2017-02-21T13:06:47","date_gmt":"2017-02-21T19:06:47","guid":{"rendered":"http:\/\/tvalaire.com\/?p=536"},"modified":"2017-02-21T13:06:47","modified_gmt":"2017-02-21T19:06:47","slug":"daran-merito-migrante-a-dos-piedadenses-destacados-por-su-labor-economica-y-social","status":"publish","type":"post","link":"http:\/\/tvalaire.com\/?p=536","title":{"rendered":"DAR\u00c1N \u201cM\u00c9RITO MIGRANTE\u201d A DOS PIEDADENSES DESTACADOS POR SU LABOR ECON\u00d3MICA Y SOCIAL"},"content":{"rendered":"<p>Por mayor\u00eda de votos, integrantes del Cabildo de La Piedad acordaron otorgar el galard\u00f3n\u00a0\u201cM\u00e9rito Migrante\u201d a los se\u00f1ores Roberto Moreno L\u00f3pez y Rigoberto P\u00e9rez Garc\u00eda, por su labor como l\u00edderes sociales en favor de los habitantes lejos de nuestras fronteras.<\/p>\n<p>El primero de ellos, Roberto Moreno L\u00f3pez habitante de Ticu\u00edtaco, destaca por su compromiso y trabajo que ha desarrollado al formar parte del primero y \u00fanico Club de Migrantes registrado, a trav\u00e9s del cual ha logrado bajar varias obras del programa 3 X 1 para beneficio de su comunidad. Prueba de ella es la Plaza C\u00edvica de esa tenencia en la que este a\u00f1o se prev\u00e9n realizar otras obras.<\/p>\n<p>El se\u00f1or Rigoberto P\u00e9rez Garc\u00eda, vive en La Piedad y es uno de los piedadenses que ha llevado la imagen del Se\u00f1or de La Piedad a Estados Unidos con la finalidad de generar un sentido de pertenencia con los ciudadanos que se encuentran radicados en el vecino pa\u00eds del Norte.<\/p>\n<p>El \u201cM\u00e9rito Migrante\u201d se otorgar\u00e1 por primera ocasi\u00f3n por parte del Gobierno Municipal a aquellos ciudadanos que han dedicado parte de su vida a colaborar por el bienestar de su lugar de origen, as\u00ed como por su\u00a0esfuerzo con la Patria, el Estado y el Municipio, para generar mejores condiciones de vida en los \u00e1mbitos social, econ\u00f3mico o pol\u00edtico.<\/p>\n<p>Por tal motivo\u00a0 se lanz\u00f3 una convocatoria para otorgar este reconocimiento tomando como antecedente, el que La Piedad es el cuarto municipio a nivel Estado en recepci\u00f3n de remesas y cuenta con una tradici\u00f3n migrante desde la d\u00e9cada de 1940.<\/p>\n<p>En sesi\u00f3n extraordinaria de trabajo, el Cabildo acord\u00f3 autorizar las dos propuestas que se presentaron ante la Comisi\u00f3n de Asuntos Migratorios y Gobernaci\u00f3n en la que participan el Alcalde Estrada Medina, Yelitza T\u00e9llez Hern\u00e1ndez, Brenda Orozco Torres y Ra\u00fal Hern\u00e1ndez N\u00fa\u00f1ez, en donde ped\u00edan ser reconocidos los se\u00f1ores Roberto Moreno L\u00f3pez y Rigoberto P\u00e9rez Garc\u00eda.<\/p>\n<p>La entrega del reconocimiento se llevar\u00e1 a cabo durante el Foro por los Derechos Humanos que se llevar\u00e1 a cabo el jueves 23 del presente mes a las 11:00 horas en el aula magna de la Universidad del Valle de Atemajac (UNIVA), al cual asistir\u00e1 la diputada y presidenta de la\u00a0 comisi\u00f3n de Asuntos Migratorios del congreso local, Macarena Ch\u00e1vez Torres.<\/p>\n","protected":false},"excerpt":{"rendered":"<p>Por mayor\u00eda de votos, integrantes del Cabildo de La Piedad acordaron otorgar el galard\u00f3n\u00a0\u201cM\u00e9rito Migrante\u201d&#8230;<\/p>\n","protected":false},"author":1,"featured_media":537,"comment_status":"open","ping_status":"open","sticky":false,"template":"","format":"standard","meta":{"jetpack_post_was_ever_published":false,"_jetpack_newsletter_access":"","_jetpack_dont_email_post_to_subs":false,"_jetpack_newsletter_tier_id":0,"_jetpack_memberships_contains_paywalled_content":false,"_jetpack_memberships_contains_paid_content":false,"footnotes":"","jetpack_publicize_message":"","jetpack_publicize_feature_enabled":true,"jetpack_social_post_already_shared":false,"jetpack_social_options":{"image_generator_settings":{"template":"highway","enabled":false},"version":2}},"categories":[1],"tags":[15,36],"class_list":["post-536","post","type-post","status-publish","format-standard","has-post-thumbnail","hentry","category-la-piedad","tag-la-piedad","tag-principales"],"jetpack_publicize_connections":[],"jetpack_sharing_enabled":true,"featured_image_urls":{"full":["http:\/\/tvalaire.com\/wp-content\/uploads\/2017\/02\/DAR\u00c1N-\u201cM\u00c9RITO-MIGRANTE\u201d-A-DOS-PIEDADENSES-DESTACADOS-POR-SU-LABOR-ECON\u00d3MICA-Y-SOCIAL.jpg",1024,683,false],"thumbnail":["http:\/\/tvalaire.com\/wp-content\/uploads\/2017\/02\/DAR\u00c1N-\u201cM\u00c9RITO-MIGRANTE\u201d-A-DOS-PIEDADENSES-DESTACADOS-POR-SU-LABOR-ECON\u00d3MICA-Y-SOCIAL-150x150.jpg",150,150,true],"medium":["http:\/\/tvalaire.com\/wp-content\/uploads\/2017\/02\/DAR\u00c1N-\u201cM\u00c9RITO-MIGRANTE\u201d-A-DOS-PIEDADENSES-DESTACADOS-POR-SU-LABOR-ECON\u00d3MICA-Y-SOCIAL-300x200.jpg",300,200,true],"medium_large":["http:\/\/tvalaire.com\/wp-content\/uploads\/2017\/02\/DAR\u00c1N-\u201cM\u00c9RITO-MIGRANTE\u201d-A-DOS-PIEDADENSES-DESTACADOS-POR-SU-LABOR-ECON\u00d3MICA-Y-SOCIAL-768x512.jpg",640,427,true],"large":["http:\/\/tvalaire.com\/wp-content\/uploads\/2017\/02\/DAR\u00c1N-\u201cM\u00c9RITO-MIGRANTE\u201d-A-DOS-PIEDADENSES-DESTACADOS-POR-SU-LABOR-ECON\u00d3MICA-Y-SOCIAL-1024x683.jpg",640,427,true],"post-slider-thumb-size":["http:\/\/tvalaire.com\/wp-content\/uploads\/2017\/02\/DAR\u00c1N-\u201cM\u00c9RITO-MIGRANTE\u201d-A-DOS-PIEDADENSES-DESTACADOS-POR-SU-LABOR-ECON\u00d3MICA-Y-SOCIAL.jpg",285,190,false],"post-category-slider-size":["http:\/\/tvalaire.com\/wp-content\/uploads\/2017\/02\/DAR\u00c1N-\u201cM\u00c9RITO-MIGRANTE\u201d-A-DOS-PIEDADENSES-DESTACADOS-POR-SU-LABOR-ECON\u00d3MICA-Y-SOCIAL.jpg",330,220,false],"1536x1536":["http:\/\/tvalaire.com\/wp-content\/uploads\/2017\/02\/DAR\u00c1N-\u201cM\u00c9RITO-MIGRANTE\u201d-A-DOS-PIEDADENSES-DESTACADOS-POR-SU-LABOR-ECON\u00d3MICA-Y-SOCIAL.jpg",1024,683,false],"2048x2048":["http:\/\/tvalaire.com\/wp-content\/uploads\/2017\/02\/DAR\u00c1N-\u201cM\u00c9RITO-MIGRANTE\u201d-A-DOS-PIEDADENSES-DESTACADOS-POR-SU-LABOR-ECON\u00d3MICA-Y-SOCIAL.jpg",1024,683,false],"newsium-slider-full":["http:\/\/tvalaire.com\/wp-content\/uploads\/2017\/02\/DAR\u00c1N-\u201cM\u00c9RITO-MIGRANTE\u201d-A-DOS-PIEDADENSES-DESTACADOS-POR-SU-LABOR-ECON\u00d3MICA-Y-SOCIAL.jpg",1024,683,false],"newsium-featured":["http:\/\/tvalaire.com\/wp-content\/uploads\/2017\/02\/DAR\u00c1N-\u201cM\u00c9RITO-MIGRANTE\u201d-A-DOS-PIEDADENSES-DESTACADOS-POR-SU-LABOR-ECON\u00d3MICA-Y-SOCIAL.jpg",1024,683,false],"newsium-medium":["http:\/\/tvalaire.com\/wp-content\/uploads\/2017\/02\/DAR\u00c1N-\u201cM\u00c9RITO-MIGRANTE\u201d-A-DOS-PIEDADENSES-DESTACADOS-POR-SU-LABOR-ECON\u00d3MICA-Y-SOCIAL.jpg",712,475,false]},"author_info":{"info":["tvalairenoti"]},"category_info":"<a href=\"http:\/\/tvalaire.com\/?cat=1\" rel=\"category\">La Piedad<\/a>","tag_info":"La Piedad","comment_count":"0","jetpack_featured_media_url":"http:\/\/tvalaire.com\/wp-content\/uploads\/2017\/02\/DAR\u00c1N-\u201cM\u00c9RITO-MIGRANTE\u201d-A-DOS-PIEDADENSES-DESTACADOS-POR-SU-LABOR-ECON\u00d3MICA-Y-SOCIAL.jpg","_links":{"self":[{"href":"http:\/\/tvalaire.com\/index.php?rest_route=\/wp\/v2\/posts\/536"}],"collection":[{"href":"http:\/\/tvalaire.com\/index.php?rest_route=\/wp\/v2\/posts"}],"about":[{"href":"http:\/\/tvalaire.com\/index.php?rest_route=\/wp\/v2\/types\/post"}],"author":[{"embeddable":true,"href":"http:\/\/tvalaire.com\/index.php?rest_route=\/wp\/v2\/users\/1"}],"replies":[{"embeddable":true,"href":"http:\/\/tvalaire.com\/index.php?rest_route=%2Fwp%2Fv2%2Fcomments&post=536"}],"version-history":[{"count":1,"href":"http:\/\/tvalaire.com\/index.php?rest_route=\/wp\/v2\/posts\/536\/revisions"}],"predecessor-version":[{"id":539,"href":"http:\/\/tvalaire.com\/index.php?rest_route=\/wp\/v2\/posts\/536\/revisions\/539"}],"wp:featuredmedia":[{"embeddable":true,"href":"http:\/\/tvalaire.com\/index.php?rest_route=\/wp\/v2\/media\/537"}],"wp:attachment":[{"href":"http:\/\/tvalaire.com\/index.php?rest_route=%2Fwp%2Fv2%2Fmedia&parent=536"}],"wp:term":[{"taxonomy":"category","embeddable":true,"href":"http:\/\/tvalaire.com\/index.php?rest_route=%2Fwp%2Fv2%2Fcategories&post=536"},{"taxonomy":"post_tag","embeddable":true,"href":"http:\/\/tvalaire.com\/index.php?rest_route=%2Fwp%2Fv2%2Ftags&post=536"}],"curies":[{"name":"wp","href":"https:\/\/api.w.org\/{rel}","templated":true}]}}