{"id":53,"date":"2017-01-25T21:15:23","date_gmt":"2017-01-25T21:15:23","guid":{"rendered":"http:\/\/tvalaire.com\/?p=53"},"modified":"2017-01-25T21:15:23","modified_gmt":"2017-01-25T21:15:23","slug":"capacita-gobierno-de-la-piedad-a-sus-empleados","status":"publish","type":"post","link":"http:\/\/tvalaire.com\/?p=53","title":{"rendered":"Capacita Gobierno de La Piedad a sus Empleados"},"content":{"rendered":"<figure id=\"attachment_55\" aria-describedby=\"caption-attachment-55\" style=\"width: 300px\" class=\"wp-caption alignnone\"><img loading=\"lazy\" decoding=\"async\" class=\"wp-image-55 size-medium\" src=\"http:\/\/tvalaire.com\/wp-content\/uploads\/2017\/01\/6-300x200.jpg\" width=\"300\" height=\"200\" srcset=\"http:\/\/tvalaire.com\/wp-content\/uploads\/2017\/01\/6-300x200.jpg 300w, http:\/\/tvalaire.com\/wp-content\/uploads\/2017\/01\/6-768x512.jpg 768w, http:\/\/tvalaire.com\/wp-content\/uploads\/2017\/01\/6.jpg 963w\" sizes=\"(max-width: 300px) 100vw, 300px\" \/><figcaption id=\"caption-attachment-55\" class=\"wp-caption-text\">Capacitando diferentes \u00e1reas a los empleados municipales.<\/figcaption><\/figure>\n<blockquote>\n<p class=\"x_gmail-Textbody\"><b><span lang=\"ES\">\u201cMi compromiso fue y es el atender dignamente a la ciudadan\u00eda y estas capacitaciones sirven para ofrecer un mejor servicio\u201d: Juan Manuel Estrada Medina.<\/span><\/b><\/p>\n<\/blockquote>\n<p class=\"x_gmail-Textbody\"><span lang=\"ES\">El Presidente de La Piedad, Juan Manuel Estrada Medina, con la intenci\u00f3n de ofrecer a los empleados municipales capacitaciones en diferentes \u00e1reas, imparti\u00f3 cursos y talleres de aprendizaje, por lo que hizo entrega de reconocimientos a cada uno de los participantes.<\/span><\/p>\n<p class=\"x_gmail-Textbody\"><span lang=\"ES\">Protecci\u00f3n civil, protocolo ceremonial, computaci\u00f3n, liderazgo, y oratoria, son los diferentes cursos que se les prestaron a los miembros del Sindicato de Empleados Municipales (SEM) a los cuales les otorgaron sus reconocimientos por haber concluido con \u00e9xito su capacitaci\u00f3n en los diferentes \u00e1mbitos.<\/span><\/p>\n<p class=\"x_gmail-Textbody\"><span lang=\"ES\">El Secretario General del SEM, Ricardo Garc\u00eda Cazares, en su intervenci\u00f3n mencion\u00f3 que estas capacitaciones no solo se brindan para que mejoren como trabajadores del municipio, si no como personas, y que al mismo tiempo se pueda dar un mejor servicio a los ciudadanos.<\/span><\/p>\n<p class=\"x_gmail-Textbody\"><span lang=\"ES\">Juan Manuel Estrada Medina Alcalde del municipio se dirigi\u00f3 a todos los presentes, a quienes agradeci\u00f3 por estar pendientes y mostrar el inter\u00e9s de aprender algo nuevo y que mejor que sean los mismos compa\u00f1eros del Gobierno Municipal los encargados de ofrecer la instrucci\u00f3n y esa retroalimentaci\u00f3n.<\/span><\/p>\n<p class=\"x_gmail-Textbody\"><span lang=\"ES\">Destac\u00f3 que una de sus propuestas y compromisos fue el atender dignamente a la ciudadan\u00eda y estas capacitaciones sirven para ofrecer un mejor servicio y atenci\u00f3n, as\u00ed como que esta forma de trabajar ha generado ahorros. \u201cDesde el principio hemos impuesto una disciplina administrativa que no solo llevan los directores sino todo el personal y muestra de ello es que La Piedad fue uno de los pocos municipios en el Estado que en tiempo y forma entreg\u00f3 las prestaciones de ley de fin de a\u00f1o sin ning\u00fan contratiempo a todos los trabajadores sindicalizados y de confianza.\u00a0<\/span><\/p>\n<p class=\"x_gmail-Textbody\"><span lang=\"ES\">De igual manera subray\u00f3 que en las obras que se ejecutan en varios puntos de la ciudad los contratistas que realizan los trabajos son del propio municipio, al igual que la mano de obra, lo que ayuda de manera significativa al ahorro del gasto, mejor supervisi\u00f3n, obras de calidad y que el recurso circule en el propio municipio ya que las inversiones generan derrama econ\u00f3mica.\u00a0<\/span><\/p>\n<p class=\"x_gmail-Textbody\"><span lang=\"ES\">Para terminar felicit\u00f3 a los capacitados y dijo que siempre es bueno transmitir el conocimiento, sobre todo a los que se les facilita hacerlo, agreg\u00f3 tambi\u00e9n que debe existir entre todos los colaboradores la confianza para que este tipo de acciones se siga dando.<\/span><\/p>\n<p class=\"x_gmail-Textbody\"><span lang=\"ES\">Para terminar Estrada Medina destac\u00f3 que es de suma importancia que las personas est\u00e9n capacitadas para hacer su labor, ya que si un ciudadano llega con un problema a las oficinas inmediatamente ese problema se vuelve de quien lo atiende, por lo tanto se tiene que dar pronta soluci\u00f3n, y no que salga igual o peor, es por eso que se tiene que capacitar a todo el personal.<\/span><\/p>\n","protected":false},"excerpt":{"rendered":"<p>\u201cMi compromiso fue y es el atender dignamente a la ciudadan\u00eda y estas capacitaciones sirven&#8230;<\/p>\n","protected":false},"author":1,"featured_media":54,"comment_status":"open","ping_status":"open","sticky":false,"template":"","format":"image","meta":{"jetpack_post_was_ever_published":false,"_jetpack_newsletter_access":"","_jetpack_dont_email_post_to_subs":false,"_jetpack_newsletter_tier_id":0,"_jetpack_memberships_contains_paywalled_content":false,"_jetpack_memberships_contains_paid_content":false,"footnotes":"","jetpack_publicize_message":"","jetpack_publicize_feature_enabled":true,"jetpack_social_post_already_shared":false,"jetpack_social_options":{"image_generator_settings":{"template":"highway","enabled":false},"version":2}},"categories":[1],"tags":[],"class_list":["post-53","post","type-post","status-publish","format-image","has-post-thumbnail","hentry","category-la-piedad","post_format-post-format-image"],"jetpack_publicize_connections":[],"jetpack_sharing_enabled":true,"featured_image_urls":{"full":["http:\/\/tvalaire.com\/wp-content\/uploads\/2017\/01\/3.jpg",963,642,false],"thumbnail":["http:\/\/tvalaire.com\/wp-content\/uploads\/2017\/01\/3-150x150.jpg",150,150,true],"medium":["http:\/\/tvalaire.com\/wp-content\/uploads\/2017\/01\/3-300x200.jpg",300,200,true],"medium_large":["http:\/\/tvalaire.com\/wp-content\/uploads\/2017\/01\/3-768x512.jpg",640,427,true],"large":["http:\/\/tvalaire.com\/wp-content\/uploads\/2017\/01\/3.jpg",640,427,false],"post-slider-thumb-size":["http:\/\/tvalaire.com\/wp-content\/uploads\/2017\/01\/3.jpg",285,190,false],"post-category-slider-size":["http:\/\/tvalaire.com\/wp-content\/uploads\/2017\/01\/3.jpg",330,220,false],"1536x1536":["http:\/\/tvalaire.com\/wp-content\/uploads\/2017\/01\/3.jpg",963,642,false],"2048x2048":["http:\/\/tvalaire.com\/wp-content\/uploads\/2017\/01\/3.jpg",963,642,false],"newsium-slider-full":["http:\/\/tvalaire.com\/wp-content\/uploads\/2017\/01\/3.jpg",963,642,false],"newsium-featured":["http:\/\/tvalaire.com\/wp-content\/uploads\/2017\/01\/3.jpg",963,642,false],"newsium-medium":["http:\/\/tvalaire.com\/wp-content\/uploads\/2017\/01\/3.jpg",713,475,false]},"author_info":{"info":["tvalairenoti"]},"category_info":"<a href=\"http:\/\/tvalaire.com\/?cat=1\" rel=\"category\">La Piedad<\/a>","tag_info":"La Piedad","comment_count":"0","jetpack_featured_media_url":"http:\/\/tvalaire.com\/wp-content\/uploads\/2017\/01\/3.jpg","_links":{"self":[{"href":"http:\/\/tvalaire.com\/index.php?rest_route=\/wp\/v2\/posts\/53"}],"collection":[{"href":"http:\/\/tvalaire.com\/index.php?rest_route=\/wp\/v2\/posts"}],"about":[{"href":"http:\/\/tvalaire.com\/index.php?rest_route=\/wp\/v2\/types\/post"}],"author":[{"embeddable":true,"href":"http:\/\/tvalaire.com\/index.php?rest_route=\/wp\/v2\/users\/1"}],"replies":[{"embeddable":true,"href":"http:\/\/tvalaire.com\/index.php?rest_route=%2Fwp%2Fv2%2Fcomments&post=53"}],"version-history":[{"count":1,"href":"http:\/\/tvalaire.com\/index.php?rest_route=\/wp\/v2\/posts\/53\/revisions"}],"predecessor-version":[{"id":56,"href":"http:\/\/tvalaire.com\/index.php?rest_route=\/wp\/v2\/posts\/53\/revisions\/56"}],"wp:featuredmedia":[{"embeddable":true,"href":"http:\/\/tvalaire.com\/index.php?rest_route=\/wp\/v2\/media\/54"}],"wp:attachment":[{"href":"http:\/\/tvalaire.com\/index.php?rest_route=%2Fwp%2Fv2%2Fmedia&parent=53"}],"wp:term":[{"taxonomy":"category","embeddable":true,"href":"http:\/\/tvalaire.com\/index.php?rest_route=%2Fwp%2Fv2%2Fcategories&post=53"},{"taxonomy":"post_tag","embeddable":true,"href":"http:\/\/tvalaire.com\/index.php?rest_route=%2Fwp%2Fv2%2Ftags&post=53"}],"curies":[{"name":"wp","href":"https:\/\/api.w.org\/{rel}","templated":true}]}}