{"id":5277,"date":"2019-06-27T10:32:28","date_gmt":"2019-06-27T15:32:28","guid":{"rendered":"http:\/\/tvalaire.com\/?p=5277"},"modified":"2019-06-27T10:32:28","modified_gmt":"2019-06-27T15:32:28","slug":"el-presidente-municipal-de-ecuandureo-inaugura-escuela-municipal-de-futbol","status":"publish","type":"post","link":"http:\/\/tvalaire.com\/?p=5277","title":{"rendered":"EL PRESIDENTE MUNICIPAL DE ECUANDUREO INAUGURA ESCUELA MUNICIPAL DE FUTBOL"},"content":{"rendered":"<p>Dr. Jes\u00fas\u00a0 Infante Ayala inaugura escuela Municipal de Futbol con la finalidad de fomentar la actividad f\u00edsica y valores en los Ecuandurenses.<\/p>\n<p>Con acciones que logren fomentar la pr\u00e1ctica del deporte, valores y abonar a la reconstrucci\u00f3n del tejido social, el Gobierno Municipal mediante la Coordinaci\u00f3n de Deportes, inaugur\u00f3 la Escuela Municipal de Futbol, en la unidad deportiva Bicentenario de la cabecera municipal, misma que instruir\u00e1 a ni\u00f1os y j\u00f3venes de todo el municipio.<\/p>\n<p>Dicha escuela tiene por objeto el utilizar el futbol, como un instrumento que lleve a los ni\u00f1os ecuandurenses la oportunidad de practicar de manera t\u00e9cnica este deporte, adem\u00e1s de otorgar la disciplina, la cultura del esfuerzo, el trabajo en equipo y la identificaci\u00f3n grupal, para consolidar una formaci\u00f3n en valores que les apoye en su vida personal y familiar.<\/p>\n<p>\u201cLa estrategia a seguir es convocar a los ni\u00f1os del municipio para que se incorporen a esta Escuela Municipal de Futbol, donde se trabajar\u00e1 con un modelo innovador de formaci\u00f3n te\u00f3rica y pr\u00e1ctica, en su desarrollo f\u00edsico, emocional e intelectual, para que disfrutando de este deporte, se les inculque los pilares de los valores universales, deportivos y sociales\u201d se\u00f1al\u00f3 Infante Ayala.<\/p>\n<p>Iv\u00e1n Gonzaga Pati\u00f1o y Ulises Romero Hurtado responsables de la coordinaci\u00f3n de deportes destacaron que supervisar\u00e1n esta escuela, con la finalidad de que cumpla con su objetivo y aparte pueda ser un semillero de grandes deportistas e invitaron a los interesados a inscribirse en la coordinaci\u00f3n de deportes en las instalaciones del Ayuntamiento.<\/p>\n<p>&nbsp;<\/p>\n<p><img loading=\"lazy\" decoding=\"async\" class=\"alignnone size-medium wp-image-5282\" src=\"http:\/\/tvalaire.com\/wp-content\/uploads\/2019\/06\/f6-1-300x191.jpg\" alt=\"\" width=\"300\" height=\"191\" srcset=\"http:\/\/tvalaire.com\/wp-content\/uploads\/2019\/06\/f6-1-300x191.jpg 300w, http:\/\/tvalaire.com\/wp-content\/uploads\/2019\/06\/f6-1-768x488.jpg 768w, http:\/\/tvalaire.com\/wp-content\/uploads\/2019\/06\/f6-1-1024x650.jpg 1024w, http:\/\/tvalaire.com\/wp-content\/uploads\/2019\/06\/f6-1.jpg 1280w\" sizes=\"(max-width: 300px) 100vw, 300px\" \/><\/p>\n<p><img loading=\"lazy\" decoding=\"async\" class=\"alignnone size-medium wp-image-5281\" src=\"http:\/\/tvalaire.com\/wp-content\/uploads\/2019\/06\/f4-1-300x191.jpg\" alt=\"\" width=\"300\" height=\"191\" srcset=\"http:\/\/tvalaire.com\/wp-content\/uploads\/2019\/06\/f4-1-300x191.jpg 300w, http:\/\/tvalaire.com\/wp-content\/uploads\/2019\/06\/f4-1-768x489.jpg 768w, http:\/\/tvalaire.com\/wp-content\/uploads\/2019\/06\/f4-1.jpg 995w\" sizes=\"(max-width: 300px) 100vw, 300px\" \/><\/p>\n<p><img loading=\"lazy\" decoding=\"async\" class=\"alignnone size-medium wp-image-5280\" src=\"http:\/\/tvalaire.com\/wp-content\/uploads\/2019\/06\/f3-1-300x190.jpg\" alt=\"\" width=\"300\" height=\"190\" srcset=\"http:\/\/tvalaire.com\/wp-content\/uploads\/2019\/06\/f3-1-300x190.jpg 300w, http:\/\/tvalaire.com\/wp-content\/uploads\/2019\/06\/f3-1-768x486.jpg 768w, http:\/\/tvalaire.com\/wp-content\/uploads\/2019\/06\/f3-1-1024x648.jpg 1024w, http:\/\/tvalaire.com\/wp-content\/uploads\/2019\/06\/f3-1.jpg 1081w\" sizes=\"(max-width: 300px) 100vw, 300px\" \/><\/p>\n<p><img loading=\"lazy\" decoding=\"async\" class=\"alignnone size-medium wp-image-5279\" src=\"http:\/\/tvalaire.com\/wp-content\/uploads\/2019\/06\/f2-1-300x163.jpg\" alt=\"\" width=\"300\" height=\"163\" srcset=\"http:\/\/tvalaire.com\/wp-content\/uploads\/2019\/06\/f2-1-300x163.jpg 300w, http:\/\/tvalaire.com\/wp-content\/uploads\/2019\/06\/f2-1-768x417.jpg 768w, http:\/\/tvalaire.com\/wp-content\/uploads\/2019\/06\/f2-1-1024x556.jpg 1024w, http:\/\/tvalaire.com\/wp-content\/uploads\/2019\/06\/f2-1-823x450.jpg 823w, http:\/\/tvalaire.com\/wp-content\/uploads\/2019\/06\/f2-1.jpg 1234w\" sizes=\"(max-width: 300px) 100vw, 300px\" \/><\/p>\n","protected":false},"excerpt":{"rendered":"<p>Dr. Jes\u00fas\u00a0 Infante Ayala inaugura escuela Municipal de Futbol con la finalidad de fomentar la&#8230;<\/p>\n","protected":false},"author":1,"featured_media":5278,"comment_status":"open","ping_status":"open","sticky":false,"template":"","format":"standard","meta":{"jetpack_post_was_ever_published":false,"_jetpack_newsletter_access":"","_jetpack_dont_email_post_to_subs":false,"_jetpack_newsletter_tier_id":0,"_jetpack_memberships_contains_paywalled_content":false,"_jetpack_memberships_contains_paid_content":false,"footnotes":"","jetpack_publicize_message":"","jetpack_publicize_feature_enabled":true,"jetpack_social_post_already_shared":false,"jetpack_social_options":{"image_generator_settings":{"template":"highway","enabled":false},"version":2}},"categories":[45],"tags":[46,36],"class_list":["post-5277","post","type-post","status-publish","format-standard","has-post-thumbnail","hentry","category-ecuandureo","tag-ecuandureo","tag-principales"],"jetpack_publicize_connections":[],"jetpack_sharing_enabled":true,"featured_image_urls":{"full":["http:\/\/tvalaire.com\/wp-content\/uploads\/2019\/06\/f1-1.jpg",1280,850,false],"thumbnail":["http:\/\/tvalaire.com\/wp-content\/uploads\/2019\/06\/f1-1-150x150.jpg",150,150,true],"medium":["http:\/\/tvalaire.com\/wp-content\/uploads\/2019\/06\/f1-1-300x199.jpg",300,199,true],"medium_large":["http:\/\/tvalaire.com\/wp-content\/uploads\/2019\/06\/f1-1-768x510.jpg",640,425,true],"large":["http:\/\/tvalaire.com\/wp-content\/uploads\/2019\/06\/f1-1-1024x680.jpg",640,425,true],"post-slider-thumb-size":["http:\/\/tvalaire.com\/wp-content\/uploads\/2019\/06\/f1-1.jpg",286,190,false],"post-category-slider-size":["http:\/\/tvalaire.com\/wp-content\/uploads\/2019\/06\/f1-1.jpg",330,219,false],"1536x1536":["http:\/\/tvalaire.com\/wp-content\/uploads\/2019\/06\/f1-1.jpg",1280,850,false],"2048x2048":["http:\/\/tvalaire.com\/wp-content\/uploads\/2019\/06\/f1-1.jpg",1280,850,false],"newsium-slider-full":["http:\/\/tvalaire.com\/wp-content\/uploads\/2019\/06\/f1-1.jpg",1272,845,false],"newsium-featured":["http:\/\/tvalaire.com\/wp-content\/uploads\/2019\/06\/f1-1.jpg",1024,680,false],"newsium-medium":["http:\/\/tvalaire.com\/wp-content\/uploads\/2019\/06\/f1-1.jpg",715,475,false]},"author_info":{"info":["tvalairenoti"]},"category_info":"<a href=\"http:\/\/tvalaire.com\/?cat=45\" rel=\"category\">Ecuandureo<\/a>","tag_info":"Ecuandureo","comment_count":"0","jetpack_featured_media_url":"http:\/\/tvalaire.com\/wp-content\/uploads\/2019\/06\/f1-1.jpg","_links":{"self":[{"href":"http:\/\/tvalaire.com\/index.php?rest_route=\/wp\/v2\/posts\/5277"}],"collection":[{"href":"http:\/\/tvalaire.com\/index.php?rest_route=\/wp\/v2\/posts"}],"about":[{"href":"http:\/\/tvalaire.com\/index.php?rest_route=\/wp\/v2\/types\/post"}],"author":[{"embeddable":true,"href":"http:\/\/tvalaire.com\/index.php?rest_route=\/wp\/v2\/users\/1"}],"replies":[{"embeddable":true,"href":"http:\/\/tvalaire.com\/index.php?rest_route=%2Fwp%2Fv2%2Fcomments&post=5277"}],"version-history":[{"count":1,"href":"http:\/\/tvalaire.com\/index.php?rest_route=\/wp\/v2\/posts\/5277\/revisions"}],"predecessor-version":[{"id":5283,"href":"http:\/\/tvalaire.com\/index.php?rest_route=\/wp\/v2\/posts\/5277\/revisions\/5283"}],"wp:featuredmedia":[{"embeddable":true,"href":"http:\/\/tvalaire.com\/index.php?rest_route=\/wp\/v2\/media\/5278"}],"wp:attachment":[{"href":"http:\/\/tvalaire.com\/index.php?rest_route=%2Fwp%2Fv2%2Fmedia&parent=5277"}],"wp:term":[{"taxonomy":"category","embeddable":true,"href":"http:\/\/tvalaire.com\/index.php?rest_route=%2Fwp%2Fv2%2Fcategories&post=5277"},{"taxonomy":"post_tag","embeddable":true,"href":"http:\/\/tvalaire.com\/index.php?rest_route=%2Fwp%2Fv2%2Ftags&post=5277"}],"curies":[{"name":"wp","href":"https:\/\/api.w.org\/{rel}","templated":true}]}}