{"id":5260,"date":"2019-06-25T10:02:56","date_gmt":"2019-06-25T15:02:56","guid":{"rendered":"http:\/\/tvalaire.com\/?p=5260"},"modified":"2019-06-25T10:02:56","modified_gmt":"2019-06-25T15:02:56","slug":"49-aniversario-luctuoso-de-jose-antonio-gomez-rodriguez","status":"publish","type":"post","link":"http:\/\/tvalaire.com\/?p=5260","title":{"rendered":"49 ANIVERSARIO LUCTUOSO DE JOSE ANTONIO GOMEZ RODRIGUEZ"},"content":{"rendered":"<p>Autoridades municipales encabezaron\u00a0 la celebraci\u00f3n\u00a0 del 49 aniversario luctuoso\u00a0 de Jos\u00e9 Antonio G\u00f3mez Rodr\u00edguez, hijo\u00a0 prodigo de Ecuandureo, quien forjar\u00e1\u00a0 uno de los m\u00e1ximos s\u00edmbolos patrios, el escudo nacional,\u00a0 el que templo basado en los tiempos de un M\u00e9xico postrevolucionario que se forjaba en ideales de justicia, libertad y patriotismo.<\/p>\n<p>El edil, Jes\u00fas Infante Ayala, refiri\u00f3 que Jos\u00e9 Antonio G\u00f3mez Rodr\u00edguez plasm\u00f3 el s\u00edmbolo que\u00a0 hoy d\u00eda idealiza el esp\u00edritu del pueblo de M\u00e9xico, icono que simboliza la cosmovisi\u00f3n del imponente y guerrero pueblo Mexica que se hizo\u00a0 presente como cultura desde Centroam\u00e9rica hasta Aridoam\u00e9rica, donde plantearon la deidad\u00a0 de Huitzilopochtili, as\u00ed como la construcci\u00f3n de una gran ciudad, Tenochtitl\u00e1n, la que erigieron en aquel lugar prometido que ten\u00eda un nopal donde posaba el \u00e1guila real consumiendo una serpiente.<\/p>\n<p>Infante Ayala se\u00f1al\u00f3 que G\u00f3mez Rodr\u00edguez leg\u00f3 a los Mexicanos un s\u00edmbolo de idealismo postrevolucionario y vigente, el que en su momento fue un arma contra el porfirismo y durante la Revoluci\u00f3n Mexicana, los que culminaron\u00a0 el trabajo que realizar\u00e1n en\u00a0 sus ilustrativos dibujos en el ic\u00f3nico peri\u00f3dico \u201cEl Hijo del Ahuizote\u201d, donde convivio con el reconocido grabador Jos\u00e9 Guadalupe Posadas y los hermanos Flores Mag\u00f3n.<\/p>\n<p>\u201cEstamos realizando una profesional investigaci\u00f3n documental en los acervos de la Real Academia de San Carlos, hoy Facultad de Artes y Dise\u00f1o de la UNAM, donde estudi\u00f3 el destacado ecuandurense, El Instituto Nacional de Bellas Artes donde fungi\u00f3 como catedr\u00e1tico y del Archivo General de la Naci\u00f3n, adem\u00e1s estamos por lanzar una convocatoria nacional para realizar un monumental escudo y bandera en nuestro municipio. para poder conmemorar el cincuenta aniversario luctuoso de tan ilustre personaje de la historia nacional\u201d, se\u00f1al\u00f3.<\/p>\n<p>En el acto estuvieron presentes autoridades del municipio de P\u00e9njamo, Guanajuato,\u00a0 espacio que adoptara al creador del escudo nacional del siglo XX, el que vivi\u00f3 las \u00faltimas d\u00e9cadas de su vida, el evento se desarroll\u00f3 en la escuela secundaria general Antonio G\u00f3mez Rodr\u00edguez de P\u00e9njamo, donde ofrecieron una ofrenda floral en el busto que se encuentra en la instituci\u00f3n y posteriormente visitaron su tumba en el pante\u00f3n que lleva su nombre, tambi\u00e9n ofreciendo una ofrenda.<\/p>\n<p>Las autoridades remarcaron que las nuevas generaciones deben reconsiderar el respeto a los s\u00edmbolos patrios, los que son identidad nacional, mismo que fuera ideado\u00a0 en base a la identidad\u00a0 de los pueblos originarios, como eran los Mexicas.<\/p>\n<p>El Dr. Juan Jos\u00e9 Garc\u00eda L\u00f3pez , agradeci\u00f3 oficialmente la asistencia de los invitados al evento, particularmente la del se\u00f1or Presidente Municipal de Ecuandureo Michoac\u00e1n, Dr. J. Jes\u00fas Infante Ayala,\u00a0 ya que para la municipalidad de P\u00e9njamo Guanajuato, significa un orgullo haber sido escogido, como\u00a0 el lugar de residencia de tan ilustre ecuandurense.<\/p>\n<p>El\u00a0 escudo surgi\u00f3\u00a0 en un sentido de nacionalismo\u00a0 en una \u00e9poca de divisi\u00f3n en el pa\u00eds, donde la se viv\u00eda una lucha revolucionaria que culmin\u00f3 en\u00a0 la formaci\u00f3n de una nueva Constituci\u00f3n Pol\u00edtica de los Estados Unidos Mexicanos.<\/p>\n<p>\u201cTan importante es en la vida de un ser humano, el lugar donde se deja huella, como lo es sin duda la ciudad que lo vio nacer\u201d, asent\u00f3 el docente que\u00a0 se\u00f1al\u00f3 que a trav\u00e9s de la formaci\u00f3n en aulas a los estudiantes es que se busca afianzar el respeto a los derechos humanos.<\/p>\n<p>&nbsp;<\/p>\n<p><img loading=\"lazy\" decoding=\"async\" class=\"alignnone size-medium wp-image-5267\" src=\"http:\/\/tvalaire.com\/wp-content\/uploads\/2019\/06\/7-2-300x225.jpg\" alt=\"\" width=\"300\" height=\"225\" srcset=\"http:\/\/tvalaire.com\/wp-content\/uploads\/2019\/06\/7-2-300x225.jpg 300w, http:\/\/tvalaire.com\/wp-content\/uploads\/2019\/06\/7-2-768x576.jpg 768w, http:\/\/tvalaire.com\/wp-content\/uploads\/2019\/06\/7-2-1024x768.jpg 1024w, http:\/\/tvalaire.com\/wp-content\/uploads\/2019\/06\/7-2.jpg 1280w\" sizes=\"(max-width: 300px) 100vw, 300px\" \/><\/p>\n<p><img loading=\"lazy\" decoding=\"async\" class=\"alignnone size-medium wp-image-5266\" src=\"http:\/\/tvalaire.com\/wp-content\/uploads\/2019\/06\/6-2-300x176.jpg\" alt=\"\" width=\"300\" height=\"176\" srcset=\"http:\/\/tvalaire.com\/wp-content\/uploads\/2019\/06\/6-2-300x176.jpg 300w, http:\/\/tvalaire.com\/wp-content\/uploads\/2019\/06\/6-2-768x451.jpg 768w, http:\/\/tvalaire.com\/wp-content\/uploads\/2019\/06\/6-2-1024x602.jpg 1024w, http:\/\/tvalaire.com\/wp-content\/uploads\/2019\/06\/6-2.jpg 1280w\" sizes=\"(max-width: 300px) 100vw, 300px\" \/><\/p>\n<p><img loading=\"lazy\" decoding=\"async\" class=\"alignnone size-medium wp-image-5265\" src=\"http:\/\/tvalaire.com\/wp-content\/uploads\/2019\/06\/5-2-300x228.jpg\" alt=\"\" width=\"300\" height=\"228\" srcset=\"http:\/\/tvalaire.com\/wp-content\/uploads\/2019\/06\/5-2-300x228.jpg 300w, http:\/\/tvalaire.com\/wp-content\/uploads\/2019\/06\/5-2-768x584.jpg 768w, http:\/\/tvalaire.com\/wp-content\/uploads\/2019\/06\/5-2-1024x779.jpg 1024w, http:\/\/tvalaire.com\/wp-content\/uploads\/2019\/06\/5-2.jpg 1280w\" sizes=\"(max-width: 300px) 100vw, 300px\" \/><\/p>\n<p><img loading=\"lazy\" decoding=\"async\" class=\"alignnone size-medium wp-image-5263\" src=\"http:\/\/tvalaire.com\/wp-content\/uploads\/2019\/06\/3-3-300x159.jpg\" alt=\"\" width=\"300\" height=\"159\" srcset=\"http:\/\/tvalaire.com\/wp-content\/uploads\/2019\/06\/3-3-300x159.jpg 300w, http:\/\/tvalaire.com\/wp-content\/uploads\/2019\/06\/3-3-768x406.jpg 768w, http:\/\/tvalaire.com\/wp-content\/uploads\/2019\/06\/3-3-1024x542.jpg 1024w, http:\/\/tvalaire.com\/wp-content\/uploads\/2019\/06\/3-3.jpg 1280w\" sizes=\"(max-width: 300px) 100vw, 300px\" \/><\/p>\n<p><img loading=\"lazy\" decoding=\"async\" class=\"alignnone size-medium wp-image-5262\" src=\"http:\/\/tvalaire.com\/wp-content\/uploads\/2019\/06\/2-3-300x225.jpg\" alt=\"\" width=\"300\" height=\"225\" srcset=\"http:\/\/tvalaire.com\/wp-content\/uploads\/2019\/06\/2-3-300x225.jpg 300w, http:\/\/tvalaire.com\/wp-content\/uploads\/2019\/06\/2-3-768x576.jpg 768w, http:\/\/tvalaire.com\/wp-content\/uploads\/2019\/06\/2-3-1024x768.jpg 1024w, http:\/\/tvalaire.com\/wp-content\/uploads\/2019\/06\/2-3.jpg 1280w\" sizes=\"(max-width: 300px) 100vw, 300px\" \/><\/p>\n<p><img loading=\"lazy\" decoding=\"async\" class=\"alignnone size-medium wp-image-5261\" src=\"http:\/\/tvalaire.com\/wp-content\/uploads\/2019\/06\/1-3-300x225.jpg\" alt=\"\" width=\"300\" height=\"225\" srcset=\"http:\/\/tvalaire.com\/wp-content\/uploads\/2019\/06\/1-3-300x225.jpg 300w, http:\/\/tvalaire.com\/wp-content\/uploads\/2019\/06\/1-3-768x576.jpg 768w, http:\/\/tvalaire.com\/wp-content\/uploads\/2019\/06\/1-3-1024x768.jpg 1024w, http:\/\/tvalaire.com\/wp-content\/uploads\/2019\/06\/1-3.jpg 1280w\" sizes=\"(max-width: 300px) 100vw, 300px\" \/><\/p>\n","protected":false},"excerpt":{"rendered":"<p>Autoridades municipales encabezaron\u00a0 la celebraci\u00f3n\u00a0 del 49 aniversario luctuoso\u00a0 de Jos\u00e9 Antonio G\u00f3mez Rodr\u00edguez, hijo\u00a0&#8230;<\/p>\n","protected":false},"author":1,"featured_media":5264,"comment_status":"open","ping_status":"open","sticky":false,"template":"","format":"standard","meta":{"jetpack_post_was_ever_published":false,"_jetpack_newsletter_access":"","_jetpack_dont_email_post_to_subs":false,"_jetpack_newsletter_tier_id":0,"_jetpack_memberships_contains_paywalled_content":false,"_jetpack_memberships_contains_paid_content":false,"footnotes":"","jetpack_publicize_message":"","jetpack_publicize_feature_enabled":true,"jetpack_social_post_already_shared":false,"jetpack_social_options":{"image_generator_settings":{"template":"highway","enabled":false},"version":2}},"categories":[45],"tags":[46,36],"class_list":["post-5260","post","type-post","status-publish","format-standard","has-post-thumbnail","hentry","category-ecuandureo","tag-ecuandureo","tag-principales"],"jetpack_publicize_connections":[],"jetpack_sharing_enabled":true,"featured_image_urls":{"full":["http:\/\/tvalaire.com\/wp-content\/uploads\/2019\/06\/4-3.jpg",1280,861,false],"thumbnail":["http:\/\/tvalaire.com\/wp-content\/uploads\/2019\/06\/4-3-150x150.jpg",150,150,true],"medium":["http:\/\/tvalaire.com\/wp-content\/uploads\/2019\/06\/4-3-300x202.jpg",300,202,true],"medium_large":["http:\/\/tvalaire.com\/wp-content\/uploads\/2019\/06\/4-3-768x517.jpg",640,431,true],"large":["http:\/\/tvalaire.com\/wp-content\/uploads\/2019\/06\/4-3-1024x689.jpg",640,431,true],"post-slider-thumb-size":["http:\/\/tvalaire.com\/wp-content\/uploads\/2019\/06\/4-3.jpg",282,190,false],"post-category-slider-size":["http:\/\/tvalaire.com\/wp-content\/uploads\/2019\/06\/4-3.jpg",330,222,false],"1536x1536":["http:\/\/tvalaire.com\/wp-content\/uploads\/2019\/06\/4-3.jpg",1280,861,false],"2048x2048":["http:\/\/tvalaire.com\/wp-content\/uploads\/2019\/06\/4-3.jpg",1280,861,false],"newsium-slider-full":["http:\/\/tvalaire.com\/wp-content\/uploads\/2019\/06\/4-3.jpg",1256,845,false],"newsium-featured":["http:\/\/tvalaire.com\/wp-content\/uploads\/2019\/06\/4-3.jpg",1024,689,false],"newsium-medium":["http:\/\/tvalaire.com\/wp-content\/uploads\/2019\/06\/4-3.jpg",706,475,false]},"author_info":{"info":["tvalairenoti"]},"category_info":"<a href=\"http:\/\/tvalaire.com\/?cat=45\" rel=\"category\">Ecuandureo<\/a>","tag_info":"Ecuandureo","comment_count":"0","jetpack_featured_media_url":"http:\/\/tvalaire.com\/wp-content\/uploads\/2019\/06\/4-3.jpg","_links":{"self":[{"href":"http:\/\/tvalaire.com\/index.php?rest_route=\/wp\/v2\/posts\/5260"}],"collection":[{"href":"http:\/\/tvalaire.com\/index.php?rest_route=\/wp\/v2\/posts"}],"about":[{"href":"http:\/\/tvalaire.com\/index.php?rest_route=\/wp\/v2\/types\/post"}],"author":[{"embeddable":true,"href":"http:\/\/tvalaire.com\/index.php?rest_route=\/wp\/v2\/users\/1"}],"replies":[{"embeddable":true,"href":"http:\/\/tvalaire.com\/index.php?rest_route=%2Fwp%2Fv2%2Fcomments&post=5260"}],"version-history":[{"count":1,"href":"http:\/\/tvalaire.com\/index.php?rest_route=\/wp\/v2\/posts\/5260\/revisions"}],"predecessor-version":[{"id":5268,"href":"http:\/\/tvalaire.com\/index.php?rest_route=\/wp\/v2\/posts\/5260\/revisions\/5268"}],"wp:featuredmedia":[{"embeddable":true,"href":"http:\/\/tvalaire.com\/index.php?rest_route=\/wp\/v2\/media\/5264"}],"wp:attachment":[{"href":"http:\/\/tvalaire.com\/index.php?rest_route=%2Fwp%2Fv2%2Fmedia&parent=5260"}],"wp:term":[{"taxonomy":"category","embeddable":true,"href":"http:\/\/tvalaire.com\/index.php?rest_route=%2Fwp%2Fv2%2Fcategories&post=5260"},{"taxonomy":"post_tag","embeddable":true,"href":"http:\/\/tvalaire.com\/index.php?rest_route=%2Fwp%2Fv2%2Ftags&post=5260"}],"curies":[{"name":"wp","href":"https:\/\/api.w.org\/{rel}","templated":true}]}}