{"id":5201,"date":"2019-06-14T11:41:14","date_gmt":"2019-06-14T16:41:14","guid":{"rendered":"http:\/\/tvalaire.com\/?p=5201"},"modified":"2019-06-18T11:46:49","modified_gmt":"2019-06-18T16:46:49","slug":"5201","status":"publish","type":"post","link":"http:\/\/tvalaire.com\/?p=5201","title":{"rendered":"SE IMPARTE TALLER VIVENCIA\u00d1 &#8220;PLAN DE VIDA Y PROYECTOS&#8221; POR PARTE DEL DIF ECUANDUREO"},"content":{"rendered":"<p>Autoridades del DIF\u00a0 impartieron el taller vivencial, \u2018Plan de Vida y Proyectos\u2019, encaminado a j\u00f3venes ecuandurenses\u00a0\u00a0 que cursan el\u00a0 nivel medio superior y superior, actividad que se realiz\u00f3 al interior del Telebachillerato de la Comunidad de El Colesio,\u00a0 impactando principalmente al alumnado del plantel.<\/p>\n<p>Los asistentes\u00a0 adquirieron herramientas para enfocar sus cualidades personales,\u00a0 plantear sus recursos f\u00edsicos y cognitivos, proyectar metas y trazar un futuro a base de\u00a0 metas\u00a0 realistas y tangibles que alcancen con los recursos propios, para de forma efectiva\u00a0\u00a0 forjar su presente y futuro.<\/p>\n<p>Durante el taller se indic\u00f3 que hoy las miras de algunos j\u00f3venes, se encuentran sin definici\u00f3n, lo anterior debido en gran parte\u00a0 a los distractores mercadot\u00e9cnicos, las tecnolog\u00edas digitales o la falta de una visi\u00f3n sobre el proyectos de vida, motivo por el cual el Sistema para el Desarrollo Integral de la Familia, municipal, ha implementado estrategias de intervenci\u00f3n, para fomentar y actuar con los j\u00f3venes en el sentido de responsabilidad para su desarrollo personal y comunitario y as\u00ed buscar mejores opciones en su calidad de vida y en el desarrollo social de la poblaci\u00f3n.<\/p>\n<p>\u201cEstamos desarrollando un diagn\u00f3stico, focalizado en las necesidades de los j\u00f3venes ecuandurenses, mismo que nos ha reflejado las acciones y estrategias prioritarias a seguir, la comunicaci\u00f3n digital, virtualmente ha globalizado el actuar de los j\u00f3venes, donde un j\u00f3ven de una poblaci\u00f3n peque\u00f1a, se allega de informaci\u00f3n y tendencias de las grandes metr\u00f3polis , por ello debemos implementar pol\u00edticas y acciones que nos logren atenuar y dar un acompa\u00f1amiento, para que nuestros j\u00f3venes ubique su estatus real y programen y proyecten un plan de vida l\u00f3gico, alcanzable y real\u201d se\u00f1al\u00f3 la directora del DIF municipal,\u00a0 Alejandra Tinajero Ram\u00edrez.<\/p>\n<p>El trabajo comunitario con los j\u00f3venes, dijo, es un proceso de trabajo complejo ya que cada ser humano es un ente individual, con gustos y costumbres muy particulares y en algunos casos, totalmente paralelos y confrontados con los esquemas sociales aceptados, aunado a que esta etapa de la vida en\u00a0 el tema psicol\u00f3gico es muy dif\u00edcil, por ello la necesidad de este tipo de acciones y programas, en plena coordinaci\u00f3n con la instrucci\u00f3n acad\u00e9mica\u00a0 y los valores edificados en el hogar desde la primera infancia.<\/p>\n<p>El DIF municipal, se preocupa por ofrecer un servicio de calidad para todos los actores sociales de la poblaci\u00f3n ecuandurense que requiere de los servicios m\u00e9dicos, asistenciales, legales, de vinculaci\u00f3n y proyecci\u00f3n.<\/p>\n<p>&nbsp;<\/p>\n<p><img loading=\"lazy\" decoding=\"async\" class=\"alignnone size-medium wp-image-5205\" src=\"http:\/\/tvalaire.com\/wp-content\/uploads\/2019\/06\/d4-1-225x300.jpg\" alt=\"\" width=\"225\" height=\"300\" srcset=\"http:\/\/tvalaire.com\/wp-content\/uploads\/2019\/06\/d4-1-225x300.jpg 225w, http:\/\/tvalaire.com\/wp-content\/uploads\/2019\/06\/d4-1-768x1024.jpg 768w, http:\/\/tvalaire.com\/wp-content\/uploads\/2019\/06\/d4-1.jpg 960w\" sizes=\"(max-width: 225px) 100vw, 225px\" \/><\/p>\n<p><img loading=\"lazy\" decoding=\"async\" class=\"alignnone size-medium wp-image-5204\" src=\"http:\/\/tvalaire.com\/wp-content\/uploads\/2019\/06\/d3-1-300x225.jpg\" alt=\"\" width=\"300\" height=\"225\" srcset=\"http:\/\/tvalaire.com\/wp-content\/uploads\/2019\/06\/d3-1-300x225.jpg 300w, http:\/\/tvalaire.com\/wp-content\/uploads\/2019\/06\/d3-1-768x576.jpg 768w, http:\/\/tvalaire.com\/wp-content\/uploads\/2019\/06\/d3-1-1024x768.jpg 1024w, http:\/\/tvalaire.com\/wp-content\/uploads\/2019\/06\/d3-1.jpg 1280w\" sizes=\"(max-width: 300px) 100vw, 300px\" \/><\/p>\n<p><img loading=\"lazy\" decoding=\"async\" class=\"alignnone size-medium wp-image-5203\" src=\"http:\/\/tvalaire.com\/wp-content\/uploads\/2019\/06\/d2-1-300x225.jpg\" alt=\"\" width=\"300\" height=\"225\" srcset=\"http:\/\/tvalaire.com\/wp-content\/uploads\/2019\/06\/d2-1-300x225.jpg 300w, http:\/\/tvalaire.com\/wp-content\/uploads\/2019\/06\/d2-1-768x576.jpg 768w, http:\/\/tvalaire.com\/wp-content\/uploads\/2019\/06\/d2-1-1024x768.jpg 1024w, http:\/\/tvalaire.com\/wp-content\/uploads\/2019\/06\/d2-1.jpg 1280w\" sizes=\"(max-width: 300px) 100vw, 300px\" \/><\/p>\n<p><img loading=\"lazy\" decoding=\"async\" class=\"alignnone size-medium wp-image-5202\" src=\"http:\/\/tvalaire.com\/wp-content\/uploads\/2019\/06\/d1-1-300x225.jpg\" alt=\"\" width=\"300\" height=\"225\" srcset=\"http:\/\/tvalaire.com\/wp-content\/uploads\/2019\/06\/d1-1-300x225.jpg 300w, http:\/\/tvalaire.com\/wp-content\/uploads\/2019\/06\/d1-1-768x576.jpg 768w, http:\/\/tvalaire.com\/wp-content\/uploads\/2019\/06\/d1-1-1024x768.jpg 1024w, http:\/\/tvalaire.com\/wp-content\/uploads\/2019\/06\/d1-1.jpg 1280w\" sizes=\"(max-width: 300px) 100vw, 300px\" \/><\/p>\n","protected":false},"excerpt":{"rendered":"<p>Autoridades del DIF\u00a0 impartieron el taller vivencial, \u2018Plan de Vida y Proyectos\u2019, encaminado a j\u00f3venes&#8230;<\/p>\n","protected":false},"author":1,"featured_media":5206,"comment_status":"open","ping_status":"open","sticky":false,"template":"","format":"standard","meta":{"jetpack_post_was_ever_published":false,"_jetpack_newsletter_access":"","_jetpack_dont_email_post_to_subs":false,"_jetpack_newsletter_tier_id":0,"_jetpack_memberships_contains_paywalled_content":false,"_jetpack_memberships_contains_paid_content":false,"footnotes":"","jetpack_publicize_message":"","jetpack_publicize_feature_enabled":true,"jetpack_social_post_already_shared":false,"jetpack_social_options":{"image_generator_settings":{"template":"highway","enabled":false},"version":2}},"categories":[45],"tags":[46,36],"class_list":["post-5201","post","type-post","status-publish","format-standard","has-post-thumbnail","hentry","category-ecuandureo","tag-ecuandureo","tag-principales"],"jetpack_publicize_connections":[],"jetpack_sharing_enabled":true,"featured_image_urls":{"full":["http:\/\/tvalaire.com\/wp-content\/uploads\/2019\/06\/d5-1.jpg",1280,960,false],"thumbnail":["http:\/\/tvalaire.com\/wp-content\/uploads\/2019\/06\/d5-1-150x150.jpg",150,150,true],"medium":["http:\/\/tvalaire.com\/wp-content\/uploads\/2019\/06\/d5-1-300x225.jpg",300,225,true],"medium_large":["http:\/\/tvalaire.com\/wp-content\/uploads\/2019\/06\/d5-1-768x576.jpg",640,480,true],"large":["http:\/\/tvalaire.com\/wp-content\/uploads\/2019\/06\/d5-1-1024x768.jpg",640,480,true],"post-slider-thumb-size":["http:\/\/tvalaire.com\/wp-content\/uploads\/2019\/06\/d5-1.jpg",253,190,false],"post-category-slider-size":["http:\/\/tvalaire.com\/wp-content\/uploads\/2019\/06\/d5-1.jpg",330,248,false],"1536x1536":["http:\/\/tvalaire.com\/wp-content\/uploads\/2019\/06\/d5-1.jpg",1280,960,false],"2048x2048":["http:\/\/tvalaire.com\/wp-content\/uploads\/2019\/06\/d5-1.jpg",1280,960,false],"newsium-slider-full":["http:\/\/tvalaire.com\/wp-content\/uploads\/2019\/06\/d5-1.jpg",1127,845,false],"newsium-featured":["http:\/\/tvalaire.com\/wp-content\/uploads\/2019\/06\/d5-1.jpg",1024,768,false],"newsium-medium":["http:\/\/tvalaire.com\/wp-content\/uploads\/2019\/06\/d5-1.jpg",633,475,false]},"author_info":{"info":["tvalairenoti"]},"category_info":"<a href=\"http:\/\/tvalaire.com\/?cat=45\" rel=\"category\">Ecuandureo<\/a>","tag_info":"Ecuandureo","comment_count":"0","jetpack_featured_media_url":"http:\/\/tvalaire.com\/wp-content\/uploads\/2019\/06\/d5-1.jpg","_links":{"self":[{"href":"http:\/\/tvalaire.com\/index.php?rest_route=\/wp\/v2\/posts\/5201"}],"collection":[{"href":"http:\/\/tvalaire.com\/index.php?rest_route=\/wp\/v2\/posts"}],"about":[{"href":"http:\/\/tvalaire.com\/index.php?rest_route=\/wp\/v2\/types\/post"}],"author":[{"embeddable":true,"href":"http:\/\/tvalaire.com\/index.php?rest_route=\/wp\/v2\/users\/1"}],"replies":[{"embeddable":true,"href":"http:\/\/tvalaire.com\/index.php?rest_route=%2Fwp%2Fv2%2Fcomments&post=5201"}],"version-history":[{"count":2,"href":"http:\/\/tvalaire.com\/index.php?rest_route=\/wp\/v2\/posts\/5201\/revisions"}],"predecessor-version":[{"id":5219,"href":"http:\/\/tvalaire.com\/index.php?rest_route=\/wp\/v2\/posts\/5201\/revisions\/5219"}],"wp:featuredmedia":[{"embeddable":true,"href":"http:\/\/tvalaire.com\/index.php?rest_route=\/wp\/v2\/media\/5206"}],"wp:attachment":[{"href":"http:\/\/tvalaire.com\/index.php?rest_route=%2Fwp%2Fv2%2Fmedia&parent=5201"}],"wp:term":[{"taxonomy":"category","embeddable":true,"href":"http:\/\/tvalaire.com\/index.php?rest_route=%2Fwp%2Fv2%2Fcategories&post=5201"},{"taxonomy":"post_tag","embeddable":true,"href":"http:\/\/tvalaire.com\/index.php?rest_route=%2Fwp%2Fv2%2Ftags&post=5201"}],"curies":[{"name":"wp","href":"https:\/\/api.w.org\/{rel}","templated":true}]}}