{"id":5146,"date":"2019-05-22T11:06:52","date_gmt":"2019-05-22T16:06:52","guid":{"rendered":"http:\/\/tvalaire.com\/?p=5146"},"modified":"2019-05-22T11:06:52","modified_gmt":"2019-05-22T16:06:52","slug":"dif-ecuandureo-realiza-talleres-para-personas-con-alguna-discapacidad","status":"publish","type":"post","link":"http:\/\/tvalaire.com\/?p=5146","title":{"rendered":"DIF ECUANDUREO REALIZA TALLERES PARA PERSONAS CON ALGUNA DISCAPACIDAD"},"content":{"rendered":"<p>Trabajando arduamente por una cultura de inclusi\u00f3n, se encuentra el DIF Ecuandureo, realizando talleres con las personas con alguna discapacidad.<\/p>\n<p>As\u00ed lo di\u00f3 a conocer la titular del DIF Ecuandureo, Lic. Alejandra Tinajero Ram\u00edrez quien manifest\u00f3 que \u201cel Desarrollo Integral de la Familia, debe estar fundamentada en la igualdad, en la equidad y en la inclusi\u00f3n social; por ello el ofrecer estos talleres en las instalaciones del DIF Municipal a un promedio de 30 beneficiarios, impacta directamente en la calidad de vida de dichos beneficiarios de la cabecera municipal y diferentes comunidades del municipio adem\u00e1s queremos garantizar que todas tengan las mismas oportunidades de participar en todos los aspectos de la vida al m\u00e1ximo de sus capacidades y deseos\u201d, subray\u00f3 la Directora del DIF Ecuandureo.<\/p>\n<p>Los talleres se realizan en las instalaciones del Dif Municipal, donde personal adscrito a la instituci\u00f3n visita todas y cada uno de las viviendas de las personas con discapacidad para trasladarlas en un veh\u00edculo adaptado a sus necesidades, desarrollando actividades psicomotrices y recreativas con un horario de 11:00 a 13:00 horas los d\u00edas viernes.<\/p>\n<p>Por su parte, el Dr. J. Jes\u00fas Infante Ayala\u00a0\u00a0se\u00f1al\u00f3\u00a0\u00a0que \u201cLas personas con discapacidad siempre han sido y ser\u00e1n una prioridad para mi gobierno, y lo he demostrado ya que desde mi pasada administraci\u00f3n implementamos por primera vez la creaci\u00f3n de dichos talleres con la finalidad de promover, proteger y garantizar sus derechos humanos y desarrollo personal\u201d.<\/p>\n<p>El Dif municipal se ha mantenido activo desde el inicio de la administraci\u00f3n 2018. 2021, muestra de ello es este taller, que as\u00ed como el taller de capacidades diferentes existen muchos m\u00e1s que benefician a todos los Ecuandurenses.<\/p>\n<p>&nbsp;<\/p>\n<p>&nbsp;<\/p>\n<p><img loading=\"lazy\" decoding=\"async\" class=\"alignnone size-medium wp-image-5151\" src=\"http:\/\/tvalaire.com\/wp-content\/uploads\/2019\/05\/5-1-225x300.jpg\" alt=\"\" width=\"225\" height=\"300\" srcset=\"http:\/\/tvalaire.com\/wp-content\/uploads\/2019\/05\/5-1-225x300.jpg 225w, http:\/\/tvalaire.com\/wp-content\/uploads\/2019\/05\/5-1-768x1024.jpg 768w, http:\/\/tvalaire.com\/wp-content\/uploads\/2019\/05\/5-1.jpg 960w\" sizes=\"(max-width: 225px) 100vw, 225px\" \/><br \/>\n<img loading=\"lazy\" decoding=\"async\" class=\"alignnone size-medium wp-image-5150\" src=\"http:\/\/tvalaire.com\/wp-content\/uploads\/2019\/05\/4-1-300x225.jpg\" alt=\"\" width=\"300\" height=\"225\" srcset=\"http:\/\/tvalaire.com\/wp-content\/uploads\/2019\/05\/4-1-300x225.jpg 300w, http:\/\/tvalaire.com\/wp-content\/uploads\/2019\/05\/4-1-768x576.jpg 768w, http:\/\/tvalaire.com\/wp-content\/uploads\/2019\/05\/4-1-1024x768.jpg 1024w, http:\/\/tvalaire.com\/wp-content\/uploads\/2019\/05\/4-1.jpg 1280w\" sizes=\"(max-width: 300px) 100vw, 300px\" \/><\/p>\n<p><img loading=\"lazy\" decoding=\"async\" class=\"alignnone size-medium wp-image-5149\" src=\"http:\/\/tvalaire.com\/wp-content\/uploads\/2019\/05\/3-1-225x300.jpg\" alt=\"\" width=\"225\" height=\"300\" srcset=\"http:\/\/tvalaire.com\/wp-content\/uploads\/2019\/05\/3-1-225x300.jpg 225w, http:\/\/tvalaire.com\/wp-content\/uploads\/2019\/05\/3-1-768x1024.jpg 768w, http:\/\/tvalaire.com\/wp-content\/uploads\/2019\/05\/3-1.jpg 960w\" sizes=\"(max-width: 225px) 100vw, 225px\" \/><\/p>\n<p><img loading=\"lazy\" decoding=\"async\" class=\"alignnone size-medium wp-image-5148\" src=\"http:\/\/tvalaire.com\/wp-content\/uploads\/2019\/05\/2-1-225x300.jpg\" alt=\"\" width=\"225\" height=\"300\" srcset=\"http:\/\/tvalaire.com\/wp-content\/uploads\/2019\/05\/2-1-225x300.jpg 225w, http:\/\/tvalaire.com\/wp-content\/uploads\/2019\/05\/2-1-768x1024.jpg 768w, http:\/\/tvalaire.com\/wp-content\/uploads\/2019\/05\/2-1.jpg 960w\" sizes=\"(max-width: 225px) 100vw, 225px\" \/><\/p>\n<p><img loading=\"lazy\" decoding=\"async\" class=\"alignnone size-medium wp-image-5147\" src=\"http:\/\/tvalaire.com\/wp-content\/uploads\/2019\/05\/1-1-300x225.jpg\" alt=\"\" width=\"300\" height=\"225\" srcset=\"http:\/\/tvalaire.com\/wp-content\/uploads\/2019\/05\/1-1-300x225.jpg 300w, http:\/\/tvalaire.com\/wp-content\/uploads\/2019\/05\/1-1-768x576.jpg 768w, http:\/\/tvalaire.com\/wp-content\/uploads\/2019\/05\/1-1-1024x768.jpg 1024w, http:\/\/tvalaire.com\/wp-content\/uploads\/2019\/05\/1-1.jpg 1280w\" sizes=\"(max-width: 300px) 100vw, 300px\" \/><\/p>\n<p>&nbsp;<\/p>\n<p>&nbsp;<\/p>\n<p>&nbsp;<\/p>\n","protected":false},"excerpt":{"rendered":"<p>Trabajando arduamente por una cultura de inclusi\u00f3n, se encuentra el DIF Ecuandureo, realizando talleres con&#8230;<\/p>\n","protected":false},"author":1,"featured_media":5152,"comment_status":"open","ping_status":"open","sticky":false,"template":"","format":"standard","meta":{"jetpack_post_was_ever_published":false,"_jetpack_newsletter_access":"","_jetpack_dont_email_post_to_subs":false,"_jetpack_newsletter_tier_id":0,"_jetpack_memberships_contains_paywalled_content":false,"_jetpack_memberships_contains_paid_content":false,"footnotes":"","jetpack_publicize_message":"","jetpack_publicize_feature_enabled":true,"jetpack_social_post_already_shared":false,"jetpack_social_options":{"image_generator_settings":{"template":"highway","enabled":false},"version":2}},"categories":[45],"tags":[46,36],"class_list":["post-5146","post","type-post","status-publish","format-standard","has-post-thumbnail","hentry","category-ecuandureo","tag-ecuandureo","tag-principales"],"jetpack_publicize_connections":[],"jetpack_sharing_enabled":true,"featured_image_urls":{"full":["http:\/\/tvalaire.com\/wp-content\/uploads\/2019\/05\/6.jpg",916,945,false],"thumbnail":["http:\/\/tvalaire.com\/wp-content\/uploads\/2019\/05\/6-150x150.jpg",150,150,true],"medium":["http:\/\/tvalaire.com\/wp-content\/uploads\/2019\/05\/6-291x300.jpg",291,300,true],"medium_large":["http:\/\/tvalaire.com\/wp-content\/uploads\/2019\/05\/6-768x792.jpg",640,660,true],"large":["http:\/\/tvalaire.com\/wp-content\/uploads\/2019\/05\/6.jpg",640,660,false],"post-slider-thumb-size":["http:\/\/tvalaire.com\/wp-content\/uploads\/2019\/05\/6.jpg",184,190,false],"post-category-slider-size":["http:\/\/tvalaire.com\/wp-content\/uploads\/2019\/05\/6.jpg",330,340,false],"1536x1536":["http:\/\/tvalaire.com\/wp-content\/uploads\/2019\/05\/6.jpg",916,945,false],"2048x2048":["http:\/\/tvalaire.com\/wp-content\/uploads\/2019\/05\/6.jpg",916,945,false],"newsium-slider-full":["http:\/\/tvalaire.com\/wp-content\/uploads\/2019\/05\/6.jpg",819,845,false],"newsium-featured":["http:\/\/tvalaire.com\/wp-content\/uploads\/2019\/05\/6.jpg",916,945,false],"newsium-medium":["http:\/\/tvalaire.com\/wp-content\/uploads\/2019\/05\/6.jpg",460,475,false]},"author_info":{"info":["tvalairenoti"]},"category_info":"<a href=\"http:\/\/tvalaire.com\/?cat=45\" rel=\"category\">Ecuandureo<\/a>","tag_info":"Ecuandureo","comment_count":"0","jetpack_featured_media_url":"http:\/\/tvalaire.com\/wp-content\/uploads\/2019\/05\/6.jpg","_links":{"self":[{"href":"http:\/\/tvalaire.com\/index.php?rest_route=\/wp\/v2\/posts\/5146"}],"collection":[{"href":"http:\/\/tvalaire.com\/index.php?rest_route=\/wp\/v2\/posts"}],"about":[{"href":"http:\/\/tvalaire.com\/index.php?rest_route=\/wp\/v2\/types\/post"}],"author":[{"embeddable":true,"href":"http:\/\/tvalaire.com\/index.php?rest_route=\/wp\/v2\/users\/1"}],"replies":[{"embeddable":true,"href":"http:\/\/tvalaire.com\/index.php?rest_route=%2Fwp%2Fv2%2Fcomments&post=5146"}],"version-history":[{"count":1,"href":"http:\/\/tvalaire.com\/index.php?rest_route=\/wp\/v2\/posts\/5146\/revisions"}],"predecessor-version":[{"id":5153,"href":"http:\/\/tvalaire.com\/index.php?rest_route=\/wp\/v2\/posts\/5146\/revisions\/5153"}],"wp:featuredmedia":[{"embeddable":true,"href":"http:\/\/tvalaire.com\/index.php?rest_route=\/wp\/v2\/media\/5152"}],"wp:attachment":[{"href":"http:\/\/tvalaire.com\/index.php?rest_route=%2Fwp%2Fv2%2Fmedia&parent=5146"}],"wp:term":[{"taxonomy":"category","embeddable":true,"href":"http:\/\/tvalaire.com\/index.php?rest_route=%2Fwp%2Fv2%2Fcategories&post=5146"},{"taxonomy":"post_tag","embeddable":true,"href":"http:\/\/tvalaire.com\/index.php?rest_route=%2Fwp%2Fv2%2Ftags&post=5146"}],"curies":[{"name":"wp","href":"https:\/\/api.w.org\/{rel}","templated":true}]}}