{"id":5138,"date":"2019-05-21T11:51:44","date_gmt":"2019-05-21T16:51:44","guid":{"rendered":"http:\/\/tvalaire.com\/?p=5138"},"modified":"2019-05-21T11:51:44","modified_gmt":"2019-05-21T16:51:44","slug":"gobierno-municipal-de-ecuandureo-lleva-a-cabo-de-manera-exitosa-la-primera-expo-vocacional-ecuandureo-2019","status":"publish","type":"post","link":"http:\/\/tvalaire.com\/?p=5138","title":{"rendered":"Gobierno Municipal de Ecuandureo lleva a cabo de manera exitosa, la \u201cPRIMERA EXPO VOCACIONAL ECUANDUREO 2019"},"content":{"rendered":"<p>Gobierno Municipal de Ecuandureo lleva a cabo de manera exitosa, la \u201cPRIMERA EXPO VOCACIONAL ECUANDUREO 2019<\/p>\n<p>La educaci\u00f3n es uno de los temas prioritarios para el Gobierno Municipal de Ecuandureo por ello la direcci\u00f3n de comunicaci\u00f3n social y relaciones p\u00fablicas realiz\u00f3 la primer Expo Vocacional Ecuandureo 2019, donde se reunieron representantes de las casas de estudio de la regi\u00f3n mismas que acercaro la diversa oferta educativa de nivel Universitario, Bachillerato, T\u00e9cnicos, Artes y Oficios Laborales.<\/p>\n<p>Estuvieron presentes Univa, Univer, Uvaza, Icep, Universidad\u00a0 de Zamora, UVAQ, el Instituto Gastron\u00f3mico de Zamora, Instituto Sacbe, Instituto Educar\u00e9, Universidad primero de Mayo y el Instituto de Capacitaci\u00f3n para el Trabajo del Estado de Michoac\u00e1n, campus La Piedad.<\/p>\n<p>Asi mismos asistieron el Colegio de bachilleres plantel Ecuandureo, Tele Bachillerato El Colesio, sumando m\u00e1s de 500 j\u00f3venes, quienes de primera mano pudieron conocer las diferentes\u00a0 carreras y opciones acad\u00e9micas, aten\u00faes a su\u00a0 orientaci\u00f3n vocacional, para su desarrollo personal y en beneficio del desarrollo social y econ\u00f3mico de Ecuandureo.<\/p>\n<p>Andrea Cacho Cabrera, S\u00edndico del Ayuntamiento, en representaci\u00f3n del edil Jes\u00fas Infante Ayala, Presidente Municipal, exhort\u00f3 a los j\u00f3venes Ecuandurenses, para que en esta etapa tan importante de su vida hicieran conciencia y tomaran como una prioridad el contar con un proyecto personal educativo, para orientar su hacia el futuro pr\u00f3ximo, motivo por el cual el Gobierno Municipal a trav\u00e9s de la Direcci\u00f3n de Comunicaci\u00f3n Social y Relaciones Publicas, que por primera vez en la historia del municipio este evento como lo es la Expo Vocacional Ecuandureo 2019.<\/p>\n<p>\u201cEs un evento que por primera vez se realiza en Ecuandureo, y que la \u00fanica finalidad es que los j\u00f3venes sepan que la preparaci\u00f3n educativa es una herramienta que los ayudar\u00e1 a seguir conquistando sus metas y abriendo puertas, conocer que carreras ofrece la regi\u00f3n y as\u00ed poder ir armando su proyecto de vida de acuerdo a lo que les gusta y apasiona, esperemos que en nuestra pr\u00f3xima edici\u00f3n se sumen m\u00e1s centros educativos\u201d mencion\u00f3 Alejandro Avi\u00f1a Director de comunicaci\u00f3n social y relaciones p\u00fablicas de Ecuandureo.<\/p>\n<p>El edil se\u00f1al\u00f3 que buscar\u00e1 mas apoyos educativos para los Ecuandurenses, que busquen cursar una licenciatura en las diferentes universidades de la regi\u00f3n, esto con miras a incentivar a los educandos para que cursen la instrucci\u00f3n profesional.<\/p>\n<p>&nbsp;<\/p>\n<p><img loading=\"lazy\" decoding=\"async\" class=\"alignnone size-medium wp-image-5144\" src=\"http:\/\/tvalaire.com\/wp-content\/uploads\/2019\/05\/ED6-300x167.jpg\" alt=\"\" width=\"300\" height=\"167\" srcset=\"http:\/\/tvalaire.com\/wp-content\/uploads\/2019\/05\/ED6-300x167.jpg 300w, http:\/\/tvalaire.com\/wp-content\/uploads\/2019\/05\/ED6-768x427.jpg 768w, http:\/\/tvalaire.com\/wp-content\/uploads\/2019\/05\/ED6-1024x570.jpg 1024w, http:\/\/tvalaire.com\/wp-content\/uploads\/2019\/05\/ED6.jpg 1242w\" sizes=\"(max-width: 300px) 100vw, 300px\" \/><\/p>\n<p><img loading=\"lazy\" decoding=\"async\" class=\"alignnone size-medium wp-image-5143\" src=\"http:\/\/tvalaire.com\/wp-content\/uploads\/2019\/05\/ED5-300x169.jpg\" alt=\"\" width=\"300\" height=\"169\" srcset=\"http:\/\/tvalaire.com\/wp-content\/uploads\/2019\/05\/ED5-300x169.jpg 300w, http:\/\/tvalaire.com\/wp-content\/uploads\/2019\/05\/ED5-768x432.jpg 768w, http:\/\/tvalaire.com\/wp-content\/uploads\/2019\/05\/ED5-1024x576.jpg 1024w, http:\/\/tvalaire.com\/wp-content\/uploads\/2019\/05\/ED5.jpg 1280w\" sizes=\"(max-width: 300px) 100vw, 300px\" \/><\/p>\n<p><img loading=\"lazy\" decoding=\"async\" class=\"alignnone size-medium wp-image-5142\" src=\"http:\/\/tvalaire.com\/wp-content\/uploads\/2019\/05\/ED4-300x261.jpg\" alt=\"\" width=\"300\" height=\"261\" srcset=\"http:\/\/tvalaire.com\/wp-content\/uploads\/2019\/05\/ED4-300x261.jpg 300w, http:\/\/tvalaire.com\/wp-content\/uploads\/2019\/05\/ED4-768x668.jpg 768w, http:\/\/tvalaire.com\/wp-content\/uploads\/2019\/05\/ED4-1024x891.jpg 1024w, http:\/\/tvalaire.com\/wp-content\/uploads\/2019\/05\/ED4.jpg 1103w\" sizes=\"(max-width: 300px) 100vw, 300px\" \/><\/p>\n<p><img loading=\"lazy\" decoding=\"async\" class=\"alignnone size-medium wp-image-5141\" src=\"http:\/\/tvalaire.com\/wp-content\/uploads\/2019\/05\/ED3-300x225.jpg\" alt=\"\" width=\"300\" height=\"225\" srcset=\"http:\/\/tvalaire.com\/wp-content\/uploads\/2019\/05\/ED3-300x225.jpg 300w, http:\/\/tvalaire.com\/wp-content\/uploads\/2019\/05\/ED3-768x576.jpg 768w, http:\/\/tvalaire.com\/wp-content\/uploads\/2019\/05\/ED3-1024x768.jpg 1024w, http:\/\/tvalaire.com\/wp-content\/uploads\/2019\/05\/ED3.jpg 1280w\" sizes=\"(max-width: 300px) 100vw, 300px\" \/><\/p>\n<p><img loading=\"lazy\" decoding=\"async\" class=\"alignnone size-medium wp-image-5140\" src=\"http:\/\/tvalaire.com\/wp-content\/uploads\/2019\/05\/ED2-300x225.jpg\" alt=\"\" width=\"300\" height=\"225\" srcset=\"http:\/\/tvalaire.com\/wp-content\/uploads\/2019\/05\/ED2-300x225.jpg 300w, http:\/\/tvalaire.com\/wp-content\/uploads\/2019\/05\/ED2-768x576.jpg 768w, http:\/\/tvalaire.com\/wp-content\/uploads\/2019\/05\/ED2-1024x768.jpg 1024w, http:\/\/tvalaire.com\/wp-content\/uploads\/2019\/05\/ED2.jpg 1280w\" sizes=\"(max-width: 300px) 100vw, 300px\" \/><\/p>\n<p>&nbsp;<\/p>\n<p>&nbsp;<\/p>\n","protected":false},"excerpt":{"rendered":"<p>Gobierno Municipal de Ecuandureo lleva a cabo de manera exitosa, la \u201cPRIMERA EXPO VOCACIONAL ECUANDUREO&#8230;<\/p>\n","protected":false},"author":1,"featured_media":5139,"comment_status":"open","ping_status":"open","sticky":false,"template":"","format":"standard","meta":{"jetpack_post_was_ever_published":false,"_jetpack_newsletter_access":"","_jetpack_dont_email_post_to_subs":false,"_jetpack_newsletter_tier_id":0,"_jetpack_memberships_contains_paywalled_content":false,"_jetpack_memberships_contains_paid_content":false,"footnotes":"","jetpack_publicize_message":"","jetpack_publicize_feature_enabled":true,"jetpack_social_post_already_shared":false,"jetpack_social_options":{"image_generator_settings":{"template":"highway","enabled":false},"version":2}},"categories":[45],"tags":[46,36],"class_list":["post-5138","post","type-post","status-publish","format-standard","has-post-thumbnail","hentry","category-ecuandureo","tag-ecuandureo","tag-principales"],"jetpack_publicize_connections":[],"jetpack_sharing_enabled":true,"featured_image_urls":{"full":["http:\/\/tvalaire.com\/wp-content\/uploads\/2019\/05\/ED1.jpg",1280,960,false],"thumbnail":["http:\/\/tvalaire.com\/wp-content\/uploads\/2019\/05\/ED1-150x150.jpg",150,150,true],"medium":["http:\/\/tvalaire.com\/wp-content\/uploads\/2019\/05\/ED1-300x225.jpg",300,225,true],"medium_large":["http:\/\/tvalaire.com\/wp-content\/uploads\/2019\/05\/ED1-768x576.jpg",640,480,true],"large":["http:\/\/tvalaire.com\/wp-content\/uploads\/2019\/05\/ED1-1024x768.jpg",640,480,true],"post-slider-thumb-size":["http:\/\/tvalaire.com\/wp-content\/uploads\/2019\/05\/ED1.jpg",253,190,false],"post-category-slider-size":["http:\/\/tvalaire.com\/wp-content\/uploads\/2019\/05\/ED1.jpg",330,248,false],"1536x1536":["http:\/\/tvalaire.com\/wp-content\/uploads\/2019\/05\/ED1.jpg",1280,960,false],"2048x2048":["http:\/\/tvalaire.com\/wp-content\/uploads\/2019\/05\/ED1.jpg",1280,960,false],"newsium-slider-full":["http:\/\/tvalaire.com\/wp-content\/uploads\/2019\/05\/ED1.jpg",1127,845,false],"newsium-featured":["http:\/\/tvalaire.com\/wp-content\/uploads\/2019\/05\/ED1.jpg",1024,768,false],"newsium-medium":["http:\/\/tvalaire.com\/wp-content\/uploads\/2019\/05\/ED1.jpg",633,475,false]},"author_info":{"info":["tvalairenoti"]},"category_info":"<a href=\"http:\/\/tvalaire.com\/?cat=45\" rel=\"category\">Ecuandureo<\/a>","tag_info":"Ecuandureo","comment_count":"0","jetpack_featured_media_url":"http:\/\/tvalaire.com\/wp-content\/uploads\/2019\/05\/ED1.jpg","_links":{"self":[{"href":"http:\/\/tvalaire.com\/index.php?rest_route=\/wp\/v2\/posts\/5138"}],"collection":[{"href":"http:\/\/tvalaire.com\/index.php?rest_route=\/wp\/v2\/posts"}],"about":[{"href":"http:\/\/tvalaire.com\/index.php?rest_route=\/wp\/v2\/types\/post"}],"author":[{"embeddable":true,"href":"http:\/\/tvalaire.com\/index.php?rest_route=\/wp\/v2\/users\/1"}],"replies":[{"embeddable":true,"href":"http:\/\/tvalaire.com\/index.php?rest_route=%2Fwp%2Fv2%2Fcomments&post=5138"}],"version-history":[{"count":1,"href":"http:\/\/tvalaire.com\/index.php?rest_route=\/wp\/v2\/posts\/5138\/revisions"}],"predecessor-version":[{"id":5145,"href":"http:\/\/tvalaire.com\/index.php?rest_route=\/wp\/v2\/posts\/5138\/revisions\/5145"}],"wp:featuredmedia":[{"embeddable":true,"href":"http:\/\/tvalaire.com\/index.php?rest_route=\/wp\/v2\/media\/5139"}],"wp:attachment":[{"href":"http:\/\/tvalaire.com\/index.php?rest_route=%2Fwp%2Fv2%2Fmedia&parent=5138"}],"wp:term":[{"taxonomy":"category","embeddable":true,"href":"http:\/\/tvalaire.com\/index.php?rest_route=%2Fwp%2Fv2%2Fcategories&post=5138"},{"taxonomy":"post_tag","embeddable":true,"href":"http:\/\/tvalaire.com\/index.php?rest_route=%2Fwp%2Fv2%2Ftags&post=5138"}],"curies":[{"name":"wp","href":"https:\/\/api.w.org\/{rel}","templated":true}]}}