{"id":5127,"date":"2019-05-16T11:14:07","date_gmt":"2019-05-16T16:14:07","guid":{"rendered":"http:\/\/tvalaire.com\/?p=5127"},"modified":"2019-05-16T11:14:07","modified_gmt":"2019-05-16T16:14:07","slug":"primer-expo-vocacional-ecuandureo-2019","status":"publish","type":"post","link":"http:\/\/tvalaire.com\/?p=5127","title":{"rendered":"PRIMER EXPO VOCACIONAL ECUANDUREO 2019"},"content":{"rendered":"<p>El Ayuntamiento de Ecuandureo realizar\u00e1\u00a0 la \u201cPRIMERA EXPO VOCACIONAL ECUANDUREO 2019 \u201c,\u00a0 cuyo objetivo principal es llevar a todos los j\u00f3venes del municipio la oferta educativa de nivel medio superior y superior de la regi\u00f3n, convocando a todas las Casas de Estudios de nivel Universitario, Bachillerato, T\u00e9cnicos,\u00a0 Artes y laboral.<\/p>\n<p>La cita es el pr\u00f3ximo 20 de mayo,\u00a0 en la plaza frontal de la Presidencia Municipal de Ecuandureo, donde se instalaran los puestos donde personal docente y estudiantes orienten a los j\u00f3venes y padres de familia, sobre las carreras que ofrecen, el nicho del mercado laboral donde aplicar\u00edan a futuro el conocimiento profesional adquirido.\u00a0\u00a0\u00a0\u00a0\u00a0\u00a0\u00a0\u00a0\u00a0\u00a0\u00a0\u00a0\u00a0\u00a0\u00a0\u00a0\u00a0\u00a0\u00a0\u00a0\u00a0\u00a0\u00a0\u00a0\u00a0\u00a0\u00a0\u00a0\u00a0 Cada centro laboral se\u00f1alar\u00e1\u00a0\u00a0 las asignaturas, metodolog\u00edas educativas, las plantillas de personal docente, adem\u00e1s de sus instalaciones y sedes, ofreciendo as\u00ed elementos para poder escoger a los educandos en base\u00a0 a sus habilidades, aptitudes y necesidades particulares. Los organizadores del evento ser\u00e1n los integrantes de la Direcci\u00f3n de Comunicaci\u00f3n social y relaciones p\u00fablicas.<\/p>\n<p>\u201cEs la primera vez que tenemos un evento as\u00ed en nuestro municipio, sin duda ser\u00e1 un evento que incentivar\u00e1 a los j\u00f3venes\u00a0 a seguir estudiando y conocer la oferta acad\u00e9mica regional, tener un panorama para as\u00ed poder tomar decisiones sobre su futuro bajo la selecci\u00f3n de una adecuada oferta educativa que disminuya la deserci\u00f3n escolar\u201d mencion\u00f3 Alejandro Avi\u00f1a director de comunicaci\u00f3n Social y relaciones publicas.<\/p>\n<p>El Presidente Municipal, Dr. J. Jes\u00fas Infante Ayala\u00a0 se\u00f1alo \u201cuna de las grandes preocupaciones de mi gobierno es apoyar a los padres de familia en la educaci\u00f3n de sus hijos, el poder brindar alternativas para su crecimiento personal, muchos ecuandurenses tuvimos que salir de nuestros hogares para poder estudiar alguna carrera, bajo un duro esfuerzo por parte de nuestros padres, en mi caso personal en la Facultad de Medicina de la Universidad Michoacana de San Nicol\u00e1s de Hidalgo, en la ciudad de Morelia, otros salen a otras ciudades como: la Ciudad de M\u00e9xico, Guadalajara o Le\u00f3n, las generaciones resientes de profesionistas migraron a Zamora o La Piedad y hoy con este evento acercamos varias opciones a los j\u00f3venes para dise\u00f1ar un futuro, con esta primera expo vocacional\u201d.<\/p>\n<p>M\u00e1s de 10 instituciones de la regi\u00f3n han confirmado entre ellas: UNIVA, UNIVER, UVAQ, Instituto Gastron\u00f3mico de Zamora, ICEP, entre otras.<\/p>\n<p>&nbsp;<\/p>\n<p><img loading=\"lazy\" decoding=\"async\" class=\"alignnone size-medium wp-image-5128\" src=\"http:\/\/tvalaire.com\/wp-content\/uploads\/2019\/05\/estu-300x153.jpg\" alt=\"\" width=\"300\" height=\"153\" srcset=\"http:\/\/tvalaire.com\/wp-content\/uploads\/2019\/05\/estu-300x153.jpg 300w, http:\/\/tvalaire.com\/wp-content\/uploads\/2019\/05\/estu-768x391.jpg 768w, http:\/\/tvalaire.com\/wp-content\/uploads\/2019\/05\/estu.jpg 995w\" sizes=\"(max-width: 300px) 100vw, 300px\" \/><\/p>\n","protected":false},"excerpt":{"rendered":"<p>El Ayuntamiento de Ecuandureo realizar\u00e1\u00a0 la \u201cPRIMERA EXPO VOCACIONAL ECUANDUREO 2019 \u201c,\u00a0 cuyo objetivo principal&#8230;<\/p>\n","protected":false},"author":1,"featured_media":5129,"comment_status":"open","ping_status":"open","sticky":false,"template":"","format":"standard","meta":{"jetpack_post_was_ever_published":false,"_jetpack_newsletter_access":"","_jetpack_dont_email_post_to_subs":false,"_jetpack_newsletter_tier_id":0,"_jetpack_memberships_contains_paywalled_content":false,"_jetpack_memberships_contains_paid_content":false,"footnotes":"","jetpack_publicize_message":"","jetpack_publicize_feature_enabled":true,"jetpack_social_post_already_shared":false,"jetpack_social_options":{"image_generator_settings":{"template":"highway","enabled":false},"version":2}},"categories":[45],"tags":[46,37,36],"class_list":["post-5127","post","type-post","status-publish","format-standard","has-post-thumbnail","hentry","category-ecuandureo","tag-ecuandureo","tag-estado","tag-principales"],"jetpack_publicize_connections":[],"jetpack_sharing_enabled":true,"featured_image_urls":{"full":["http:\/\/tvalaire.com\/wp-content\/uploads\/2019\/05\/logoexpovoca.jpg",1673,732,false],"thumbnail":["http:\/\/tvalaire.com\/wp-content\/uploads\/2019\/05\/logoexpovoca-150x150.jpg",150,150,true],"medium":["http:\/\/tvalaire.com\/wp-content\/uploads\/2019\/05\/logoexpovoca-300x131.jpg",300,131,true],"medium_large":["http:\/\/tvalaire.com\/wp-content\/uploads\/2019\/05\/logoexpovoca-768x336.jpg",640,280,true],"large":["http:\/\/tvalaire.com\/wp-content\/uploads\/2019\/05\/logoexpovoca-1024x448.jpg",640,280,true],"post-slider-thumb-size":["http:\/\/tvalaire.com\/wp-content\/uploads\/2019\/05\/logoexpovoca.jpg",330,144,false],"post-category-slider-size":["http:\/\/tvalaire.com\/wp-content\/uploads\/2019\/05\/logoexpovoca.jpg",330,144,false],"1536x1536":["http:\/\/tvalaire.com\/wp-content\/uploads\/2019\/05\/logoexpovoca.jpg",1536,672,false],"2048x2048":["http:\/\/tvalaire.com\/wp-content\/uploads\/2019\/05\/logoexpovoca.jpg",1673,732,false],"newsium-slider-full":["http:\/\/tvalaire.com\/wp-content\/uploads\/2019\/05\/logoexpovoca.jpg",1280,560,false],"newsium-featured":["http:\/\/tvalaire.com\/wp-content\/uploads\/2019\/05\/logoexpovoca.jpg",1024,448,false],"newsium-medium":["http:\/\/tvalaire.com\/wp-content\/uploads\/2019\/05\/logoexpovoca.jpg",720,315,false]},"author_info":{"info":["tvalairenoti"]},"category_info":"<a href=\"http:\/\/tvalaire.com\/?cat=45\" rel=\"category\">Ecuandureo<\/a>","tag_info":"Ecuandureo","comment_count":"0","jetpack_featured_media_url":"http:\/\/tvalaire.com\/wp-content\/uploads\/2019\/05\/logoexpovoca.jpg","_links":{"self":[{"href":"http:\/\/tvalaire.com\/index.php?rest_route=\/wp\/v2\/posts\/5127"}],"collection":[{"href":"http:\/\/tvalaire.com\/index.php?rest_route=\/wp\/v2\/posts"}],"about":[{"href":"http:\/\/tvalaire.com\/index.php?rest_route=\/wp\/v2\/types\/post"}],"author":[{"embeddable":true,"href":"http:\/\/tvalaire.com\/index.php?rest_route=\/wp\/v2\/users\/1"}],"replies":[{"embeddable":true,"href":"http:\/\/tvalaire.com\/index.php?rest_route=%2Fwp%2Fv2%2Fcomments&post=5127"}],"version-history":[{"count":1,"href":"http:\/\/tvalaire.com\/index.php?rest_route=\/wp\/v2\/posts\/5127\/revisions"}],"predecessor-version":[{"id":5130,"href":"http:\/\/tvalaire.com\/index.php?rest_route=\/wp\/v2\/posts\/5127\/revisions\/5130"}],"wp:featuredmedia":[{"embeddable":true,"href":"http:\/\/tvalaire.com\/index.php?rest_route=\/wp\/v2\/media\/5129"}],"wp:attachment":[{"href":"http:\/\/tvalaire.com\/index.php?rest_route=%2Fwp%2Fv2%2Fmedia&parent=5127"}],"wp:term":[{"taxonomy":"category","embeddable":true,"href":"http:\/\/tvalaire.com\/index.php?rest_route=%2Fwp%2Fv2%2Fcategories&post=5127"},{"taxonomy":"post_tag","embeddable":true,"href":"http:\/\/tvalaire.com\/index.php?rest_route=%2Fwp%2Fv2%2Ftags&post=5127"}],"curies":[{"name":"wp","href":"https:\/\/api.w.org\/{rel}","templated":true}]}}