{"id":4993,"date":"2019-03-06T11:13:31","date_gmt":"2019-03-06T17:13:31","guid":{"rendered":"http:\/\/tvalaire.com\/?p=4993"},"modified":"2019-03-06T11:13:31","modified_gmt":"2019-03-06T17:13:31","slug":"alumnos-de-preescolar-realizan-desfile-del-carnaval-en-puruandiro","status":"publish","type":"post","link":"http:\/\/tvalaire.com\/?p=4993","title":{"rendered":"ALUMNOS DE PREESCOLAR REALIZAN DESFILE DEL CARNAVAL EN PURUANDIRO"},"content":{"rendered":"<p>&nbsp;<\/p>\n<p>Instituciones de nivel preescolar de la cabecera municipal participaron en el tradicional desfile de carnaval que se celebra cada a\u00f1o partiendo del jard\u00edn principal.<\/p>\n<p>Este evento tuvo la intervenci\u00f3n de las autoridades municipales encabezadas por la presidente municipal, Belinda Iturbide D\u00edaz para garantizar que la organizaci\u00f3n del recorrido contara con la seguridad de los participantes.<\/p>\n<p>Este a\u00f1o se cont\u00f3 con la presencia de alumnos de 16 planteles de nivel preescolar del municipio, quienes acompa\u00f1ados por bandas de viento y toritos de petate recorrieron la tradicional ruta del desfile portando llamativos disfraces.<\/p>\n<p>Con esto contin\u00faan las actividades para fomentar eventos que permitan la sana convivencia entre las familias puruandirenses.<\/p>\n<p>&nbsp;<\/p>\n<p><img loading=\"lazy\" decoding=\"async\" class=\"alignnone size-medium wp-image-4998\" src=\"http:\/\/tvalaire.com\/wp-content\/uploads\/2019\/03\/thumbnail_WhatsApp-Image-2019-03-05-at-11.33.40-AM-1-300x200.jpg\" alt=\"\" width=\"300\" height=\"200\" srcset=\"http:\/\/tvalaire.com\/wp-content\/uploads\/2019\/03\/thumbnail_WhatsApp-Image-2019-03-05-at-11.33.40-AM-1-300x200.jpg 300w, http:\/\/tvalaire.com\/wp-content\/uploads\/2019\/03\/thumbnail_WhatsApp-Image-2019-03-05-at-11.33.40-AM-1-768x512.jpg 768w, http:\/\/tvalaire.com\/wp-content\/uploads\/2019\/03\/thumbnail_WhatsApp-Image-2019-03-05-at-11.33.40-AM-1-1024x682.jpg 1024w, http:\/\/tvalaire.com\/wp-content\/uploads\/2019\/03\/thumbnail_WhatsApp-Image-2019-03-05-at-11.33.40-AM-1.jpg 1280w\" sizes=\"(max-width: 300px) 100vw, 300px\" \/><\/p>\n<p><img loading=\"lazy\" decoding=\"async\" class=\"alignnone size-medium wp-image-4999\" src=\"http:\/\/tvalaire.com\/wp-content\/uploads\/2019\/03\/thumbnail_WhatsApp-Image-2019-03-05-at-11.33.01-AM-1-1-300x200.jpg\" alt=\"\" width=\"300\" height=\"200\" srcset=\"http:\/\/tvalaire.com\/wp-content\/uploads\/2019\/03\/thumbnail_WhatsApp-Image-2019-03-05-at-11.33.01-AM-1-1-300x200.jpg 300w, http:\/\/tvalaire.com\/wp-content\/uploads\/2019\/03\/thumbnail_WhatsApp-Image-2019-03-05-at-11.33.01-AM-1-1-768x512.jpg 768w, http:\/\/tvalaire.com\/wp-content\/uploads\/2019\/03\/thumbnail_WhatsApp-Image-2019-03-05-at-11.33.01-AM-1-1-1024x682.jpg 1024w, http:\/\/tvalaire.com\/wp-content\/uploads\/2019\/03\/thumbnail_WhatsApp-Image-2019-03-05-at-11.33.01-AM-1-1.jpg 1280w\" sizes=\"(max-width: 300px) 100vw, 300px\" \/><\/p>\n<p><img loading=\"lazy\" decoding=\"async\" class=\"alignnone size-medium wp-image-5000\" src=\"http:\/\/tvalaire.com\/wp-content\/uploads\/2019\/03\/thumbnail_WhatsApp-Image-2019-03-05-at-11.33.01-AM-2-300x200.jpg\" alt=\"\" width=\"300\" height=\"200\" srcset=\"http:\/\/tvalaire.com\/wp-content\/uploads\/2019\/03\/thumbnail_WhatsApp-Image-2019-03-05-at-11.33.01-AM-2-300x200.jpg 300w, http:\/\/tvalaire.com\/wp-content\/uploads\/2019\/03\/thumbnail_WhatsApp-Image-2019-03-05-at-11.33.01-AM-2-768x512.jpg 768w, http:\/\/tvalaire.com\/wp-content\/uploads\/2019\/03\/thumbnail_WhatsApp-Image-2019-03-05-at-11.33.01-AM-2-1024x682.jpg 1024w, http:\/\/tvalaire.com\/wp-content\/uploads\/2019\/03\/thumbnail_WhatsApp-Image-2019-03-05-at-11.33.01-AM-2.jpg 1280w\" sizes=\"(max-width: 300px) 100vw, 300px\" \/><\/p>\n","protected":false},"excerpt":{"rendered":"<p>&nbsp; Instituciones de nivel preescolar de la cabecera municipal participaron en el tradicional desfile de&#8230;<\/p>\n","protected":false},"author":1,"featured_media":4996,"comment_status":"open","ping_status":"open","sticky":false,"template":"","format":"standard","meta":{"jetpack_post_was_ever_published":false,"_jetpack_newsletter_access":"","_jetpack_dont_email_post_to_subs":false,"_jetpack_newsletter_tier_id":0,"_jetpack_memberships_contains_paywalled_content":false,"_jetpack_memberships_contains_paid_content":false,"footnotes":"","jetpack_publicize_message":"","jetpack_publicize_feature_enabled":true,"jetpack_social_post_already_shared":false,"jetpack_social_options":{"image_generator_settings":{"template":"highway","enabled":false},"version":2}},"categories":[4],"tags":[36,24],"class_list":["post-4993","post","type-post","status-publish","format-standard","has-post-thumbnail","hentry","category-puruandiro","tag-principales","tag-puruandiro"],"jetpack_publicize_connections":[],"jetpack_sharing_enabled":true,"featured_image_urls":{"full":["http:\/\/tvalaire.com\/wp-content\/uploads\/2019\/03\/thumbnail_WhatsApp-Image-2019-03-05-at-11.33.31-AM.jpg",853,1280,false],"thumbnail":["http:\/\/tvalaire.com\/wp-content\/uploads\/2019\/03\/thumbnail_WhatsApp-Image-2019-03-05-at-11.33.31-AM-150x150.jpg",150,150,true],"medium":["http:\/\/tvalaire.com\/wp-content\/uploads\/2019\/03\/thumbnail_WhatsApp-Image-2019-03-05-at-11.33.31-AM-200x300.jpg",200,300,true],"medium_large":["http:\/\/tvalaire.com\/wp-content\/uploads\/2019\/03\/thumbnail_WhatsApp-Image-2019-03-05-at-11.33.31-AM-768x1152.jpg",640,960,true],"large":["http:\/\/tvalaire.com\/wp-content\/uploads\/2019\/03\/thumbnail_WhatsApp-Image-2019-03-05-at-11.33.31-AM-682x1024.jpg",640,961,true],"post-slider-thumb-size":["http:\/\/tvalaire.com\/wp-content\/uploads\/2019\/03\/thumbnail_WhatsApp-Image-2019-03-05-at-11.33.31-AM.jpg",127,190,false],"post-category-slider-size":["http:\/\/tvalaire.com\/wp-content\/uploads\/2019\/03\/thumbnail_WhatsApp-Image-2019-03-05-at-11.33.31-AM.jpg",233,350,false],"1536x1536":["http:\/\/tvalaire.com\/wp-content\/uploads\/2019\/03\/thumbnail_WhatsApp-Image-2019-03-05-at-11.33.31-AM.jpg",853,1280,false],"2048x2048":["http:\/\/tvalaire.com\/wp-content\/uploads\/2019\/03\/thumbnail_WhatsApp-Image-2019-03-05-at-11.33.31-AM.jpg",853,1280,false],"newsium-slider-full":["http:\/\/tvalaire.com\/wp-content\/uploads\/2019\/03\/thumbnail_WhatsApp-Image-2019-03-05-at-11.33.31-AM.jpg",563,845,false],"newsium-featured":["http:\/\/tvalaire.com\/wp-content\/uploads\/2019\/03\/thumbnail_WhatsApp-Image-2019-03-05-at-11.33.31-AM.jpg",853,1280,false],"newsium-medium":["http:\/\/tvalaire.com\/wp-content\/uploads\/2019\/03\/thumbnail_WhatsApp-Image-2019-03-05-at-11.33.31-AM.jpg",317,475,false]},"author_info":{"info":["tvalairenoti"]},"category_info":"<a href=\"http:\/\/tvalaire.com\/?cat=4\" rel=\"category\">Puru\u00e1ndiro<\/a>","tag_info":"Puru\u00e1ndiro","comment_count":"0","jetpack_featured_media_url":"http:\/\/tvalaire.com\/wp-content\/uploads\/2019\/03\/thumbnail_WhatsApp-Image-2019-03-05-at-11.33.31-AM.jpg","_links":{"self":[{"href":"http:\/\/tvalaire.com\/index.php?rest_route=\/wp\/v2\/posts\/4993"}],"collection":[{"href":"http:\/\/tvalaire.com\/index.php?rest_route=\/wp\/v2\/posts"}],"about":[{"href":"http:\/\/tvalaire.com\/index.php?rest_route=\/wp\/v2\/types\/post"}],"author":[{"embeddable":true,"href":"http:\/\/tvalaire.com\/index.php?rest_route=\/wp\/v2\/users\/1"}],"replies":[{"embeddable":true,"href":"http:\/\/tvalaire.com\/index.php?rest_route=%2Fwp%2Fv2%2Fcomments&post=4993"}],"version-history":[{"count":1,"href":"http:\/\/tvalaire.com\/index.php?rest_route=\/wp\/v2\/posts\/4993\/revisions"}],"predecessor-version":[{"id":5002,"href":"http:\/\/tvalaire.com\/index.php?rest_route=\/wp\/v2\/posts\/4993\/revisions\/5002"}],"wp:featuredmedia":[{"embeddable":true,"href":"http:\/\/tvalaire.com\/index.php?rest_route=\/wp\/v2\/media\/4996"}],"wp:attachment":[{"href":"http:\/\/tvalaire.com\/index.php?rest_route=%2Fwp%2Fv2%2Fmedia&parent=4993"}],"wp:term":[{"taxonomy":"category","embeddable":true,"href":"http:\/\/tvalaire.com\/index.php?rest_route=%2Fwp%2Fv2%2Fcategories&post=4993"},{"taxonomy":"post_tag","embeddable":true,"href":"http:\/\/tvalaire.com\/index.php?rest_route=%2Fwp%2Fv2%2Ftags&post=4993"}],"curies":[{"name":"wp","href":"https:\/\/api.w.org\/{rel}","templated":true}]}}