{"id":4973,"date":"2019-01-03T11:47:56","date_gmt":"2019-01-03T17:47:56","guid":{"rendered":"http:\/\/tvalaire.com\/?p=4973"},"modified":"2019-01-21T11:48:40","modified_gmt":"2019-01-21T17:48:40","slug":"alistan-festival-de-reyes-magos-en-plaza-principal","status":"publish","type":"post","link":"http:\/\/tvalaire.com\/?p=4973","title":{"rendered":"ALISTAN FESTIVAL DE REYES MAGOS EN PLAZA PRINCIPAL"},"content":{"rendered":"<p>&nbsp;<\/p>\n<ul>\n<li><b>Esperan asistencia de 5 mil piedadenses en plaza principal<\/b><\/li>\n<\/ul>\n<ul>\n<li>Habr\u00e1 tradicional Rosca de Reyes Magos y Lucha Libre<\/li>\n<\/ul>\n<p>&nbsp;<\/p>\n<p><span style=\"font-weight: 400;\">A trav\u00e9s del Sistema Municipal para el Desarrollo Integral de la Familia (DIF), el Gobierno Municipal alista el Festival de Reyes Magos, que incluir\u00e1 la entrega de m\u00e1s de 2 mil juguetes y un espect\u00e1culo de Lucha Libre.<\/span><\/p>\n<p><span style=\"font-weight: 400;\">La directora del DIF La Piedad, Brenda Orozco Torres, afirm\u00f3 que este evento est\u00e1 programado para el domingo 6 de enero en el Jard\u00edn Principal, mismo que contempla iniciar en punto de las 10:00 de la ma\u00f1ana.<\/span><\/p>\n<p><span style=\"font-weight: 400;\">El primer evento est\u00e1 programado para hacer la entrega de m\u00e1s de 2 mil juguetes a todos los ni\u00f1os que desean un regalo de Reyes Magos a trav\u00e9s del DIF La Piedad. Tambi\u00e9n se contar\u00e1 con la presencia del payasito \u201cTiliches\u201d, la cantante local Clara Morales y el espect\u00e1culo de \u201cClown\u201d de C\u00e9sar Rodr\u00edguez.<\/span><\/p>\n<p><span style=\"font-weight: 400;\">El objetivo de este evento es conjuntar a las familias piedadenses en el Centro Hist\u00f3rico, a la par de promover la cultura tradicional en estas fiestas de inicio de a\u00f1o.<\/span><\/p>\n<p><span style=\"font-weight: 400;\">Tambi\u00e9n, el DIF en colaboraci\u00f3n con la Direcci\u00f3n de Deportes y Recreaci\u00f3n tendr\u00e1n un espect\u00e1culo de Lucha Libre a partir de las 6:00 de la tarde, que contar\u00e1 con la presencia de \u201cGuerrero Universal\u201d, \u201cAmorphis\u201d, entre otros.<\/span><\/p>\n<p><span style=\"font-weight: 400;\">Ser\u00e1 a las 8:00 de la noche cuando nuestro presidente municipal, Alex Espinoza, har\u00e1 el corte de la tradicional Rosca de Reyes Magos, misma que es elaborada por la Escuela Gastron\u00f3mica de La Piedad.<\/span><\/p>\n<p><span style=\"font-weight: 400;\">Para la elaboraci\u00f3n de la rosca, que se contempla sea para un aproximado de 2 mil personas, se utilizar\u00e1n 70 kilogramos de harina y 24 litros de leche, misma que ser\u00e1 para un aproximado de m\u00e1s de 2 mil personas.<\/span><\/p>\n","protected":false},"excerpt":{"rendered":"<p>&nbsp; Esperan asistencia de 5 mil piedadenses en plaza principal Habr\u00e1 tradicional Rosca de Reyes&#8230;<\/p>\n","protected":false},"author":1,"featured_media":4974,"comment_status":"open","ping_status":"open","sticky":false,"template":"","format":"standard","meta":{"jetpack_post_was_ever_published":false,"_jetpack_newsletter_access":"","_jetpack_dont_email_post_to_subs":false,"_jetpack_newsletter_tier_id":0,"_jetpack_memberships_contains_paywalled_content":false,"_jetpack_memberships_contains_paid_content":false,"footnotes":"","jetpack_publicize_message":"","jetpack_publicize_feature_enabled":true,"jetpack_social_post_already_shared":false,"jetpack_social_options":{"image_generator_settings":{"template":"highway","enabled":false},"version":2}},"categories":[1],"tags":[15,36],"class_list":["post-4973","post","type-post","status-publish","format-standard","has-post-thumbnail","hentry","category-la-piedad","tag-la-piedad","tag-principales"],"jetpack_publicize_connections":[],"jetpack_sharing_enabled":true,"featured_image_urls":{"full":["http:\/\/tvalaire.com\/wp-content\/uploads\/2019\/01\/002-3.jpg",4608,3072,false],"thumbnail":["http:\/\/tvalaire.com\/wp-content\/uploads\/2019\/01\/002-3-150x150.jpg",150,150,true],"medium":["http:\/\/tvalaire.com\/wp-content\/uploads\/2019\/01\/002-3-300x200.jpg",300,200,true],"medium_large":["http:\/\/tvalaire.com\/wp-content\/uploads\/2019\/01\/002-3-768x512.jpg",640,427,true],"large":["http:\/\/tvalaire.com\/wp-content\/uploads\/2019\/01\/002-3-1024x683.jpg",640,427,true],"post-slider-thumb-size":["http:\/\/tvalaire.com\/wp-content\/uploads\/2019\/01\/002-3.jpg",285,190,false],"post-category-slider-size":["http:\/\/tvalaire.com\/wp-content\/uploads\/2019\/01\/002-3.jpg",330,220,false],"1536x1536":["http:\/\/tvalaire.com\/wp-content\/uploads\/2019\/01\/002-3.jpg",1536,1024,false],"2048x2048":["http:\/\/tvalaire.com\/wp-content\/uploads\/2019\/01\/002-3.jpg",2048,1365,false],"newsium-slider-full":["http:\/\/tvalaire.com\/wp-content\/uploads\/2019\/01\/002-3.jpg",1268,845,false],"newsium-featured":["http:\/\/tvalaire.com\/wp-content\/uploads\/2019\/01\/002-3.jpg",1024,683,false],"newsium-medium":["http:\/\/tvalaire.com\/wp-content\/uploads\/2019\/01\/002-3.jpg",713,475,false]},"author_info":{"info":["tvalairenoti"]},"category_info":"<a href=\"http:\/\/tvalaire.com\/?cat=1\" rel=\"category\">La Piedad<\/a>","tag_info":"La Piedad","comment_count":"0","jetpack_featured_media_url":"http:\/\/tvalaire.com\/wp-content\/uploads\/2019\/01\/002-3.jpg","_links":{"self":[{"href":"http:\/\/tvalaire.com\/index.php?rest_route=\/wp\/v2\/posts\/4973"}],"collection":[{"href":"http:\/\/tvalaire.com\/index.php?rest_route=\/wp\/v2\/posts"}],"about":[{"href":"http:\/\/tvalaire.com\/index.php?rest_route=\/wp\/v2\/types\/post"}],"author":[{"embeddable":true,"href":"http:\/\/tvalaire.com\/index.php?rest_route=\/wp\/v2\/users\/1"}],"replies":[{"embeddable":true,"href":"http:\/\/tvalaire.com\/index.php?rest_route=%2Fwp%2Fv2%2Fcomments&post=4973"}],"version-history":[{"count":1,"href":"http:\/\/tvalaire.com\/index.php?rest_route=\/wp\/v2\/posts\/4973\/revisions"}],"predecessor-version":[{"id":4975,"href":"http:\/\/tvalaire.com\/index.php?rest_route=\/wp\/v2\/posts\/4973\/revisions\/4975"}],"wp:featuredmedia":[{"embeddable":true,"href":"http:\/\/tvalaire.com\/index.php?rest_route=\/wp\/v2\/media\/4974"}],"wp:attachment":[{"href":"http:\/\/tvalaire.com\/index.php?rest_route=%2Fwp%2Fv2%2Fmedia&parent=4973"}],"wp:term":[{"taxonomy":"category","embeddable":true,"href":"http:\/\/tvalaire.com\/index.php?rest_route=%2Fwp%2Fv2%2Fcategories&post=4973"},{"taxonomy":"post_tag","embeddable":true,"href":"http:\/\/tvalaire.com\/index.php?rest_route=%2Fwp%2Fv2%2Ftags&post=4973"}],"curies":[{"name":"wp","href":"https:\/\/api.w.org\/{rel}","templated":true}]}}