{"id":4949,"date":"2019-01-07T11:40:03","date_gmt":"2019-01-07T17:40:03","guid":{"rendered":"http:\/\/tvalaire.com\/?p=4949"},"modified":"2019-01-21T11:40:55","modified_gmt":"2019-01-21T17:40:55","slug":"entrega-alex-espinoza-dos-nuevas-patrullas-policiacas","status":"publish","type":"post","link":"http:\/\/tvalaire.com\/?p=4949","title":{"rendered":"ENTREGA ALEX ESPINOZA DOS NUEVAS PATRULLAS POLICIACAS"},"content":{"rendered":"<p>&nbsp;<\/p>\n<ul>\n<li><b>La Piedad es de los nueve municipios que obtiene apoyo en el Estado <\/b><\/li>\n<\/ul>\n<ul>\n<li>Son recursos que forman parte del FORTASEG<\/li>\n<\/ul>\n<p>&nbsp;<\/p>\n<p><span style=\"font-weight: 400;\">Con la intenci\u00f3n que el cuerpo policiaco de la ciudad cuente con el equipo y las herramientas para realizar las labores de proximidad social en favor de la poblaci\u00f3n, el presidente de La Piedad, Alex Espinoza, hizo entrega de dos veh\u00edculos a representantes de Seguridad P\u00fablica. <\/span><\/p>\n<p><span style=\"font-weight: 400;\">Las nuevas unidades tipo pick-up de doble cabina que est\u00e1n equipadas con las caracter\u00edsticas necesarias para funcionar como patrulla, forman parte de los recursos del Programa de Fortalecimiento para la Seguridad (FORTASEG).<\/span><\/p>\n<p><span style=\"font-weight: 400;\">La inversi\u00f3n hecha en la compra y equipamiento de las dos patrullas fue un total de 1 mill\u00f3n 430 mil pesos.<\/span><\/p>\n<p><span style=\"font-weight: 400;\">Para este a\u00f1o el Presidente Municipal realiz\u00f3 las gestiones pertinentes para que el municipio nuevamente sea considerado dentro del Presupuesto de Egresos de la Federaci\u00f3n a trav\u00e9s del FORTASEG.<\/span><\/p>\n<p><span style=\"font-weight: 400;\">\u201cEn materia de seguridad se ha cumplido con las reglas de operaci\u00f3n en este rubro por lo que esperamos respuesta favorable de poder obtener econom\u00edas las cuales destinaremos a la capacitaci\u00f3n de nuestros oficiales policiacos, as\u00ed como al equipamiento necesario de la dependencia de Seguridad P\u00fablica\u201d dijo el mun\u00edcipe. <\/span><\/p>\n<p><span style=\"font-weight: 400;\">Coment\u00f3 tambi\u00e9n que afortunadamente se tiene la capacidad de operaci\u00f3n en seguridad y las caracter\u00edsticas del municipio son las aptas en base a las reglas de operaci\u00f3n por lo que se espera que La Piedad sea parte de los nueve municipios en el Estado que logra obtener recursos de dicha partida presupuestaria. \u00a0<\/span><\/p>\n","protected":false},"excerpt":{"rendered":"<p>&nbsp; La Piedad es de los nueve municipios que obtiene apoyo en el Estado Son&#8230;<\/p>\n","protected":false},"author":1,"featured_media":4950,"comment_status":"open","ping_status":"open","sticky":false,"template":"","format":"standard","meta":{"jetpack_post_was_ever_published":false,"_jetpack_newsletter_access":"","_jetpack_dont_email_post_to_subs":false,"_jetpack_newsletter_tier_id":0,"_jetpack_memberships_contains_paywalled_content":false,"_jetpack_memberships_contains_paid_content":false,"footnotes":"","jetpack_publicize_message":"","jetpack_publicize_feature_enabled":true,"jetpack_social_post_already_shared":false,"jetpack_social_options":{"image_generator_settings":{"template":"highway","enabled":false},"version":2}},"categories":[1],"tags":[15,36],"class_list":["post-4949","post","type-post","status-publish","format-standard","has-post-thumbnail","hentry","category-la-piedad","tag-la-piedad","tag-principales"],"jetpack_publicize_connections":[],"jetpack_sharing_enabled":true,"featured_image_urls":{"full":["http:\/\/tvalaire.com\/wp-content\/uploads\/2019\/01\/01-20.jpeg",1280,854,false],"thumbnail":["http:\/\/tvalaire.com\/wp-content\/uploads\/2019\/01\/01-20-150x150.jpeg",150,150,true],"medium":["http:\/\/tvalaire.com\/wp-content\/uploads\/2019\/01\/01-20-300x200.jpeg",300,200,true],"medium_large":["http:\/\/tvalaire.com\/wp-content\/uploads\/2019\/01\/01-20-768x512.jpeg",640,427,true],"large":["http:\/\/tvalaire.com\/wp-content\/uploads\/2019\/01\/01-20-1024x683.jpeg",640,427,true],"post-slider-thumb-size":["http:\/\/tvalaire.com\/wp-content\/uploads\/2019\/01\/01-20.jpeg",285,190,false],"post-category-slider-size":["http:\/\/tvalaire.com\/wp-content\/uploads\/2019\/01\/01-20.jpeg",330,220,false],"1536x1536":["http:\/\/tvalaire.com\/wp-content\/uploads\/2019\/01\/01-20.jpeg",1280,854,false],"2048x2048":["http:\/\/tvalaire.com\/wp-content\/uploads\/2019\/01\/01-20.jpeg",1280,854,false],"newsium-slider-full":["http:\/\/tvalaire.com\/wp-content\/uploads\/2019\/01\/01-20.jpeg",1267,845,false],"newsium-featured":["http:\/\/tvalaire.com\/wp-content\/uploads\/2019\/01\/01-20.jpeg",1024,683,false],"newsium-medium":["http:\/\/tvalaire.com\/wp-content\/uploads\/2019\/01\/01-20.jpeg",712,475,false]},"author_info":{"info":["tvalairenoti"]},"category_info":"<a href=\"http:\/\/tvalaire.com\/?cat=1\" rel=\"category\">La Piedad<\/a>","tag_info":"La Piedad","comment_count":"0","jetpack_featured_media_url":"http:\/\/tvalaire.com\/wp-content\/uploads\/2019\/01\/01-20.jpeg","_links":{"self":[{"href":"http:\/\/tvalaire.com\/index.php?rest_route=\/wp\/v2\/posts\/4949"}],"collection":[{"href":"http:\/\/tvalaire.com\/index.php?rest_route=\/wp\/v2\/posts"}],"about":[{"href":"http:\/\/tvalaire.com\/index.php?rest_route=\/wp\/v2\/types\/post"}],"author":[{"embeddable":true,"href":"http:\/\/tvalaire.com\/index.php?rest_route=\/wp\/v2\/users\/1"}],"replies":[{"embeddable":true,"href":"http:\/\/tvalaire.com\/index.php?rest_route=%2Fwp%2Fv2%2Fcomments&post=4949"}],"version-history":[{"count":1,"href":"http:\/\/tvalaire.com\/index.php?rest_route=\/wp\/v2\/posts\/4949\/revisions"}],"predecessor-version":[{"id":4951,"href":"http:\/\/tvalaire.com\/index.php?rest_route=\/wp\/v2\/posts\/4949\/revisions\/4951"}],"wp:featuredmedia":[{"embeddable":true,"href":"http:\/\/tvalaire.com\/index.php?rest_route=\/wp\/v2\/media\/4950"}],"wp:attachment":[{"href":"http:\/\/tvalaire.com\/index.php?rest_route=%2Fwp%2Fv2%2Fmedia&parent=4949"}],"wp:term":[{"taxonomy":"category","embeddable":true,"href":"http:\/\/tvalaire.com\/index.php?rest_route=%2Fwp%2Fv2%2Fcategories&post=4949"},{"taxonomy":"post_tag","embeddable":true,"href":"http:\/\/tvalaire.com\/index.php?rest_route=%2Fwp%2Fv2%2Ftags&post=4949"}],"curies":[{"name":"wp","href":"https:\/\/api.w.org\/{rel}","templated":true}]}}