{"id":4933,"date":"2019-01-09T11:33:31","date_gmt":"2019-01-09T17:33:31","guid":{"rendered":"http:\/\/tvalaire.com\/?p=4933"},"modified":"2019-01-21T11:34:25","modified_gmt":"2019-01-21T17:34:25","slug":"cierra-el-proceso-de-recepcion-de-solicitudes-para-el-programa-mejora-tu-vivienda","status":"publish","type":"post","link":"http:\/\/tvalaire.com\/?p=4933","title":{"rendered":"CIERRA EL PROCESO DE RECEPCI\u00d3N DE SOLICITUDES PARA EL PROGRAMA MEJORA TU VIVIENDA"},"content":{"rendered":"<p>&nbsp;<\/p>\n<ul>\n<li><b>La modalidad en esta ocasi\u00f3n fue para Termosolares<\/b><\/li>\n<\/ul>\n<ul>\n<li>Recibieron 340 solicitudes; sigue ahora la revisi\u00f3n de domicilios<\/li>\n<\/ul>\n<p>&nbsp;<\/p>\n<p>&nbsp;<\/p>\n<p><span style=\"font-weight: 400;\">Esta tarde, la direcci\u00f3n de Desarrollo Social cerr\u00f3 el proceso de recepci\u00f3n de solicitudes del programa \u201cMejora tu vivienda 2019\u201d en la modalidad Termosolares, con un total de 340 peticiones tanto del medio urbano como rural.<\/span><\/p>\n<p><span style=\"font-weight: 400;\">Al respecto, el director de Desarrollo Social, C\u00e9sar Oceguera Estrada, inform\u00f3 que la respuesta de la poblaci\u00f3n fue buena, pues durante estos tres d\u00edas fueron bastantes las familias que pudieron acercarse a realizar el tr\u00e1mite correspondiente.<\/span><\/p>\n<p><span style=\"font-weight: 400;\">Indic\u00f3 que a partir del jueves 10 continuar\u00e1n con la siguiente etapa del programa que incluye ahora la revisi\u00f3n de domicilios de los solicitantes, con la finalidad de verificar que las familias re\u00fanan los requisitos que establece el mismo, as\u00ed comenzar con la captura de datos para integrar cada uno de los expedientes.<\/span><\/p>\n<p><span style=\"font-weight: 400;\">El funcionario municipal, resalt\u00f3 que es de inter\u00e9s de nuestro alcalde Alex Espinoza ampliar los recursos y otorgarlos a la poblaci\u00f3n que m\u00e1s lo necesite, es por ello que el trabajo que contin\u00faa ser\u00e1 importante para determinar a qui\u00e9nes podr\u00e1 asignarse este recurso.<\/span><\/p>\n<p><span style=\"font-weight: 400;\">Cabe destacar que el termosolar estar\u00e1 subsidiado por el gobierno municipal y federal, para beneficiar a la poblaci\u00f3n piedadenses y contribuir con ello a un ahorro en el gasto para las familias.<\/span><\/p>\n","protected":false},"excerpt":{"rendered":"<p>&nbsp; La modalidad en esta ocasi\u00f3n fue para Termosolares Recibieron 340 solicitudes; sigue ahora la&#8230;<\/p>\n","protected":false},"author":1,"featured_media":4934,"comment_status":"open","ping_status":"open","sticky":false,"template":"","format":"standard","meta":{"jetpack_post_was_ever_published":false,"_jetpack_newsletter_access":"","_jetpack_dont_email_post_to_subs":false,"_jetpack_newsletter_tier_id":0,"_jetpack_memberships_contains_paywalled_content":false,"_jetpack_memberships_contains_paid_content":false,"footnotes":"","jetpack_publicize_message":"","jetpack_publicize_feature_enabled":true,"jetpack_social_post_already_shared":false,"jetpack_social_options":{"image_generator_settings":{"template":"highway","enabled":false},"version":2}},"categories":[1],"tags":[15,36],"class_list":["post-4933","post","type-post","status-publish","format-standard","has-post-thumbnail","hentry","category-la-piedad","tag-la-piedad","tag-principales"],"jetpack_publicize_connections":[],"jetpack_sharing_enabled":true,"featured_image_urls":{"full":["http:\/\/tvalaire.com\/wp-content\/uploads\/2019\/01\/01-18.jpeg",1280,854,false],"thumbnail":["http:\/\/tvalaire.com\/wp-content\/uploads\/2019\/01\/01-18-150x150.jpeg",150,150,true],"medium":["http:\/\/tvalaire.com\/wp-content\/uploads\/2019\/01\/01-18-300x200.jpeg",300,200,true],"medium_large":["http:\/\/tvalaire.com\/wp-content\/uploads\/2019\/01\/01-18-768x512.jpeg",640,427,true],"large":["http:\/\/tvalaire.com\/wp-content\/uploads\/2019\/01\/01-18-1024x683.jpeg",640,427,true],"post-slider-thumb-size":["http:\/\/tvalaire.com\/wp-content\/uploads\/2019\/01\/01-18.jpeg",285,190,false],"post-category-slider-size":["http:\/\/tvalaire.com\/wp-content\/uploads\/2019\/01\/01-18.jpeg",330,220,false],"1536x1536":["http:\/\/tvalaire.com\/wp-content\/uploads\/2019\/01\/01-18.jpeg",1280,854,false],"2048x2048":["http:\/\/tvalaire.com\/wp-content\/uploads\/2019\/01\/01-18.jpeg",1280,854,false],"newsium-slider-full":["http:\/\/tvalaire.com\/wp-content\/uploads\/2019\/01\/01-18.jpeg",1267,845,false],"newsium-featured":["http:\/\/tvalaire.com\/wp-content\/uploads\/2019\/01\/01-18.jpeg",1024,683,false],"newsium-medium":["http:\/\/tvalaire.com\/wp-content\/uploads\/2019\/01\/01-18.jpeg",712,475,false]},"author_info":{"info":["tvalairenoti"]},"category_info":"<a href=\"http:\/\/tvalaire.com\/?cat=1\" rel=\"category\">La Piedad<\/a>","tag_info":"La Piedad","comment_count":"0","jetpack_featured_media_url":"http:\/\/tvalaire.com\/wp-content\/uploads\/2019\/01\/01-18.jpeg","_links":{"self":[{"href":"http:\/\/tvalaire.com\/index.php?rest_route=\/wp\/v2\/posts\/4933"}],"collection":[{"href":"http:\/\/tvalaire.com\/index.php?rest_route=\/wp\/v2\/posts"}],"about":[{"href":"http:\/\/tvalaire.com\/index.php?rest_route=\/wp\/v2\/types\/post"}],"author":[{"embeddable":true,"href":"http:\/\/tvalaire.com\/index.php?rest_route=\/wp\/v2\/users\/1"}],"replies":[{"embeddable":true,"href":"http:\/\/tvalaire.com\/index.php?rest_route=%2Fwp%2Fv2%2Fcomments&post=4933"}],"version-history":[{"count":1,"href":"http:\/\/tvalaire.com\/index.php?rest_route=\/wp\/v2\/posts\/4933\/revisions"}],"predecessor-version":[{"id":4935,"href":"http:\/\/tvalaire.com\/index.php?rest_route=\/wp\/v2\/posts\/4933\/revisions\/4935"}],"wp:featuredmedia":[{"embeddable":true,"href":"http:\/\/tvalaire.com\/index.php?rest_route=\/wp\/v2\/media\/4934"}],"wp:attachment":[{"href":"http:\/\/tvalaire.com\/index.php?rest_route=%2Fwp%2Fv2%2Fmedia&parent=4933"}],"wp:term":[{"taxonomy":"category","embeddable":true,"href":"http:\/\/tvalaire.com\/index.php?rest_route=%2Fwp%2Fv2%2Fcategories&post=4933"},{"taxonomy":"post_tag","embeddable":true,"href":"http:\/\/tvalaire.com\/index.php?rest_route=%2Fwp%2Fv2%2Ftags&post=4933"}],"curies":[{"name":"wp","href":"https:\/\/api.w.org\/{rel}","templated":true}]}}