{"id":4921,"date":"2019-01-10T11:26:24","date_gmt":"2019-01-10T17:26:24","guid":{"rendered":"http:\/\/tvalaire.com\/?p=4921"},"modified":"2019-01-21T11:28:39","modified_gmt":"2019-01-21T17:28:39","slug":"palomas-mensajeras-tienen-fecha-de-salida","status":"publish","type":"post","link":"http:\/\/tvalaire.com\/?p=4921","title":{"rendered":"PALOMAS MENSAJERAS TIENEN FECHA DE SALIDA"},"content":{"rendered":"<p>&nbsp;<\/p>\n<ul>\n<li><b>La visita a sus familiares se tiene programada del 7 al 21 de febrero<\/b><\/li>\n<\/ul>\n<ul>\n<li>Los recibir\u00e1n con un evento especial en Los \u00c1ngeles California<\/li>\n<\/ul>\n<p>&nbsp;<\/p>\n<p>&nbsp;<\/p>\n<p><span style=\"font-weight: 400;\">Personal directivo de Vinculaci\u00f3n Internacional y los beneficiarios del programa \u201cPalomas mensajeras\u201d, determinaron ya la fecha de salida a Estados Unidos concretamente a Los \u00c1ngeles California y la salida se program\u00f3 para el pr\u00f3ximo d\u00eda 7 de febrero.<\/span><\/p>\n<p><span style=\"font-weight: 400;\">La fecha fue confirmada por la directora de Vinculaci\u00f3n Internacional, Priscila Fern\u00e1ndez Molina, luego de la reuni\u00f3n que sostuvo con los integrantes de este primer grupo de \u201cPalomas mensajeras\u201d que el gobierno encabezado por Alex Espinoza, apoy\u00f3 desde el primer momento.<\/span><\/p>\n<p><span style=\"font-weight: 400;\">Fern\u00e1ndez Molina, inform\u00f3 que la salida ser\u00e1 el 7 de febrero y el regreso ser\u00e1 el 21 de ese mismo mes.<\/span><\/p>\n<p><span style=\"font-weight: 400;\">Mencion\u00f3 que \u00e9ste ser\u00e1 el grupo m\u00e1s numeroso que viajar\u00e1 desde La Piedad con destino a Estados Unidos de Norteam\u00e9rica, ya que est\u00e1 conformado por 72 personas, todos adultos mayores quienes acogidos con el programa estatal \u201cPalomas mensajeras\u201d obtuvieron una visa humanitaria para poder viajar a reencontrarse con sus esposos, hijos, hermanos o familiares cercanos quienes, por su condici\u00f3n migratoria, tienen en algunos casos, m\u00e1s de 20 a\u00f1os sin verse.<\/span><\/p>\n<p><span style=\"font-weight: 400;\">Por tanto; este programa busca reunir a las familias piedadenses en un evento de bienvenida que se tiene programado el 7 de febrero en Los \u00c1ngeles de donde, cada uno de los que viajan se ir\u00e1n a casas de sus conocidos para reintegrarse de nuevo a La Piedad el 21 de febrero de este mismo a\u00f1o.<\/span><\/p>\n<p><span style=\"font-weight: 400;\">Priscila Fern\u00e1ndez indic\u00f3, que a pesar de que ya est\u00e1 concretado este grupo, la direcci\u00f3n contin\u00faa recibiendo solicitudes de adultos mayores que quieran reencontrarse con sus familias a trav\u00e9s de este programa.<\/span><\/p>\n<p><span style=\"font-weight: 400;\">Los interesados, deben acudir a la direcci\u00f3n de Vinculaci\u00f3n Internacional que se ubica en la calle Vicente Guerrero n\u00famero 130 en la colonia centro, en horario de oficina, ya que uno de los compromisos de nuestro alcalde Alex Espinoza es continuar con este programa para beneficiar al mayor n\u00famero de personas.<\/span><\/p>\n","protected":false},"excerpt":{"rendered":"<p>&nbsp; La visita a sus familiares se tiene programada del 7 al 21 de febrero&#8230;<\/p>\n","protected":false},"author":1,"featured_media":4922,"comment_status":"open","ping_status":"open","sticky":false,"template":"","format":"standard","meta":{"jetpack_post_was_ever_published":false,"_jetpack_newsletter_access":"","_jetpack_dont_email_post_to_subs":false,"_jetpack_newsletter_tier_id":0,"_jetpack_memberships_contains_paywalled_content":false,"_jetpack_memberships_contains_paid_content":false,"footnotes":"","jetpack_publicize_message":"","jetpack_publicize_feature_enabled":true,"jetpack_social_post_already_shared":false,"jetpack_social_options":{"image_generator_settings":{"template":"highway","enabled":false},"version":2}},"categories":[1],"tags":[15,36],"class_list":["post-4921","post","type-post","status-publish","format-standard","has-post-thumbnail","hentry","category-la-piedad","tag-la-piedad","tag-principales"],"jetpack_publicize_connections":[],"jetpack_sharing_enabled":true,"featured_image_urls":{"full":["http:\/\/tvalaire.com\/wp-content\/uploads\/2019\/01\/01-10-1.jpg",4496,3000,false],"thumbnail":["http:\/\/tvalaire.com\/wp-content\/uploads\/2019\/01\/01-10-1-150x150.jpg",150,150,true],"medium":["http:\/\/tvalaire.com\/wp-content\/uploads\/2019\/01\/01-10-1-300x200.jpg",300,200,true],"medium_large":["http:\/\/tvalaire.com\/wp-content\/uploads\/2019\/01\/01-10-1-768x512.jpg",640,427,true],"large":["http:\/\/tvalaire.com\/wp-content\/uploads\/2019\/01\/01-10-1-1024x683.jpg",640,427,true],"post-slider-thumb-size":["http:\/\/tvalaire.com\/wp-content\/uploads\/2019\/01\/01-10-1.jpg",285,190,false],"post-category-slider-size":["http:\/\/tvalaire.com\/wp-content\/uploads\/2019\/01\/01-10-1.jpg",330,220,false],"1536x1536":["http:\/\/tvalaire.com\/wp-content\/uploads\/2019\/01\/01-10-1.jpg",1536,1025,false],"2048x2048":["http:\/\/tvalaire.com\/wp-content\/uploads\/2019\/01\/01-10-1.jpg",2048,1367,false],"newsium-slider-full":["http:\/\/tvalaire.com\/wp-content\/uploads\/2019\/01\/01-10-1.jpg",1266,845,false],"newsium-featured":["http:\/\/tvalaire.com\/wp-content\/uploads\/2019\/01\/01-10-1.jpg",1024,683,false],"newsium-medium":["http:\/\/tvalaire.com\/wp-content\/uploads\/2019\/01\/01-10-1.jpg",712,475,false]},"author_info":{"info":["tvalairenoti"]},"category_info":"<a href=\"http:\/\/tvalaire.com\/?cat=1\" rel=\"category\">La Piedad<\/a>","tag_info":"La Piedad","comment_count":"0","jetpack_featured_media_url":"http:\/\/tvalaire.com\/wp-content\/uploads\/2019\/01\/01-10-1.jpg","_links":{"self":[{"href":"http:\/\/tvalaire.com\/index.php?rest_route=\/wp\/v2\/posts\/4921"}],"collection":[{"href":"http:\/\/tvalaire.com\/index.php?rest_route=\/wp\/v2\/posts"}],"about":[{"href":"http:\/\/tvalaire.com\/index.php?rest_route=\/wp\/v2\/types\/post"}],"author":[{"embeddable":true,"href":"http:\/\/tvalaire.com\/index.php?rest_route=\/wp\/v2\/users\/1"}],"replies":[{"embeddable":true,"href":"http:\/\/tvalaire.com\/index.php?rest_route=%2Fwp%2Fv2%2Fcomments&post=4921"}],"version-history":[{"count":1,"href":"http:\/\/tvalaire.com\/index.php?rest_route=\/wp\/v2\/posts\/4921\/revisions"}],"predecessor-version":[{"id":4923,"href":"http:\/\/tvalaire.com\/index.php?rest_route=\/wp\/v2\/posts\/4921\/revisions\/4923"}],"wp:featuredmedia":[{"embeddable":true,"href":"http:\/\/tvalaire.com\/index.php?rest_route=\/wp\/v2\/media\/4922"}],"wp:attachment":[{"href":"http:\/\/tvalaire.com\/index.php?rest_route=%2Fwp%2Fv2%2Fmedia&parent=4921"}],"wp:term":[{"taxonomy":"category","embeddable":true,"href":"http:\/\/tvalaire.com\/index.php?rest_route=%2Fwp%2Fv2%2Fcategories&post=4921"},{"taxonomy":"post_tag","embeddable":true,"href":"http:\/\/tvalaire.com\/index.php?rest_route=%2Fwp%2Fv2%2Ftags&post=4921"}],"curies":[{"name":"wp","href":"https:\/\/api.w.org\/{rel}","templated":true}]}}