{"id":4918,"date":"2019-01-10T11:25:16","date_gmt":"2019-01-10T17:25:16","guid":{"rendered":"http:\/\/tvalaire.com\/?p=4918"},"modified":"2019-01-21T11:26:18","modified_gmt":"2019-01-21T17:26:18","slug":"se-mejoran-vialidades-en-comunidad-de-rio-grande","status":"publish","type":"post","link":"http:\/\/tvalaire.com\/?p=4918","title":{"rendered":"SE MEJORAN VIALIDADES EN COMUNIDAD DE R\u00cdO GRANDE"},"content":{"rendered":"<p>&nbsp;<\/p>\n<ul>\n<li><b>Nuestro alcalde Alex Espinoza, supervis\u00f3 los trabajos realizados por Obras P\u00fablicas<\/b><\/li>\n<\/ul>\n<ul>\n<li>En algunos casos se hizo nivelaci\u00f3n y compactaci\u00f3n en base de gravilla o tezontle<\/li>\n<\/ul>\n<p>&nbsp;<\/p>\n<p><span style=\"font-weight: 400;\">El presidente municipal, Alex Espinoza y el director de Obras P\u00fablicas, Aurelio Melchor supervisaron 11 calles de la comunidad de R\u00edo Grande, las cuales fueron recientemente rehabilitadas, debido a que por las lluvias se encontraban en muy malas condiciones de circulaci\u00f3n.<\/span><\/p>\n<p><span style=\"font-weight: 400;\">Los trabajos realizados consistieron en la escarificaci\u00f3n de la calle para su posterior re nivelaci\u00f3n y compactaci\u00f3n del material, en las cuales se utilizaron maquinarias tales como: moto conformadora, vibro compactadora, retro excavadora y pipas de agua que fueron aportadas por el Gobierno Municipal que preside Alex Espinoza.<\/span><\/p>\n<p><span style=\"font-weight: 400;\">Nuestro Alcalde y el director de Obras P\u00fablicas, acudieron s\u00f3lo a una de las 11 calles rehabilitadas, las cuales ya se encuentran en condiciones para su circulaci\u00f3n. <\/span><\/p>\n<p><span style=\"font-weight: 400;\">Las calles rehabilitadas y que ya se encuentran en condiciones para su circulaci\u00f3n son: Ni\u00f1os H\u00e9roes, Jos\u00e9 Garc\u00eda del R\u00edo, Narciso Mendoza, \u00c1lvaro Obreg\u00f3n, Sor Juana In\u00e9s de la Cruz, Constituci\u00f3n, callej\u00f3n Constituci\u00f3n, Privada Narciso Mendoza, Francisco Villa, L\u00e1zaro C\u00e1rdenas, Privada Ni\u00f1os H\u00e9roes, en algunas con gravilla y tezontle. \u00a0<\/span><\/p>\n<p><span style=\"font-weight: 400;\">Durante el recorrido, vecinos beneficiados con estas obras, agradecieron a nuestro Alcalde el apoyo recibido a la pronta atenci\u00f3n de una de sus principales demandas, pues R\u00edo Grande es una de las comunidades que cuentan con una gran movilidad por la producci\u00f3n de hortalizas que aqu\u00ed se generan.<\/span><\/p>\n","protected":false},"excerpt":{"rendered":"<p>&nbsp; Nuestro alcalde Alex Espinoza, supervis\u00f3 los trabajos realizados por Obras P\u00fablicas En algunos casos&#8230;<\/p>\n","protected":false},"author":1,"featured_media":4919,"comment_status":"open","ping_status":"open","sticky":false,"template":"","format":"standard","meta":{"jetpack_post_was_ever_published":false,"_jetpack_newsletter_access":"","_jetpack_dont_email_post_to_subs":false,"_jetpack_newsletter_tier_id":0,"_jetpack_memberships_contains_paywalled_content":false,"_jetpack_memberships_contains_paid_content":false,"footnotes":"","jetpack_publicize_message":"","jetpack_publicize_feature_enabled":true,"jetpack_social_post_already_shared":false,"jetpack_social_options":{"image_generator_settings":{"template":"highway","enabled":false},"version":2}},"categories":[1],"tags":[15],"class_list":["post-4918","post","type-post","status-publish","format-standard","has-post-thumbnail","hentry","category-la-piedad","tag-la-piedad"],"jetpack_publicize_connections":[],"jetpack_sharing_enabled":true,"featured_image_urls":{"full":["http:\/\/tvalaire.com\/wp-content\/uploads\/2019\/01\/01-14.jpeg",1280,854,false],"thumbnail":["http:\/\/tvalaire.com\/wp-content\/uploads\/2019\/01\/01-14-150x150.jpeg",150,150,true],"medium":["http:\/\/tvalaire.com\/wp-content\/uploads\/2019\/01\/01-14-300x200.jpeg",300,200,true],"medium_large":["http:\/\/tvalaire.com\/wp-content\/uploads\/2019\/01\/01-14-768x512.jpeg",640,427,true],"large":["http:\/\/tvalaire.com\/wp-content\/uploads\/2019\/01\/01-14-1024x683.jpeg",640,427,true],"post-slider-thumb-size":["http:\/\/tvalaire.com\/wp-content\/uploads\/2019\/01\/01-14.jpeg",285,190,false],"post-category-slider-size":["http:\/\/tvalaire.com\/wp-content\/uploads\/2019\/01\/01-14.jpeg",330,220,false],"1536x1536":["http:\/\/tvalaire.com\/wp-content\/uploads\/2019\/01\/01-14.jpeg",1280,854,false],"2048x2048":["http:\/\/tvalaire.com\/wp-content\/uploads\/2019\/01\/01-14.jpeg",1280,854,false],"newsium-slider-full":["http:\/\/tvalaire.com\/wp-content\/uploads\/2019\/01\/01-14.jpeg",1267,845,false],"newsium-featured":["http:\/\/tvalaire.com\/wp-content\/uploads\/2019\/01\/01-14.jpeg",1024,683,false],"newsium-medium":["http:\/\/tvalaire.com\/wp-content\/uploads\/2019\/01\/01-14.jpeg",712,475,false]},"author_info":{"info":["tvalairenoti"]},"category_info":"<a href=\"http:\/\/tvalaire.com\/?cat=1\" rel=\"category\">La Piedad<\/a>","tag_info":"La Piedad","comment_count":"0","jetpack_featured_media_url":"http:\/\/tvalaire.com\/wp-content\/uploads\/2019\/01\/01-14.jpeg","_links":{"self":[{"href":"http:\/\/tvalaire.com\/index.php?rest_route=\/wp\/v2\/posts\/4918"}],"collection":[{"href":"http:\/\/tvalaire.com\/index.php?rest_route=\/wp\/v2\/posts"}],"about":[{"href":"http:\/\/tvalaire.com\/index.php?rest_route=\/wp\/v2\/types\/post"}],"author":[{"embeddable":true,"href":"http:\/\/tvalaire.com\/index.php?rest_route=\/wp\/v2\/users\/1"}],"replies":[{"embeddable":true,"href":"http:\/\/tvalaire.com\/index.php?rest_route=%2Fwp%2Fv2%2Fcomments&post=4918"}],"version-history":[{"count":1,"href":"http:\/\/tvalaire.com\/index.php?rest_route=\/wp\/v2\/posts\/4918\/revisions"}],"predecessor-version":[{"id":4920,"href":"http:\/\/tvalaire.com\/index.php?rest_route=\/wp\/v2\/posts\/4918\/revisions\/4920"}],"wp:featuredmedia":[{"embeddable":true,"href":"http:\/\/tvalaire.com\/index.php?rest_route=\/wp\/v2\/media\/4919"}],"wp:attachment":[{"href":"http:\/\/tvalaire.com\/index.php?rest_route=%2Fwp%2Fv2%2Fmedia&parent=4918"}],"wp:term":[{"taxonomy":"category","embeddable":true,"href":"http:\/\/tvalaire.com\/index.php?rest_route=%2Fwp%2Fv2%2Fcategories&post=4918"},{"taxonomy":"post_tag","embeddable":true,"href":"http:\/\/tvalaire.com\/index.php?rest_route=%2Fwp%2Fv2%2Ftags&post=4918"}],"curies":[{"name":"wp","href":"https:\/\/api.w.org\/{rel}","templated":true}]}}