{"id":4915,"date":"2019-01-10T11:24:11","date_gmt":"2019-01-10T17:24:11","guid":{"rendered":"http:\/\/tvalaire.com\/?p=4915"},"modified":"2019-01-21T11:25:11","modified_gmt":"2019-01-21T17:25:11","slug":"inaugura-alex-espinoza-biblioteca-isidro-castillo-perez-del-algodonal","status":"publish","type":"post","link":"http:\/\/tvalaire.com\/?p=4915","title":{"rendered":"INAUGURA ALEX ESPINOZA BIBLIOTECA \u201cISIDRO CASTILLO P\u00c9REZ\u201d DEL ALGODONAL"},"content":{"rendered":"<p>&nbsp;<\/p>\n<ul>\n<li><b>Refrenda Presidente compromiso por la educaci\u00f3n y las comunidades<\/b><\/li>\n<\/ul>\n<p>&nbsp;<\/p>\n<ul>\n<li style=\"font-weight: 400;\"><b>Invit\u00f3 a estudiantes a hacer de este espacio un punto de reuni\u00f3n para el aprendizaje <\/b><\/li>\n<\/ul>\n<p><span style=\"font-weight: 400;\">El presidente municipal, Alex Espinoza, inaugur\u00f3 e hizo la apertura de la biblioteca \u201cIsidro Castillo P\u00e9rez\u201d de la comunidad del Algodonal, en donde refrendo, por un lado, su compromiso por la educaci\u00f3n y las comunidades rurales y aprovech\u00f3, para anunciar que, en breve, este espacio contar\u00e1 con servicio de Internet gratuito.<\/span><\/p>\n<p><span style=\"font-weight: 400;\">A los alumnos presentes durante el acto inaugural, pidi\u00f3 hacer de este acervo cultural un punto de reuni\u00f3n en el que se genere el aprendizaje y se promuevan otras actividades que la coordinaci\u00f3n de Bibliotecas a trav\u00e9s de la direcci\u00f3n de Educaci\u00f3n tiene previstas para este lugar.<\/span><\/p>\n<p><span style=\"font-weight: 400;\">El Presidente Municipal, en su mensaje resalt\u00f3 que acud\u00eda a esta comunidad para cumplir con uno de los compromisos, pues mientras haya m\u00e1s educaci\u00f3n y \u00e9sta se promueva, se podr\u00e1 lograr ser m\u00e1s competitivo.<\/span><\/p>\n<p><span style=\"font-weight: 400;\">Destac\u00f3 que en estos espacios \u201ces donde se sepulta la ignorancia que tanto da\u00f1o hace a los ciudadanos\u201d. Sin embargo, lament\u00f3 que se ha dejado de lado a las bibliotecas por los celulares y las computadoras, de ah\u00ed que pidiera a los asistentes hacer de este espacio un punto de reuni\u00f3n y de convivencia, en el que se aprenda y en donde los j\u00f3venes acudan en grupo a realizar sus tareas, pues es ah\u00ed donde se consolidan las verdaderas amistades y se comparten las mejores experiencias.<\/span><\/p>\n<p><span style=\"font-weight: 400;\">Anunci\u00f3 que pronto habr\u00e1 Internet gratuito, por lo que \u00e9ste ser\u00e1 una herramienta m\u00e1s para que ellos puedan prepararse mejor, ya que el municipio requiere de j\u00f3venes preparados.<\/span><\/p>\n<p><span style=\"font-weight: 400;\">Por su parte el director de Educaci\u00f3n, Horacio Mart\u00edn S\u00e1nchez Molina, se\u00f1al\u00f3 que despu\u00e9s de un largo periodo, en el que se not\u00f3 la ausencia del conocimiento en El Algodonal, el presidente Alex Espinoza retoma el proyecto y los instruye para que esto no vuelva a repetirse. <\/span><\/p>\n<p><span style=\"font-weight: 400;\">De ah\u00ed, que la apertura de este templo del saber, como \u00e9l mismo lo calific\u00f3, es un espacio que es de los habitantes del lugar; por lo que pidi\u00f3 hacer uso de \u00e9l, ya que tambi\u00e9n se incorporar\u00e1n otras dependencias como salud, deporte y cultura para generar un programa m\u00e1s amplio y de beneficio para toda la familia.<\/span><\/p>\n","protected":false},"excerpt":{"rendered":"<p>&nbsp; Refrenda Presidente compromiso por la educaci\u00f3n y las comunidades &nbsp; Invit\u00f3 a estudiantes a&#8230;<\/p>\n","protected":false},"author":1,"featured_media":4916,"comment_status":"open","ping_status":"open","sticky":false,"template":"","format":"standard","meta":{"jetpack_post_was_ever_published":false,"_jetpack_newsletter_access":"","_jetpack_dont_email_post_to_subs":false,"_jetpack_newsletter_tier_id":0,"_jetpack_memberships_contains_paywalled_content":false,"_jetpack_memberships_contains_paid_content":false,"footnotes":"","jetpack_publicize_message":"","jetpack_publicize_feature_enabled":true,"jetpack_social_post_already_shared":false,"jetpack_social_options":{"image_generator_settings":{"template":"highway","enabled":false},"version":2}},"categories":[1],"tags":[15,36],"class_list":["post-4915","post","type-post","status-publish","format-standard","has-post-thumbnail","hentry","category-la-piedad","tag-la-piedad","tag-principales"],"jetpack_publicize_connections":[],"jetpack_sharing_enabled":true,"featured_image_urls":{"full":["http:\/\/tvalaire.com\/wp-content\/uploads\/2019\/01\/01-13.jpeg",1280,854,false],"thumbnail":["http:\/\/tvalaire.com\/wp-content\/uploads\/2019\/01\/01-13-150x150.jpeg",150,150,true],"medium":["http:\/\/tvalaire.com\/wp-content\/uploads\/2019\/01\/01-13-300x200.jpeg",300,200,true],"medium_large":["http:\/\/tvalaire.com\/wp-content\/uploads\/2019\/01\/01-13-768x512.jpeg",640,427,true],"large":["http:\/\/tvalaire.com\/wp-content\/uploads\/2019\/01\/01-13-1024x683.jpeg",640,427,true],"post-slider-thumb-size":["http:\/\/tvalaire.com\/wp-content\/uploads\/2019\/01\/01-13.jpeg",285,190,false],"post-category-slider-size":["http:\/\/tvalaire.com\/wp-content\/uploads\/2019\/01\/01-13.jpeg",330,220,false],"1536x1536":["http:\/\/tvalaire.com\/wp-content\/uploads\/2019\/01\/01-13.jpeg",1280,854,false],"2048x2048":["http:\/\/tvalaire.com\/wp-content\/uploads\/2019\/01\/01-13.jpeg",1280,854,false],"newsium-slider-full":["http:\/\/tvalaire.com\/wp-content\/uploads\/2019\/01\/01-13.jpeg",1267,845,false],"newsium-featured":["http:\/\/tvalaire.com\/wp-content\/uploads\/2019\/01\/01-13.jpeg",1024,683,false],"newsium-medium":["http:\/\/tvalaire.com\/wp-content\/uploads\/2019\/01\/01-13.jpeg",712,475,false]},"author_info":{"info":["tvalairenoti"]},"category_info":"<a href=\"http:\/\/tvalaire.com\/?cat=1\" rel=\"category\">La Piedad<\/a>","tag_info":"La Piedad","comment_count":"0","jetpack_featured_media_url":"http:\/\/tvalaire.com\/wp-content\/uploads\/2019\/01\/01-13.jpeg","_links":{"self":[{"href":"http:\/\/tvalaire.com\/index.php?rest_route=\/wp\/v2\/posts\/4915"}],"collection":[{"href":"http:\/\/tvalaire.com\/index.php?rest_route=\/wp\/v2\/posts"}],"about":[{"href":"http:\/\/tvalaire.com\/index.php?rest_route=\/wp\/v2\/types\/post"}],"author":[{"embeddable":true,"href":"http:\/\/tvalaire.com\/index.php?rest_route=\/wp\/v2\/users\/1"}],"replies":[{"embeddable":true,"href":"http:\/\/tvalaire.com\/index.php?rest_route=%2Fwp%2Fv2%2Fcomments&post=4915"}],"version-history":[{"count":1,"href":"http:\/\/tvalaire.com\/index.php?rest_route=\/wp\/v2\/posts\/4915\/revisions"}],"predecessor-version":[{"id":4917,"href":"http:\/\/tvalaire.com\/index.php?rest_route=\/wp\/v2\/posts\/4915\/revisions\/4917"}],"wp:featuredmedia":[{"embeddable":true,"href":"http:\/\/tvalaire.com\/index.php?rest_route=\/wp\/v2\/media\/4916"}],"wp:attachment":[{"href":"http:\/\/tvalaire.com\/index.php?rest_route=%2Fwp%2Fv2%2Fmedia&parent=4915"}],"wp:term":[{"taxonomy":"category","embeddable":true,"href":"http:\/\/tvalaire.com\/index.php?rest_route=%2Fwp%2Fv2%2Fcategories&post=4915"},{"taxonomy":"post_tag","embeddable":true,"href":"http:\/\/tvalaire.com\/index.php?rest_route=%2Fwp%2Fv2%2Ftags&post=4915"}],"curies":[{"name":"wp","href":"https:\/\/api.w.org\/{rel}","templated":true}]}}