{"id":4900,"date":"2019-01-12T11:17:17","date_gmt":"2019-01-12T17:17:17","guid":{"rendered":"http:\/\/tvalaire.com\/?p=4900"},"modified":"2019-01-21T11:18:27","modified_gmt":"2019-01-21T17:18:27","slug":"esta-reactivada-la-patrulla-infantil-de-transito-municipal-en-la-piedad","status":"publish","type":"post","link":"http:\/\/tvalaire.com\/?p=4900","title":{"rendered":"EST\u00c1 REACTIVADA LA \u201cPATRULLA INFANTIL\u201d DE TR\u00c1NSITO MUNICIPAL EN LA PIEDAD"},"content":{"rendered":"<p>&nbsp;<\/p>\n<ul>\n<li><b>Ser\u00e1n colaboradores para concientizar y fomentar una cultura vial <\/b><\/li>\n<\/ul>\n<ul>\n<li>Los capacitaran en temas de vialidad para apoyar a la ciudadan\u00eda<\/li>\n<\/ul>\n<p>&nbsp;<\/p>\n<p><span style=\"font-weight: 400;\">Con la intenci\u00f3n de instruir a ni\u00f1os y ni\u00f1as en la educaci\u00f3n vial desde temprana edad, el presidente de La Piedad Alex Espinoza, inaugur\u00f3 la \u201cPatrulla Infantil\u201d de Tr\u00e1nsito Municipal, la cual cuenta con m\u00e1s de 20 integrantes, mismos que ser\u00e1n capacitados en temas de vialidad para posteriormente ofrecer auxilio vial en la zona centro de la ciudad. <\/span><\/p>\n<p><span style=\"font-weight: 400;\">Durante el evento que se realiz\u00f3 en el Centro Cultural Piedadense, el Presidente en su mensaje destac\u00f3 el inter\u00e9s y civismo de cada uno de los ni\u00f1os que a pesar de su corta edad acaban de asumir una importante responsabilidad con el objetivo de colaborar en la concientizaci\u00f3n del automovilista. <\/span><\/p>\n<p><span style=\"font-weight: 400;\">Ah\u00ed mismo reconoci\u00f3 y agradeci\u00f3 la confianza de los padres de familia para la corporaci\u00f3n de Tr\u00e1nsito Municipal \u201ccomo padres de familia es importe motivar a nuestros hijos en proyectos que sean educativos y que ayuden a su desarrollo, por eso nuestro reconocimiento y admiraci\u00f3n para ellos\u201d dijo el mun\u00edcipe. <\/span><\/p>\n<p><span style=\"font-weight: 400;\">Por su parte Gabriel Anguiano Maga\u00f1a, titular de la direcci\u00f3n de Tr\u00e1nsito en la ciudad dijo que los 23 ni\u00f1os y ni\u00f1as que participan del proyecto ser\u00e1n instruidos como los dem\u00e1s oficiales en diferentes temas de vialidad.<\/span><\/p>\n<p><span style=\"font-weight: 400;\">Agreg\u00f3 que dentro de las actividades que se tienen proyectadas para fomentar la cultura vial, tambi\u00e9n se tienen contempladas acciones deportivas y de primeros auxilios, as\u00ed como visitas a diferentes instituciones o corporaciones de apoyo. <\/span><\/p>\n<p><span style=\"font-weight: 400;\">Coment\u00f3 el funcionario que dentro de las acciones que en la corporaci\u00f3n se tienen planeadas y en las cuales posteriormente la \u201cPatrulla Infantil\u201d estar\u00e1 colaborando ser\u00e1 en la emisi\u00f3n de multas de cortes\u00eda, pues la intensi\u00f3n es promover una cultura vial entre los conductores. <\/span><\/p>\n","protected":false},"excerpt":{"rendered":"<p>&nbsp; Ser\u00e1n colaboradores para concientizar y fomentar una cultura vial Los capacitaran en temas de&#8230;<\/p>\n","protected":false},"author":1,"featured_media":4901,"comment_status":"open","ping_status":"open","sticky":false,"template":"","format":"standard","meta":{"jetpack_post_was_ever_published":false,"_jetpack_newsletter_access":"","_jetpack_dont_email_post_to_subs":false,"_jetpack_newsletter_tier_id":0,"_jetpack_memberships_contains_paywalled_content":false,"_jetpack_memberships_contains_paid_content":false,"footnotes":"","jetpack_publicize_message":"","jetpack_publicize_feature_enabled":true,"jetpack_social_post_already_shared":false,"jetpack_social_options":{"image_generator_settings":{"template":"highway","enabled":false},"version":2}},"categories":[1],"tags":[15,36],"class_list":["post-4900","post","type-post","status-publish","format-standard","has-post-thumbnail","hentry","category-la-piedad","tag-la-piedad","tag-principales"],"jetpack_publicize_connections":[],"jetpack_sharing_enabled":true,"featured_image_urls":{"full":["http:\/\/tvalaire.com\/wp-content\/uploads\/2019\/01\/0.jpg",180,120,false],"thumbnail":["http:\/\/tvalaire.com\/wp-content\/uploads\/2019\/01\/0-150x120.jpg",150,120,true],"medium":["http:\/\/tvalaire.com\/wp-content\/uploads\/2019\/01\/0.jpg",180,120,false],"medium_large":["http:\/\/tvalaire.com\/wp-content\/uploads\/2019\/01\/0.jpg",180,120,false],"large":["http:\/\/tvalaire.com\/wp-content\/uploads\/2019\/01\/0.jpg",180,120,false],"post-slider-thumb-size":["http:\/\/tvalaire.com\/wp-content\/uploads\/2019\/01\/0.jpg",180,120,false],"post-category-slider-size":["http:\/\/tvalaire.com\/wp-content\/uploads\/2019\/01\/0.jpg",180,120,false],"1536x1536":["http:\/\/tvalaire.com\/wp-content\/uploads\/2019\/01\/0.jpg",180,120,false],"2048x2048":["http:\/\/tvalaire.com\/wp-content\/uploads\/2019\/01\/0.jpg",180,120,false],"newsium-slider-full":["http:\/\/tvalaire.com\/wp-content\/uploads\/2019\/01\/0.jpg",180,120,false],"newsium-featured":["http:\/\/tvalaire.com\/wp-content\/uploads\/2019\/01\/0.jpg",180,120,false],"newsium-medium":["http:\/\/tvalaire.com\/wp-content\/uploads\/2019\/01\/0.jpg",180,120,false]},"author_info":{"info":["tvalairenoti"]},"category_info":"<a href=\"http:\/\/tvalaire.com\/?cat=1\" rel=\"category\">La Piedad<\/a>","tag_info":"La Piedad","comment_count":"0","jetpack_featured_media_url":"http:\/\/tvalaire.com\/wp-content\/uploads\/2019\/01\/0.jpg","_links":{"self":[{"href":"http:\/\/tvalaire.com\/index.php?rest_route=\/wp\/v2\/posts\/4900"}],"collection":[{"href":"http:\/\/tvalaire.com\/index.php?rest_route=\/wp\/v2\/posts"}],"about":[{"href":"http:\/\/tvalaire.com\/index.php?rest_route=\/wp\/v2\/types\/post"}],"author":[{"embeddable":true,"href":"http:\/\/tvalaire.com\/index.php?rest_route=\/wp\/v2\/users\/1"}],"replies":[{"embeddable":true,"href":"http:\/\/tvalaire.com\/index.php?rest_route=%2Fwp%2Fv2%2Fcomments&post=4900"}],"version-history":[{"count":1,"href":"http:\/\/tvalaire.com\/index.php?rest_route=\/wp\/v2\/posts\/4900\/revisions"}],"predecessor-version":[{"id":4902,"href":"http:\/\/tvalaire.com\/index.php?rest_route=\/wp\/v2\/posts\/4900\/revisions\/4902"}],"wp:featuredmedia":[{"embeddable":true,"href":"http:\/\/tvalaire.com\/index.php?rest_route=\/wp\/v2\/media\/4901"}],"wp:attachment":[{"href":"http:\/\/tvalaire.com\/index.php?rest_route=%2Fwp%2Fv2%2Fmedia&parent=4900"}],"wp:term":[{"taxonomy":"category","embeddable":true,"href":"http:\/\/tvalaire.com\/index.php?rest_route=%2Fwp%2Fv2%2Fcategories&post=4900"},{"taxonomy":"post_tag","embeddable":true,"href":"http:\/\/tvalaire.com\/index.php?rest_route=%2Fwp%2Fv2%2Ftags&post=4900"}],"curies":[{"name":"wp","href":"https:\/\/api.w.org\/{rel}","templated":true}]}}