{"id":490,"date":"2017-02-17T09:55:25","date_gmt":"2017-02-17T15:55:25","guid":{"rendered":"http:\/\/tvalaire.com\/?p=490"},"modified":"2017-02-17T09:55:25","modified_gmt":"2017-02-17T15:55:25","slug":"inaugura-estrada-medina-obras-por-mas-de-497-mil-pesos-en-taquiscuareo","status":"publish","type":"post","link":"http:\/\/tvalaire.com\/?p=490","title":{"rendered":"INAUGURA ESTRADA MEDINA OBRAS POR M\u00c1S DE 497 MIL PESOS EN TAQUISCUAREO"},"content":{"rendered":"<p align=\"center\">\n<p><b><span lang=\"ES\">Rehabilitaron Plaza Principal y colocaron el techo en un aula y la plaza c\u00edvica de la escuela primaria \u201cBenito Ju\u00e1rez\u201d.<\/span><\/b><\/p>\n<p><span lang=\"ES\">\u00a1Misi\u00f3n cumplida\u00a1 con esa expresi\u00f3n recibieron al Presidente Municipal, Juan Manuel Estrada Medina en la comunidad de Taquiscuareo a la que acudi\u00f3 a inaugurar dos obras y supervisar los trabajos de rehabilitaci\u00f3n de la Plaza Principal de la misma.<\/span><\/p>\n<p><span lang=\"ES\">Salvador Pimentel, habitante del lugar expuso lo anterior durante el acto que se realiz\u00f3 en la comunidad durante la entrega de dos obras entre las que se encuentra: un techado que consta de cimentaci\u00f3n, estructura con l\u00e1mina en una superficie de 490 metros cuadrados en la escuela Primaria \u201cBenito Ju\u00e1rez\u201d, as\u00ed como la rehabilitaci\u00f3n del techo de una aula en la cual se coloc\u00f3 una estructura con l\u00e1mina de asbesto y se renov\u00f3 la instalaci\u00f3n el\u00e9ctrica e hidr\u00e1ulica con la base para la colocaci\u00f3n de un tinaco y lavadero.<\/span><\/p>\n<p><span lang=\"ES\">Durante el acto inaugural, hubo varias intervenciones en las que, tanto ni\u00f1os de la escuela, y habitantes del lugar hicieron varias peticiones, una fue la del cerco del plantel para mayor protecci\u00f3n y la rehabilitaci\u00f3n del camino de acceso.<\/span><\/p>\n<p><span lang=\"ES\">De entre los oradores se encontr\u00f3, el comisariado ejidal Roberto Garc\u00eda Ayala; la tesorera de la Sociedad de Padres de Familia, Clara Mart\u00ednez y Salvador Pimentel, entre otros, quienes agradecieron el apoyo a estas obras, as\u00ed como para la rehabilitaci\u00f3n de la Plaza Principal.<\/span><\/p>\n<p><span lang=\"ES\">El Presidente Municipal, en su intervenci\u00f3n dijo que con el apoyo de todos s\u00ed se puede avanzar; expres\u00f3 que las obras que se hagan las har\u00e1n juntos, pero los logros se dar\u00edan paso a paso debido a la situaci\u00f3n econ\u00f3mica que se vive y de la cual, resalt\u00f3 que no era momento de lamentarse sino de ponerse a trabajar.<\/span><\/p>\n<p><span lang=\"ES\">Para ello, indic\u00f3 que si se necesitaba tocar puertas lo har\u00eda, as\u00ed que se mostr\u00f3 con o\u00eddos abiertos para escuchar y atender en la medida de lo posible, sus necesidades no sin antes mencionar que este a\u00f1o se autorizaron m\u00e1s de 4 millones de pesos al campo y 10.3 millones de pesos para el programa de becas, con los cuales buscan ampliar el n\u00famero de beneficiados en la poblaci\u00f3n.<\/span><\/p>\n<p><span lang=\"ES\">En cuanto a las peticiones planteadas, coment\u00f3 que pedir\u00eda al director de Obras P\u00fablicas, hacer las cotizaciones del barandal de la plaza principal, los ba\u00f1os de la iglesia, la pavimentaci\u00f3n de una calle mediante el otorgamiento de cemento y el cerco perimetral de la escuela. Una vez que cuente con los presupuestos determinar\u00eda la forma de ayuda.<\/span><\/p>\n<p><span lang=\"ES\">En la gira de trabajo, el Presidente Municipal estuvo acompa\u00f1ado de regidores y directores de varias dependencias como Obras P\u00fablicas quien fue la que ejecut\u00f3 las obras.<\/span><\/p>\n<p><span lang=\"ES\">Dentro de las obras realizadas fueron la rehabilitaci\u00f3n de aula en la primaria \u201cBenito Ju\u00e1rez\u201d. Aqu\u00ed se demoli\u00f3 el techo de concreto armado para el suministro y colocaci\u00f3n de estructura met\u00e1lica a base de monten de 6 metros.<\/span><\/p>\n<p><span lang=\"ES\">Suministro y colocaci\u00f3n de l\u00e1mina de asbesto, resuministro y colocaci\u00f3n de instalaci\u00f3n el\u00e9ctrica, pintura interior, construcci\u00f3n de base para la instalaci\u00f3n de un tinaco, construcci\u00f3n de base para un lavadero en una \u00e1rea de construcci\u00f3n de 87 metros cuadrados y una inversi\u00f3n de 40 mil pesos.<\/span><\/p>\n<p><span lang=\"ES\">Tambi\u00e9n se instal\u00f3 la techumbre de la plaza c\u00edvica que incluy\u00f3 la construcci\u00f3n de zapatas, columnas de tubo de 6 pulgadas de di\u00e1metro y 550 cent\u00edmetros de altura, 6 armaduras, l\u00e1mina galvanizada, montenes en una \u00e1rea de construcci\u00f3n de 487.50 metros cuadrados y una inversi\u00f3n de 406 mil 207 pesos.<\/span><\/p>\n<p><span lang=\"ES\">La rehabilitaci\u00f3n de la Plaza Principal en donde fue retirada la tierra existente, se construy\u00f3 un muro perimetral a base de piedra braza, suministro y colocaci\u00f3n de caminamientos a base de piedra triturada, rehabilitaci\u00f3n de la cisterna de almacenamiento de agua, reconstrucci\u00f3n de fuente de base de cantera rosa, suministro y colocaci\u00f3n de la l\u00ednea hidr\u00e1ulica y murete y MUFA para la Comisi\u00f3n Federal de Electricidad (CFE), bomba sumergible para el sistema de bombeo de fuente, tierra lama para las \u00e1reas jardinadas, pasto rollo, elementos ornamentales con base de cantera estampado, 11 luminarias, base block hueco y elementos met\u00e1licos para asiento y respaldo, pintura vin\u00edlica en el \u00e1rea perimetral.<\/span><\/p>\n<p><img loading=\"lazy\" decoding=\"async\" class=\"alignnone size-medium wp-image-492\" src=\"http:\/\/tvalaire.com\/wp-content\/uploads\/2017\/02\/1-6-1-1-300x200.jpg\" alt=\"\" width=\"300\" height=\"200\" srcset=\"http:\/\/tvalaire.com\/wp-content\/uploads\/2017\/02\/1-6-1-1-300x200.jpg 300w, http:\/\/tvalaire.com\/wp-content\/uploads\/2017\/02\/1-6-1-1-768x512.jpg 768w, http:\/\/tvalaire.com\/wp-content\/uploads\/2017\/02\/1-6-1-1.jpg 1024w\" sizes=\"(max-width: 300px) 100vw, 300px\" \/><\/p>\n<p><img loading=\"lazy\" decoding=\"async\" class=\"alignnone size-medium wp-image-491\" src=\"http:\/\/tvalaire.com\/wp-content\/uploads\/2017\/02\/1-2-1-300x200.jpg\" alt=\"\" width=\"300\" height=\"200\" srcset=\"http:\/\/tvalaire.com\/wp-content\/uploads\/2017\/02\/1-2-1-300x200.jpg 300w, http:\/\/tvalaire.com\/wp-content\/uploads\/2017\/02\/1-2-1-768x512.jpg 768w, http:\/\/tvalaire.com\/wp-content\/uploads\/2017\/02\/1-2-1.jpg 1024w\" sizes=\"(max-width: 300px) 100vw, 300px\" \/><\/p>\n","protected":false},"excerpt":{"rendered":"<p>Rehabilitaron Plaza Principal y colocaron el techo en un aula y la plaza c\u00edvica de&#8230;<\/p>\n","protected":false},"author":1,"featured_media":493,"comment_status":"open","ping_status":"open","sticky":false,"template":"","format":"standard","meta":{"jetpack_post_was_ever_published":false,"_jetpack_newsletter_access":"","_jetpack_dont_email_post_to_subs":false,"_jetpack_newsletter_tier_id":0,"_jetpack_memberships_contains_paywalled_content":false,"_jetpack_memberships_contains_paid_content":false,"footnotes":"","jetpack_publicize_message":"","jetpack_publicize_feature_enabled":true,"jetpack_social_post_already_shared":false,"jetpack_social_options":{"image_generator_settings":{"template":"highway","enabled":false},"version":2}},"categories":[1],"tags":[15,36],"class_list":["post-490","post","type-post","status-publish","format-standard","has-post-thumbnail","hentry","category-la-piedad","tag-la-piedad","tag-principales"],"jetpack_publicize_connections":[],"jetpack_sharing_enabled":true,"featured_image_urls":{"full":["http:\/\/tvalaire.com\/wp-content\/uploads\/2017\/02\/1-10.jpg",1024,683,false],"thumbnail":["http:\/\/tvalaire.com\/wp-content\/uploads\/2017\/02\/1-10-150x150.jpg",150,150,true],"medium":["http:\/\/tvalaire.com\/wp-content\/uploads\/2017\/02\/1-10-300x200.jpg",300,200,true],"medium_large":["http:\/\/tvalaire.com\/wp-content\/uploads\/2017\/02\/1-10-768x512.jpg",640,427,true],"large":["http:\/\/tvalaire.com\/wp-content\/uploads\/2017\/02\/1-10-1024x683.jpg",640,427,true],"post-slider-thumb-size":["http:\/\/tvalaire.com\/wp-content\/uploads\/2017\/02\/1-10.jpg",285,190,false],"post-category-slider-size":["http:\/\/tvalaire.com\/wp-content\/uploads\/2017\/02\/1-10.jpg",330,220,false],"1536x1536":["http:\/\/tvalaire.com\/wp-content\/uploads\/2017\/02\/1-10.jpg",1024,683,false],"2048x2048":["http:\/\/tvalaire.com\/wp-content\/uploads\/2017\/02\/1-10.jpg",1024,683,false],"newsium-slider-full":["http:\/\/tvalaire.com\/wp-content\/uploads\/2017\/02\/1-10.jpg",1024,683,false],"newsium-featured":["http:\/\/tvalaire.com\/wp-content\/uploads\/2017\/02\/1-10.jpg",1024,683,false],"newsium-medium":["http:\/\/tvalaire.com\/wp-content\/uploads\/2017\/02\/1-10.jpg",712,475,false]},"author_info":{"info":["tvalairenoti"]},"category_info":"<a href=\"http:\/\/tvalaire.com\/?cat=1\" rel=\"category\">La Piedad<\/a>","tag_info":"La Piedad","comment_count":"0","jetpack_featured_media_url":"http:\/\/tvalaire.com\/wp-content\/uploads\/2017\/02\/1-10.jpg","_links":{"self":[{"href":"http:\/\/tvalaire.com\/index.php?rest_route=\/wp\/v2\/posts\/490"}],"collection":[{"href":"http:\/\/tvalaire.com\/index.php?rest_route=\/wp\/v2\/posts"}],"about":[{"href":"http:\/\/tvalaire.com\/index.php?rest_route=\/wp\/v2\/types\/post"}],"author":[{"embeddable":true,"href":"http:\/\/tvalaire.com\/index.php?rest_route=\/wp\/v2\/users\/1"}],"replies":[{"embeddable":true,"href":"http:\/\/tvalaire.com\/index.php?rest_route=%2Fwp%2Fv2%2Fcomments&post=490"}],"version-history":[{"count":1,"href":"http:\/\/tvalaire.com\/index.php?rest_route=\/wp\/v2\/posts\/490\/revisions"}],"predecessor-version":[{"id":494,"href":"http:\/\/tvalaire.com\/index.php?rest_route=\/wp\/v2\/posts\/490\/revisions\/494"}],"wp:featuredmedia":[{"embeddable":true,"href":"http:\/\/tvalaire.com\/index.php?rest_route=\/wp\/v2\/media\/493"}],"wp:attachment":[{"href":"http:\/\/tvalaire.com\/index.php?rest_route=%2Fwp%2Fv2%2Fmedia&parent=490"}],"wp:term":[{"taxonomy":"category","embeddable":true,"href":"http:\/\/tvalaire.com\/index.php?rest_route=%2Fwp%2Fv2%2Fcategories&post=490"},{"taxonomy":"post_tag","embeddable":true,"href":"http:\/\/tvalaire.com\/index.php?rest_route=%2Fwp%2Fv2%2Ftags&post=490"}],"curies":[{"name":"wp","href":"https:\/\/api.w.org\/{rel}","templated":true}]}}