{"id":4894,"date":"2019-01-14T11:14:44","date_gmt":"2019-01-14T17:14:44","guid":{"rendered":"http:\/\/tvalaire.com\/?p=4894"},"modified":"2019-01-21T11:16:07","modified_gmt":"2019-01-21T17:16:07","slug":"por-resolverse-emplazamiento-a-huelga-en-gobierno-municipal","status":"publish","type":"post","link":"http:\/\/tvalaire.com\/?p=4894","title":{"rendered":"POR RESOLVERSE EMPLAZAMIENTO A HUELGA EN GOBIERNO MUNICIPAL"},"content":{"rendered":"<p>&nbsp;<\/p>\n<ul>\n<li><b>El principio es velar por la austeridad que prev\u00e9 aplicar el Gobierno Municipal este a\u00f1o<\/b><\/li>\n<\/ul>\n<ul>\n<li>\u00danicamente se revisa el apartado correspondiente al incremento salarial<\/li>\n<\/ul>\n<p>&nbsp;<\/p>\n<p><span style=\"font-weight: 400;\">El Gobierno Municipal que preside Alex Espinoza, lleva a cabo reuniones de trabajo con integrantes de la mesa directiva del Sindicato de Empleados Municipales (SEM), para revisar el apartado salarial del Contrato Colectivo con personal que labora en el Ayuntamiento.<\/span><\/p>\n<p><span style=\"font-weight: 400;\">En las pl\u00e1ticas interviene adem\u00e1s del Alcalde, la s\u00edndico Esther Naranjo Armend\u00e1riz; el secretario del Ayuntamiento, Samuel Hidalgo Gallardo; el oficial mayor Adri\u00e1n Jim\u00e9nez Guth, as\u00ed como el l\u00edder del Sindicato de Empleados Municipales (SEM), Ricardo Garc\u00eda C\u00e1zares e integrantes de la mesa directiva.<\/span><\/p>\n<p><span style=\"font-weight: 400;\">Samuel Hidalgo, inform\u00f3 que la relaci\u00f3n laboral con la dirigencia del sindicato de empleados municipales se realiza en muy buenos t\u00e9rminos, por lo que consider\u00f3 que el acuerdo est\u00e1 por ser concluido.<\/span><\/p>\n<p><span style=\"font-weight: 400;\">Se\u00f1al\u00f3 que el emplazamiento a huelga que hizo el Sindicato de Empleados Municipales se dio tal como lo marca la ley a fines del a\u00f1o pasado. A partir de esa fecha y hasta el momento, se han realizado varias reuniones en las cuales se analiza la propuesta que hace la parte gremial y que este a\u00f1o, \u00fanicamente corresponde a la revisi\u00f3n de la cl\u00e1usula salarial.<\/span><\/p>\n<p><span style=\"font-weight: 400;\">El objetivo de estos encuentros entre la parte sindical y patronal, es llegar a un acuerdo que beneficie a ambas partes.<\/span><\/p>\n<p><span style=\"font-weight: 400;\">En este sentido, el Secretario del Ayuntamiento anunci\u00f3 que el alcalde Alex Espinoza busca establecer un acuerdo no solo que beneficie a las dos partes, sino que se ajuste al programa de austeridad que ha aplicado desde el primer d\u00eda de su Gobierno.<\/span><\/p>\n","protected":false},"excerpt":{"rendered":"<p>&nbsp; El principio es velar por la austeridad que prev\u00e9 aplicar el Gobierno Municipal este&#8230;<\/p>\n","protected":false},"author":1,"featured_media":4895,"comment_status":"open","ping_status":"open","sticky":false,"template":"","format":"standard","meta":{"jetpack_post_was_ever_published":false,"_jetpack_newsletter_access":"","_jetpack_dont_email_post_to_subs":false,"_jetpack_newsletter_tier_id":0,"_jetpack_memberships_contains_paywalled_content":false,"_jetpack_memberships_contains_paid_content":false,"footnotes":"","jetpack_publicize_message":"","jetpack_publicize_feature_enabled":true,"jetpack_social_post_already_shared":false,"jetpack_social_options":{"image_generator_settings":{"template":"highway","enabled":false},"version":2}},"categories":[1],"tags":[15,36],"class_list":["post-4894","post","type-post","status-publish","format-standard","has-post-thumbnail","hentry","category-la-piedad","tag-la-piedad","tag-principales"],"jetpack_publicize_connections":[],"jetpack_sharing_enabled":true,"featured_image_urls":{"full":["http:\/\/tvalaire.com\/wp-content\/uploads\/2019\/01\/01-9.jpeg",1280,720,false],"thumbnail":["http:\/\/tvalaire.com\/wp-content\/uploads\/2019\/01\/01-9-150x150.jpeg",150,150,true],"medium":["http:\/\/tvalaire.com\/wp-content\/uploads\/2019\/01\/01-9-300x169.jpeg",300,169,true],"medium_large":["http:\/\/tvalaire.com\/wp-content\/uploads\/2019\/01\/01-9-768x432.jpeg",640,360,true],"large":["http:\/\/tvalaire.com\/wp-content\/uploads\/2019\/01\/01-9-1024x576.jpeg",640,360,true],"post-slider-thumb-size":["http:\/\/tvalaire.com\/wp-content\/uploads\/2019\/01\/01-9.jpeg",330,186,false],"post-category-slider-size":["http:\/\/tvalaire.com\/wp-content\/uploads\/2019\/01\/01-9.jpeg",330,186,false],"1536x1536":["http:\/\/tvalaire.com\/wp-content\/uploads\/2019\/01\/01-9.jpeg",1280,720,false],"2048x2048":["http:\/\/tvalaire.com\/wp-content\/uploads\/2019\/01\/01-9.jpeg",1280,720,false],"newsium-slider-full":["http:\/\/tvalaire.com\/wp-content\/uploads\/2019\/01\/01-9.jpeg",1280,720,false],"newsium-featured":["http:\/\/tvalaire.com\/wp-content\/uploads\/2019\/01\/01-9.jpeg",1024,576,false],"newsium-medium":["http:\/\/tvalaire.com\/wp-content\/uploads\/2019\/01\/01-9.jpeg",720,405,false]},"author_info":{"info":["tvalairenoti"]},"category_info":"<a href=\"http:\/\/tvalaire.com\/?cat=1\" rel=\"category\">La Piedad<\/a>","tag_info":"La Piedad","comment_count":"0","jetpack_featured_media_url":"http:\/\/tvalaire.com\/wp-content\/uploads\/2019\/01\/01-9.jpeg","_links":{"self":[{"href":"http:\/\/tvalaire.com\/index.php?rest_route=\/wp\/v2\/posts\/4894"}],"collection":[{"href":"http:\/\/tvalaire.com\/index.php?rest_route=\/wp\/v2\/posts"}],"about":[{"href":"http:\/\/tvalaire.com\/index.php?rest_route=\/wp\/v2\/types\/post"}],"author":[{"embeddable":true,"href":"http:\/\/tvalaire.com\/index.php?rest_route=\/wp\/v2\/users\/1"}],"replies":[{"embeddable":true,"href":"http:\/\/tvalaire.com\/index.php?rest_route=%2Fwp%2Fv2%2Fcomments&post=4894"}],"version-history":[{"count":1,"href":"http:\/\/tvalaire.com\/index.php?rest_route=\/wp\/v2\/posts\/4894\/revisions"}],"predecessor-version":[{"id":4896,"href":"http:\/\/tvalaire.com\/index.php?rest_route=\/wp\/v2\/posts\/4894\/revisions\/4896"}],"wp:featuredmedia":[{"embeddable":true,"href":"http:\/\/tvalaire.com\/index.php?rest_route=\/wp\/v2\/media\/4895"}],"wp:attachment":[{"href":"http:\/\/tvalaire.com\/index.php?rest_route=%2Fwp%2Fv2%2Fmedia&parent=4894"}],"wp:term":[{"taxonomy":"category","embeddable":true,"href":"http:\/\/tvalaire.com\/index.php?rest_route=%2Fwp%2Fv2%2Fcategories&post=4894"},{"taxonomy":"post_tag","embeddable":true,"href":"http:\/\/tvalaire.com\/index.php?rest_route=%2Fwp%2Fv2%2Ftags&post=4894"}],"curies":[{"name":"wp","href":"https:\/\/api.w.org\/{rel}","templated":true}]}}