{"id":488,"date":"2017-02-17T09:31:42","date_gmt":"2017-02-17T15:31:42","guid":{"rendered":"http:\/\/tvalaire.com\/?p=488"},"modified":"2017-02-17T09:31:42","modified_gmt":"2017-02-17T15:31:42","slug":"conforma-ayuntamiento-el-sistema-de-proteccion-integral-de-ninas-ninos-y-adolescentes","status":"publish","type":"post","link":"http:\/\/tvalaire.com\/?p=488","title":{"rendered":"CONFORMA AYUNTAMIENTO EL SISTEMA DE PROTECCI\u00d3N INTEGRAL DE NI\u00d1AS, NI\u00d1OS Y ADOLESCENTES"},"content":{"rendered":"<p>Con el apoyo de todos los integrantes del Cabildo de La Piedad, se conform\u00f3 el Sistema de protecci\u00f3n integral de ni\u00f1as, ni\u00f1os y adolescentes, de conformidad con el art\u00edculo 88 de la Ley Estatal de derechos de los ni\u00f1os y adolescentes.<\/p>\n<p>El objetivo de este sistema es formular, ejecutar y dar seguimiento a las pol\u00edticas p\u00fablicas, programas y acciones para la protecci\u00f3n y ejercicio de los derechos de este sector de la poblaci\u00f3n, con el Sistema Estatal y Nacional de Protecci\u00f3n Integral.<\/p>\n<p>A trav\u00e9s de este sistema, se dar\u00e1 participaci\u00f3n en el Sistema Municipal a nuestros ni\u00f1os para que puedan expresar libremente sus opiniones y puedan exigir sus derechos, a fin de lograr empoderamiento como titulares de derechos y no como objetos de cuidado.<\/p>\n<p>El Sistema Municipal de Protecci\u00f3n Integral deber\u00e1 estar integrado por el Presidente Municipal como Presidente del Sistema; un Secretario Ejecutivo; la directora del DIF Municipal, el Tesorero del DIF Municipal, el director de Educaci\u00f3n, el de Desarrollo Social, el Jefe de Unidad del Servicio Nacional del Empleo; el Fiscal Regional de Justicia, un representante de la Sociedad Civil, tres ni\u00f1os o ni\u00f1as y los tres jefes de Tenencia. Se integran a su vez las regidoras Yelitza T\u00e9llez Hern\u00e1ndez; Brenda Orozco Torres y Sof\u00eda Jacqueline Le\u00f3n Hern\u00e1ndez y Ulises No\u00e9 Caratachea S\u00e1nchez.<\/p>\n<p>Contar\u00e1 a su vez con un Secretario Ejecutivo, el cual ser\u00e1 propuesto ante el Cabildo y deber\u00e1 contar con ciertos requisitos como ser ciudadano mexicano, tener m\u00e1s de 30 a\u00f1os, no haber sido sentenciado por delito doloso o inhabilitado como servidor p\u00fablico, contar con experiencia en asistencia social y ser profesionista titulado.<\/p>\n<p>Una vez que se realice la aprobaci\u00f3n se har\u00e1 la instalaci\u00f3n y se tomar\u00e1 la protesta a los integrantes, para que entren ya en funciones.<\/p>\n","protected":false},"excerpt":{"rendered":"<p>Con el apoyo de todos los integrantes del Cabildo de La Piedad, se conform\u00f3 el&#8230;<\/p>\n","protected":false},"author":1,"featured_media":486,"comment_status":"open","ping_status":"open","sticky":false,"template":"","format":"standard","meta":{"jetpack_post_was_ever_published":false,"_jetpack_newsletter_access":"","_jetpack_dont_email_post_to_subs":false,"_jetpack_newsletter_tier_id":0,"_jetpack_memberships_contains_paywalled_content":false,"_jetpack_memberships_contains_paid_content":false,"footnotes":"","jetpack_publicize_message":"","jetpack_publicize_feature_enabled":true,"jetpack_social_post_already_shared":false,"jetpack_social_options":{"image_generator_settings":{"template":"highway","enabled":false},"version":2}},"categories":[1],"tags":[15,36],"class_list":["post-488","post","type-post","status-publish","format-standard","has-post-thumbnail","hentry","category-la-piedad","tag-la-piedad","tag-principales"],"jetpack_publicize_connections":[],"jetpack_sharing_enabled":true,"featured_image_urls":{"full":["http:\/\/tvalaire.com\/wp-content\/uploads\/2017\/02\/CONFORMA-AYUNTAMIENTO-EL-SISTEMA-DE-PROTECCI\u00d3N-INTEGRAL-DE-NI\u00d1AS-NI\u00d1OS-Y-ADOLESCENTES.jpg",960,640,false],"thumbnail":["http:\/\/tvalaire.com\/wp-content\/uploads\/2017\/02\/CONFORMA-AYUNTAMIENTO-EL-SISTEMA-DE-PROTECCI\u00d3N-INTEGRAL-DE-NI\u00d1AS-NI\u00d1OS-Y-ADOLESCENTES-150x150.jpg",150,150,true],"medium":["http:\/\/tvalaire.com\/wp-content\/uploads\/2017\/02\/CONFORMA-AYUNTAMIENTO-EL-SISTEMA-DE-PROTECCI\u00d3N-INTEGRAL-DE-NI\u00d1AS-NI\u00d1OS-Y-ADOLESCENTES-300x200.jpg",300,200,true],"medium_large":["http:\/\/tvalaire.com\/wp-content\/uploads\/2017\/02\/CONFORMA-AYUNTAMIENTO-EL-SISTEMA-DE-PROTECCI\u00d3N-INTEGRAL-DE-NI\u00d1AS-NI\u00d1OS-Y-ADOLESCENTES-768x512.jpg",640,427,true],"large":["http:\/\/tvalaire.com\/wp-content\/uploads\/2017\/02\/CONFORMA-AYUNTAMIENTO-EL-SISTEMA-DE-PROTECCI\u00d3N-INTEGRAL-DE-NI\u00d1AS-NI\u00d1OS-Y-ADOLESCENTES.jpg",640,427,false],"post-slider-thumb-size":["http:\/\/tvalaire.com\/wp-content\/uploads\/2017\/02\/CONFORMA-AYUNTAMIENTO-EL-SISTEMA-DE-PROTECCI\u00d3N-INTEGRAL-DE-NI\u00d1AS-NI\u00d1OS-Y-ADOLESCENTES.jpg",285,190,false],"post-category-slider-size":["http:\/\/tvalaire.com\/wp-content\/uploads\/2017\/02\/CONFORMA-AYUNTAMIENTO-EL-SISTEMA-DE-PROTECCI\u00d3N-INTEGRAL-DE-NI\u00d1AS-NI\u00d1OS-Y-ADOLESCENTES.jpg",330,220,false],"1536x1536":["http:\/\/tvalaire.com\/wp-content\/uploads\/2017\/02\/CONFORMA-AYUNTAMIENTO-EL-SISTEMA-DE-PROTECCI\u00d3N-INTEGRAL-DE-NI\u00d1AS-NI\u00d1OS-Y-ADOLESCENTES.jpg",960,640,false],"2048x2048":["http:\/\/tvalaire.com\/wp-content\/uploads\/2017\/02\/CONFORMA-AYUNTAMIENTO-EL-SISTEMA-DE-PROTECCI\u00d3N-INTEGRAL-DE-NI\u00d1AS-NI\u00d1OS-Y-ADOLESCENTES.jpg",960,640,false],"newsium-slider-full":["http:\/\/tvalaire.com\/wp-content\/uploads\/2017\/02\/CONFORMA-AYUNTAMIENTO-EL-SISTEMA-DE-PROTECCI\u00d3N-INTEGRAL-DE-NI\u00d1AS-NI\u00d1OS-Y-ADOLESCENTES.jpg",960,640,false],"newsium-featured":["http:\/\/tvalaire.com\/wp-content\/uploads\/2017\/02\/CONFORMA-AYUNTAMIENTO-EL-SISTEMA-DE-PROTECCI\u00d3N-INTEGRAL-DE-NI\u00d1AS-NI\u00d1OS-Y-ADOLESCENTES.jpg",960,640,false],"newsium-medium":["http:\/\/tvalaire.com\/wp-content\/uploads\/2017\/02\/CONFORMA-AYUNTAMIENTO-EL-SISTEMA-DE-PROTECCI\u00d3N-INTEGRAL-DE-NI\u00d1AS-NI\u00d1OS-Y-ADOLESCENTES.jpg",713,475,false]},"author_info":{"info":["tvalairenoti"]},"category_info":"<a href=\"http:\/\/tvalaire.com\/?cat=1\" rel=\"category\">La Piedad<\/a>","tag_info":"La Piedad","comment_count":"0","jetpack_featured_media_url":"http:\/\/tvalaire.com\/wp-content\/uploads\/2017\/02\/CONFORMA-AYUNTAMIENTO-EL-SISTEMA-DE-PROTECCI\u00d3N-INTEGRAL-DE-NI\u00d1AS-NI\u00d1OS-Y-ADOLESCENTES.jpg","_links":{"self":[{"href":"http:\/\/tvalaire.com\/index.php?rest_route=\/wp\/v2\/posts\/488"}],"collection":[{"href":"http:\/\/tvalaire.com\/index.php?rest_route=\/wp\/v2\/posts"}],"about":[{"href":"http:\/\/tvalaire.com\/index.php?rest_route=\/wp\/v2\/types\/post"}],"author":[{"embeddable":true,"href":"http:\/\/tvalaire.com\/index.php?rest_route=\/wp\/v2\/users\/1"}],"replies":[{"embeddable":true,"href":"http:\/\/tvalaire.com\/index.php?rest_route=%2Fwp%2Fv2%2Fcomments&post=488"}],"version-history":[{"count":1,"href":"http:\/\/tvalaire.com\/index.php?rest_route=\/wp\/v2\/posts\/488\/revisions"}],"predecessor-version":[{"id":489,"href":"http:\/\/tvalaire.com\/index.php?rest_route=\/wp\/v2\/posts\/488\/revisions\/489"}],"wp:featuredmedia":[{"embeddable":true,"href":"http:\/\/tvalaire.com\/index.php?rest_route=\/wp\/v2\/media\/486"}],"wp:attachment":[{"href":"http:\/\/tvalaire.com\/index.php?rest_route=%2Fwp%2Fv2%2Fmedia&parent=488"}],"wp:term":[{"taxonomy":"category","embeddable":true,"href":"http:\/\/tvalaire.com\/index.php?rest_route=%2Fwp%2Fv2%2Fcategories&post=488"},{"taxonomy":"post_tag","embeddable":true,"href":"http:\/\/tvalaire.com\/index.php?rest_route=%2Fwp%2Fv2%2Ftags&post=488"}],"curies":[{"name":"wp","href":"https:\/\/api.w.org\/{rel}","templated":true}]}}