{"id":4879,"date":"2019-01-16T11:09:17","date_gmt":"2019-01-16T17:09:17","guid":{"rendered":"http:\/\/tvalaire.com\/?p=4879"},"modified":"2019-01-21T11:10:26","modified_gmt":"2019-01-21T17:10:26","slug":"adultos-mayores-del-sistema-dif-la-piedad-reciben-platica-de-autoestima","status":"publish","type":"post","link":"http:\/\/tvalaire.com\/?p=4879","title":{"rendered":"ADULTOS MAYORES DEL SISTEMA DIF LA PIEDAD RECIBEN PL\u00c1TICA DE AUTOESTIMA"},"content":{"rendered":"<p>&nbsp;<\/p>\n<ul>\n<li><b>Se han ofrecido talleres y capacitaciones al personal de la instituci\u00f3n <\/b><\/li>\n<\/ul>\n<ul>\n<li>La intenci\u00f3n es hacer trabajo en equipo y mejorar el servicio a la poblaci\u00f3n<\/li>\n<\/ul>\n<p>&nbsp;<\/p>\n<p><span style=\"font-weight: 400;\">Crear alianzas con empresas e instituciones p\u00fablicas o privadas que fortalezcan los programas que el Sistema para el Desarrollo Integral de la Familia (DIF) tiene, es uno de los principales objetivos, por ello es que las gestiones realizadas con la empresa \u201cYakult\u201d han dado frutos en materia de capacitaci\u00f3n para beneficiar a los grupos de adultos mayores del sistema DIF La Piedad.<\/span><\/p>\n<p>&nbsp;<\/p>\n<p><span style=\"font-weight: 400;\">Liliana Flores Castro, presidenta del DIF coment\u00f3 durante el inicio de la pl\u00e1tica que ofrecer a los adultos temas que sean de importancia para ellos se refleja en el desempe\u00f1o de sus actividades diarias. Conceptos como la \u201cAutoestima\u201d son f\u00e1ciles para aquellas personas que tienen buena seguridad en s\u00ed mismas, pero para algunos otros es un temor para tener un mejor desarrollo humano.<\/span><\/p>\n<p>&nbsp;<\/p>\n<p><span style=\"font-weight: 400;\">A\u00f1adi\u00f3, que esta pl\u00e1tica es el primer paso para seguir colaborando con \u201cYakult\u201d, posteriormente se buscar\u00e1n m\u00e1s capacitaciones para realizar trabajo en equipo y seguir mejorando el servicio a la poblaci\u00f3n.<\/span><\/p>\n<p>&nbsp;<\/p>\n<p><span style=\"font-weight: 400;\">Flores Castro, finaliz\u00f3 que se est\u00e1 trabajando con m\u00e1s empresas y fundaciones para buscar recursos o apoyos para los adultos mayores, personas con alguna discapacidad o bien para equipamiento de programas.<\/span><\/p>\n","protected":false},"excerpt":{"rendered":"<p>&nbsp; Se han ofrecido talleres y capacitaciones al personal de la instituci\u00f3n La intenci\u00f3n es&#8230;<\/p>\n","protected":false},"author":1,"featured_media":4880,"comment_status":"open","ping_status":"open","sticky":false,"template":"","format":"standard","meta":{"jetpack_post_was_ever_published":false,"_jetpack_newsletter_access":"","_jetpack_dont_email_post_to_subs":false,"_jetpack_newsletter_tier_id":0,"_jetpack_memberships_contains_paywalled_content":false,"_jetpack_memberships_contains_paid_content":false,"footnotes":"","jetpack_publicize_message":"","jetpack_publicize_feature_enabled":true,"jetpack_social_post_already_shared":false,"jetpack_social_options":{"image_generator_settings":{"template":"highway","enabled":false},"version":2}},"categories":[1],"tags":[15],"class_list":["post-4879","post","type-post","status-publish","format-standard","has-post-thumbnail","hentry","category-la-piedad","tag-la-piedad"],"jetpack_publicize_connections":[],"jetpack_sharing_enabled":true,"featured_image_urls":{"full":["http:\/\/tvalaire.com\/wp-content\/uploads\/2019\/01\/DSC_0003.jpg",1650,1100,false],"thumbnail":["http:\/\/tvalaire.com\/wp-content\/uploads\/2019\/01\/DSC_0003-150x150.jpg",150,150,true],"medium":["http:\/\/tvalaire.com\/wp-content\/uploads\/2019\/01\/DSC_0003-300x200.jpg",300,200,true],"medium_large":["http:\/\/tvalaire.com\/wp-content\/uploads\/2019\/01\/DSC_0003-768x512.jpg",640,427,true],"large":["http:\/\/tvalaire.com\/wp-content\/uploads\/2019\/01\/DSC_0003-1024x683.jpg",640,427,true],"post-slider-thumb-size":["http:\/\/tvalaire.com\/wp-content\/uploads\/2019\/01\/DSC_0003.jpg",285,190,false],"post-category-slider-size":["http:\/\/tvalaire.com\/wp-content\/uploads\/2019\/01\/DSC_0003.jpg",330,220,false],"1536x1536":["http:\/\/tvalaire.com\/wp-content\/uploads\/2019\/01\/DSC_0003.jpg",1536,1024,false],"2048x2048":["http:\/\/tvalaire.com\/wp-content\/uploads\/2019\/01\/DSC_0003.jpg",1650,1100,false],"newsium-slider-full":["http:\/\/tvalaire.com\/wp-content\/uploads\/2019\/01\/DSC_0003.jpg",1268,845,false],"newsium-featured":["http:\/\/tvalaire.com\/wp-content\/uploads\/2019\/01\/DSC_0003.jpg",1024,683,false],"newsium-medium":["http:\/\/tvalaire.com\/wp-content\/uploads\/2019\/01\/DSC_0003.jpg",713,475,false]},"author_info":{"info":["tvalairenoti"]},"category_info":"<a href=\"http:\/\/tvalaire.com\/?cat=1\" rel=\"category\">La Piedad<\/a>","tag_info":"La Piedad","comment_count":"0","jetpack_featured_media_url":"http:\/\/tvalaire.com\/wp-content\/uploads\/2019\/01\/DSC_0003.jpg","_links":{"self":[{"href":"http:\/\/tvalaire.com\/index.php?rest_route=\/wp\/v2\/posts\/4879"}],"collection":[{"href":"http:\/\/tvalaire.com\/index.php?rest_route=\/wp\/v2\/posts"}],"about":[{"href":"http:\/\/tvalaire.com\/index.php?rest_route=\/wp\/v2\/types\/post"}],"author":[{"embeddable":true,"href":"http:\/\/tvalaire.com\/index.php?rest_route=\/wp\/v2\/users\/1"}],"replies":[{"embeddable":true,"href":"http:\/\/tvalaire.com\/index.php?rest_route=%2Fwp%2Fv2%2Fcomments&post=4879"}],"version-history":[{"count":1,"href":"http:\/\/tvalaire.com\/index.php?rest_route=\/wp\/v2\/posts\/4879\/revisions"}],"predecessor-version":[{"id":4881,"href":"http:\/\/tvalaire.com\/index.php?rest_route=\/wp\/v2\/posts\/4879\/revisions\/4881"}],"wp:featuredmedia":[{"embeddable":true,"href":"http:\/\/tvalaire.com\/index.php?rest_route=\/wp\/v2\/media\/4880"}],"wp:attachment":[{"href":"http:\/\/tvalaire.com\/index.php?rest_route=%2Fwp%2Fv2%2Fmedia&parent=4879"}],"wp:term":[{"taxonomy":"category","embeddable":true,"href":"http:\/\/tvalaire.com\/index.php?rest_route=%2Fwp%2Fv2%2Fcategories&post=4879"},{"taxonomy":"post_tag","embeddable":true,"href":"http:\/\/tvalaire.com\/index.php?rest_route=%2Fwp%2Fv2%2Ftags&post=4879"}],"curies":[{"name":"wp","href":"https:\/\/api.w.org\/{rel}","templated":true}]}}