{"id":4873,"date":"2019-01-16T11:07:19","date_gmt":"2019-01-16T17:07:19","guid":{"rendered":"http:\/\/tvalaire.com\/?p=4873"},"modified":"2019-01-21T11:08:09","modified_gmt":"2019-01-21T17:08:09","slug":"imparte-transito-municipal-platicas-de-educacion-vial-a-prestadores-de-servicio","status":"publish","type":"post","link":"http:\/\/tvalaire.com\/?p=4873","title":{"rendered":"IMPARTE TR\u00c1NSITO MUNICIPAL PL\u00c1TICAS DE EDUCACI\u00d3N VIAL A PRESTADORES DE SERVICIO"},"content":{"rendered":"<p>&nbsp;<\/p>\n<ul>\n<li><b>Conductores de taxis Monarca, reciben orientaci\u00f3n en temas de inter\u00e9s para su \u00e1rea de trabajo<\/b><\/li>\n<\/ul>\n<ul>\n<li>Asistieron 30 choferes de la modalidad taxi en La Piedad<\/li>\n<\/ul>\n<p>&nbsp;<\/p>\n<p><span style=\"font-weight: 400;\">Los prestadores de servicio, es otro sector importante en el que el Gobierno Municipal a trav\u00e9s de la direcci\u00f3n de Tr\u00e1nsito y Vialidad pretende hacer llegar el programa de Educaci\u00f3n Vial; los primeros en recibir las pl\u00e1ticas que hasta el momento se hab\u00edan hecho llegar \u00fanicamente a adolescentes de Secundaria, fueron los conductores de taxi de la l\u00ednea Monarca.<\/span><\/p>\n<p><span style=\"font-weight: 400;\">El primer taller de orientaci\u00f3n sobre Educaci\u00f3n Vial se imparti\u00f3 esta semana en el Centro Cultural Piedadense, a la cual asisti\u00f3 un total de 30 prestadores de este servicio en la ciudad.<\/span><\/p>\n<p><span style=\"font-weight: 400;\">Los temas de los que se habl\u00f3 durante la pl\u00e1tica fue sobre manejo a la defensiva; seguridad al conductor; veh\u00edculos del transporte p\u00fablico, adem\u00e1s de hacerles del conocimiento sobre el Reglamento actual que rige a la direcci\u00f3n de Tr\u00e1nsito y Vialidad en La Piedad. <\/span><\/p>\n<p><span style=\"font-weight: 400;\">Esto, con el fin de garantizar por un lado la tranquilidad y seguridad de los ciudadanos que requieren de este servicio, as\u00ed como orientar a los choferes en esta modalidad, para que conozcan todo lo relacionado con el tema del transporte p\u00fablico, vialidad y el reglamento.<\/span><\/p>\n<p><span style=\"font-weight: 400;\">Gabriel Anguiano Maga\u00f1a, director de Tr\u00e1nsito Municipal invit\u00f3 a los dem\u00e1s dirigentes de las organizaciones del servicio de transporte en su modalidad taxi, para que acuda a la dependencia a solicitar la capacitaci\u00f3n de su personal lo cual redundar\u00e1 en una mejor atenci\u00f3n a la poblaci\u00f3n.<\/span><\/p>\n","protected":false},"excerpt":{"rendered":"<p>&nbsp; Conductores de taxis Monarca, reciben orientaci\u00f3n en temas de inter\u00e9s para su \u00e1rea de&#8230;<\/p>\n","protected":false},"author":1,"featured_media":4874,"comment_status":"open","ping_status":"open","sticky":false,"template":"","format":"standard","meta":{"jetpack_post_was_ever_published":false,"_jetpack_newsletter_access":"","_jetpack_dont_email_post_to_subs":false,"_jetpack_newsletter_tier_id":0,"_jetpack_memberships_contains_paywalled_content":false,"_jetpack_memberships_contains_paid_content":false,"footnotes":"","jetpack_publicize_message":"","jetpack_publicize_feature_enabled":true,"jetpack_social_post_already_shared":false,"jetpack_social_options":{"image_generator_settings":{"template":"highway","enabled":false},"version":2}},"categories":[1],"tags":[15],"class_list":["post-4873","post","type-post","status-publish","format-standard","has-post-thumbnail","hentry","category-la-piedad","tag-la-piedad"],"jetpack_publicize_connections":[],"jetpack_sharing_enabled":true,"featured_image_urls":{"full":["http:\/\/tvalaire.com\/wp-content\/uploads\/2019\/01\/01-4-1.jpeg",1280,960,false],"thumbnail":["http:\/\/tvalaire.com\/wp-content\/uploads\/2019\/01\/01-4-1-150x150.jpeg",150,150,true],"medium":["http:\/\/tvalaire.com\/wp-content\/uploads\/2019\/01\/01-4-1-300x225.jpeg",300,225,true],"medium_large":["http:\/\/tvalaire.com\/wp-content\/uploads\/2019\/01\/01-4-1-768x576.jpeg",640,480,true],"large":["http:\/\/tvalaire.com\/wp-content\/uploads\/2019\/01\/01-4-1-1024x768.jpeg",640,480,true],"post-slider-thumb-size":["http:\/\/tvalaire.com\/wp-content\/uploads\/2019\/01\/01-4-1.jpeg",253,190,false],"post-category-slider-size":["http:\/\/tvalaire.com\/wp-content\/uploads\/2019\/01\/01-4-1.jpeg",330,248,false],"1536x1536":["http:\/\/tvalaire.com\/wp-content\/uploads\/2019\/01\/01-4-1.jpeg",1280,960,false],"2048x2048":["http:\/\/tvalaire.com\/wp-content\/uploads\/2019\/01\/01-4-1.jpeg",1280,960,false],"newsium-slider-full":["http:\/\/tvalaire.com\/wp-content\/uploads\/2019\/01\/01-4-1.jpeg",1127,845,false],"newsium-featured":["http:\/\/tvalaire.com\/wp-content\/uploads\/2019\/01\/01-4-1.jpeg",1024,768,false],"newsium-medium":["http:\/\/tvalaire.com\/wp-content\/uploads\/2019\/01\/01-4-1.jpeg",633,475,false]},"author_info":{"info":["tvalairenoti"]},"category_info":"<a href=\"http:\/\/tvalaire.com\/?cat=1\" rel=\"category\">La Piedad<\/a>","tag_info":"La Piedad","comment_count":"0","jetpack_featured_media_url":"http:\/\/tvalaire.com\/wp-content\/uploads\/2019\/01\/01-4-1.jpeg","_links":{"self":[{"href":"http:\/\/tvalaire.com\/index.php?rest_route=\/wp\/v2\/posts\/4873"}],"collection":[{"href":"http:\/\/tvalaire.com\/index.php?rest_route=\/wp\/v2\/posts"}],"about":[{"href":"http:\/\/tvalaire.com\/index.php?rest_route=\/wp\/v2\/types\/post"}],"author":[{"embeddable":true,"href":"http:\/\/tvalaire.com\/index.php?rest_route=\/wp\/v2\/users\/1"}],"replies":[{"embeddable":true,"href":"http:\/\/tvalaire.com\/index.php?rest_route=%2Fwp%2Fv2%2Fcomments&post=4873"}],"version-history":[{"count":1,"href":"http:\/\/tvalaire.com\/index.php?rest_route=\/wp\/v2\/posts\/4873\/revisions"}],"predecessor-version":[{"id":4875,"href":"http:\/\/tvalaire.com\/index.php?rest_route=\/wp\/v2\/posts\/4873\/revisions\/4875"}],"wp:featuredmedia":[{"embeddable":true,"href":"http:\/\/tvalaire.com\/index.php?rest_route=\/wp\/v2\/media\/4874"}],"wp:attachment":[{"href":"http:\/\/tvalaire.com\/index.php?rest_route=%2Fwp%2Fv2%2Fmedia&parent=4873"}],"wp:term":[{"taxonomy":"category","embeddable":true,"href":"http:\/\/tvalaire.com\/index.php?rest_route=%2Fwp%2Fv2%2Fcategories&post=4873"},{"taxonomy":"post_tag","embeddable":true,"href":"http:\/\/tvalaire.com\/index.php?rest_route=%2Fwp%2Fv2%2Ftags&post=4873"}],"curies":[{"name":"wp","href":"https:\/\/api.w.org\/{rel}","templated":true}]}}