{"id":4870,"date":"2019-01-16T11:06:19","date_gmt":"2019-01-16T17:06:19","guid":{"rendered":"http:\/\/tvalaire.com\/?p=4870"},"modified":"2019-01-21T11:07:13","modified_gmt":"2019-01-21T17:07:13","slug":"la-piedad-celebrara-su-489-aniversario-de-avecindamiento","status":"publish","type":"post","link":"http:\/\/tvalaire.com\/?p=4870","title":{"rendered":"LA PIEDAD CELEBRAR\u00c1 SU 489 ANIVERSARIO DE AVECINDAMIENTO"},"content":{"rendered":"<p>&nbsp;<\/p>\n<ul>\n<li><b>Integrantes del comit\u00e9 organizador dieron a conocer el programa socio-cultural<\/b><\/li>\n<\/ul>\n<ul>\n<li>Los eventos se desarrollar\u00e1n en la Plaza Principal y La Pur\u00edsima<\/li>\n<\/ul>\n<p>&nbsp;<\/p>\n<p><span style=\"font-weight: 400;\">Con el fin de lograr que los piedadenses hagan suya la historia de los primeros pobladores, el Gobierno Municipal a trav\u00e9s de la direcci\u00f3n de Educaci\u00f3n con el apoyo de otras dependencias locales y la Casa de la Cultura, dieron a conocer el programa de actividades socio-culturales que se realizar\u00e1 en los pr\u00f3ximos d\u00edas, para celebrar el 489 Aniversario de Avecindamiento de La Piedad.<\/span><\/p>\n<p><span style=\"font-weight: 400;\">Las actividades iniciar\u00e1n este jueves 17 a partir de las 11:00 horas con la Conferencia Magistral \u201cEslabones de oro en la historia de La Piedad\u201d (Origen y poblamiento), que ofrecer\u00e1 el cronista Javier Ortiz Rojas en la Escuela de Artes.<\/span><\/p>\n<p><span style=\"font-weight: 400;\">El anuncio de \u00e9ste y otros eventos, fueron dados a conocer en rueda de prensa celebrada en la Casa de la Cultura, la cual estuvo encabezada por el director de Educaci\u00f3n, Horacio Mart\u00edn S\u00e1nchez; el director de Cultura, Antonio Estrada; el coordinador de Turismo Daniel Negrete y el titular de la Casa de la Cultura, Miguel \u00c1ngel Torres.<\/span><\/p>\n<p><span style=\"font-weight: 400;\">Mart\u00edn S\u00e1nchez, indic\u00f3 que los eventos organizados tendr\u00e1n dos sedes, uno ser\u00e1 la Plaza Principal de esta ciudad y Escuela de Artes de La Pur\u00edsima. En esta \u00faltima el s\u00e1bado 19 habr\u00e1 una exposici\u00f3n de pintura, fotograf\u00eda y textos hist\u00f3ricos de La Piedad en la Escuela de Artes; se presentar\u00e1 el Coro de las Artes; musical con Cristo Gael Corona Moreno, Jenifer Alatorre Berumen y Paola Rodr\u00edguez. Y por la noche, se ofrecer\u00e1 un concierto de piano y viol\u00edn con el maestro Sa\u00fal Heredia.<\/span><\/p>\n<p><span style=\"font-weight: 400;\">El domingo 20 el escenario ser\u00e1 el Teatro del Pueblo para la realizaci\u00f3n del programa c\u00edvico que tendr\u00e1 lugar a las 09:00 horas, seguido de un programa en el cual estar\u00e1n presentes las autoridades municipales encabezadas por nuestro alcalde Alex Espinoza.<\/span><\/p>\n<p><span style=\"font-weight: 400;\">Ese mismo d\u00eda, pero por la tarde habr\u00e1 grupos de Hip-Hop, Gimnasia y danza folcl\u00f3rica para culminar\u00e1n con la presentaci\u00f3n musical de Marco Islas \u00c1lvarez, para goce y disfrute de toda la familia.<\/span><\/p>\n","protected":false},"excerpt":{"rendered":"<p>&nbsp; Integrantes del comit\u00e9 organizador dieron a conocer el programa socio-cultural Los eventos se desarrollar\u00e1n&#8230;<\/p>\n","protected":false},"author":1,"featured_media":4871,"comment_status":"open","ping_status":"open","sticky":false,"template":"","format":"standard","meta":{"jetpack_post_was_ever_published":false,"_jetpack_newsletter_access":"","_jetpack_dont_email_post_to_subs":false,"_jetpack_newsletter_tier_id":0,"_jetpack_memberships_contains_paywalled_content":false,"_jetpack_memberships_contains_paid_content":false,"footnotes":"","jetpack_publicize_message":"","jetpack_publicize_feature_enabled":true,"jetpack_social_post_already_shared":false,"jetpack_social_options":{"image_generator_settings":{"template":"highway","enabled":false},"version":2}},"categories":[1],"tags":[15,36],"class_list":["post-4870","post","type-post","status-publish","format-standard","has-post-thumbnail","hentry","category-la-piedad","tag-la-piedad","tag-principales"],"jetpack_publicize_connections":[],"jetpack_sharing_enabled":true,"featured_image_urls":{"full":["http:\/\/tvalaire.com\/wp-content\/uploads\/2019\/01\/01-5-1.jpeg",1280,720,false],"thumbnail":["http:\/\/tvalaire.com\/wp-content\/uploads\/2019\/01\/01-5-1-150x150.jpeg",150,150,true],"medium":["http:\/\/tvalaire.com\/wp-content\/uploads\/2019\/01\/01-5-1-300x169.jpeg",300,169,true],"medium_large":["http:\/\/tvalaire.com\/wp-content\/uploads\/2019\/01\/01-5-1-768x432.jpeg",640,360,true],"large":["http:\/\/tvalaire.com\/wp-content\/uploads\/2019\/01\/01-5-1-1024x576.jpeg",640,360,true],"post-slider-thumb-size":["http:\/\/tvalaire.com\/wp-content\/uploads\/2019\/01\/01-5-1.jpeg",330,186,false],"post-category-slider-size":["http:\/\/tvalaire.com\/wp-content\/uploads\/2019\/01\/01-5-1.jpeg",330,186,false],"1536x1536":["http:\/\/tvalaire.com\/wp-content\/uploads\/2019\/01\/01-5-1.jpeg",1280,720,false],"2048x2048":["http:\/\/tvalaire.com\/wp-content\/uploads\/2019\/01\/01-5-1.jpeg",1280,720,false],"newsium-slider-full":["http:\/\/tvalaire.com\/wp-content\/uploads\/2019\/01\/01-5-1.jpeg",1280,720,false],"newsium-featured":["http:\/\/tvalaire.com\/wp-content\/uploads\/2019\/01\/01-5-1.jpeg",1024,576,false],"newsium-medium":["http:\/\/tvalaire.com\/wp-content\/uploads\/2019\/01\/01-5-1.jpeg",720,405,false]},"author_info":{"info":["tvalairenoti"]},"category_info":"<a href=\"http:\/\/tvalaire.com\/?cat=1\" rel=\"category\">La Piedad<\/a>","tag_info":"La Piedad","comment_count":"0","jetpack_featured_media_url":"http:\/\/tvalaire.com\/wp-content\/uploads\/2019\/01\/01-5-1.jpeg","_links":{"self":[{"href":"http:\/\/tvalaire.com\/index.php?rest_route=\/wp\/v2\/posts\/4870"}],"collection":[{"href":"http:\/\/tvalaire.com\/index.php?rest_route=\/wp\/v2\/posts"}],"about":[{"href":"http:\/\/tvalaire.com\/index.php?rest_route=\/wp\/v2\/types\/post"}],"author":[{"embeddable":true,"href":"http:\/\/tvalaire.com\/index.php?rest_route=\/wp\/v2\/users\/1"}],"replies":[{"embeddable":true,"href":"http:\/\/tvalaire.com\/index.php?rest_route=%2Fwp%2Fv2%2Fcomments&post=4870"}],"version-history":[{"count":1,"href":"http:\/\/tvalaire.com\/index.php?rest_route=\/wp\/v2\/posts\/4870\/revisions"}],"predecessor-version":[{"id":4872,"href":"http:\/\/tvalaire.com\/index.php?rest_route=\/wp\/v2\/posts\/4870\/revisions\/4872"}],"wp:featuredmedia":[{"embeddable":true,"href":"http:\/\/tvalaire.com\/index.php?rest_route=\/wp\/v2\/media\/4871"}],"wp:attachment":[{"href":"http:\/\/tvalaire.com\/index.php?rest_route=%2Fwp%2Fv2%2Fmedia&parent=4870"}],"wp:term":[{"taxonomy":"category","embeddable":true,"href":"http:\/\/tvalaire.com\/index.php?rest_route=%2Fwp%2Fv2%2Fcategories&post=4870"},{"taxonomy":"post_tag","embeddable":true,"href":"http:\/\/tvalaire.com\/index.php?rest_route=%2Fwp%2Fv2%2Ftags&post=4870"}],"curies":[{"name":"wp","href":"https:\/\/api.w.org\/{rel}","templated":true}]}}