{"id":4864,"date":"2019-01-17T11:04:06","date_gmt":"2019-01-17T17:04:06","guid":{"rendered":"http:\/\/tvalaire.com\/?p=4864"},"modified":"2019-01-21T11:05:08","modified_gmt":"2019-01-21T17:05:08","slug":"presentan-conferencia-eslabones-de-oro-en-la-historia-de-la-piedad","status":"publish","type":"post","link":"http:\/\/tvalaire.com\/?p=4864","title":{"rendered":"PRESENTAN CONFERENCIA \u201cESLABONES DE ORO EN LA HISTORIA DE LA PIEDAD\u201d"},"content":{"rendered":"<p>&nbsp;<\/p>\n<ul>\n<li><b>En el marco del festejo por el aniversario 489 del avecindamiento del municipio<\/b><\/li>\n<\/ul>\n<ul>\n<li>\u201cPara m\u00ed ser\u00eda mejor decir que La Piedad fue poblada, no avecindada\u201d: cronista Javier Ortiz<\/li>\n<\/ul>\n<p>&nbsp;<\/p>\n<p><span style=\"font-weight: 400;\">Para el cronista de la ciudad, Javier Ortiz Rojas, con base a la investigaci\u00f3n que ha realizado sobre el origen de La Piedad, es preferible hablar de un poblamiento o proceso de formaci\u00f3n de un pueblo, que el de un avecindamiento por el significado que tiene cada uno de ellos y porque no existe una fecha exacta al respecto.<\/span><\/p>\n<p><span style=\"font-weight: 400;\">La tesis por la cual se sustenta, lo hace en base a la revisi\u00f3n de varios documentos de historiadores y escritores piedadenses que han hablado sobre el origen de La Piedad y que de acuerdo a su an\u00e1lisis y observaci\u00f3n, le hace pensar que lo correcto ser\u00eda hablar de un poblamiento.<\/span><\/p>\n<p><span style=\"font-weight: 400;\">Ortiz Rojas, expuso lo anterior durante su conferencia magistral que imparti\u00f3 en la Escuela de Artes a alumnos de Secundaria y dem\u00e1s personas que asistieron. Esto como parte de las actividades que realiza el Gobierno Municipal a trav\u00e9s de la direcci\u00f3n de Educaci\u00f3n para celebrar el 489 Aniversario del Avecindamiento.<\/span><\/p>\n<p><span style=\"font-weight: 400;\">Desde el inicio de la conferencia, Javier Ortiz dijo a los asistentes que mucho se ha hablado del avecindamiento, fundaci\u00f3n u origen de La Piedad; conceptos que han tocado varios historiadores en sus obras como en el libro de El F\u00e9nix del Amor de Agust\u00edn Francisco Esquivel y Vargas o el del padre Alberto Carrillo en donde se menciona el poblamiento, pues se menciona que en 1687 que se entreg\u00f3 el cristo (imagen del Se\u00f1or de La Piedad) a este pueblo de Aram\u00fataro o Aramutarillo de donde deriva su poblamiento.<\/span><\/p>\n<p><span style=\"font-weight: 400;\">\u00c9sta es s\u00f3lo, el primero de los eventos con el que abre el programa de actividades que el Gobierno Municipal llevar\u00e1 a cabo hasta el domingo 20 de enero para celebrar el 489 Aniversario de Avecindamiento y para el cual, se hace una cordial invitaci\u00f3n a todos ellos, pues se realizar\u00e1n de manera p\u00fablica y abierta.<\/span><\/p>\n","protected":false},"excerpt":{"rendered":"<p>&nbsp; En el marco del festejo por el aniversario 489 del avecindamiento del municipio \u201cPara&#8230;<\/p>\n","protected":false},"author":1,"featured_media":4865,"comment_status":"open","ping_status":"open","sticky":false,"template":"","format":"standard","meta":{"jetpack_post_was_ever_published":false,"_jetpack_newsletter_access":"","_jetpack_dont_email_post_to_subs":false,"_jetpack_newsletter_tier_id":0,"_jetpack_memberships_contains_paywalled_content":false,"_jetpack_memberships_contains_paid_content":false,"footnotes":"","jetpack_publicize_message":"","jetpack_publicize_feature_enabled":true,"jetpack_social_post_already_shared":false,"jetpack_social_options":{"image_generator_settings":{"template":"highway","enabled":false},"version":2}},"categories":[1],"tags":[15,36],"class_list":["post-4864","post","type-post","status-publish","format-standard","has-post-thumbnail","hentry","category-la-piedad","tag-la-piedad","tag-principales"],"jetpack_publicize_connections":[],"jetpack_sharing_enabled":true,"featured_image_urls":{"full":["http:\/\/tvalaire.com\/wp-content\/uploads\/2019\/01\/01-2-2.jpeg",1280,854,false],"thumbnail":["http:\/\/tvalaire.com\/wp-content\/uploads\/2019\/01\/01-2-2-150x150.jpeg",150,150,true],"medium":["http:\/\/tvalaire.com\/wp-content\/uploads\/2019\/01\/01-2-2-300x200.jpeg",300,200,true],"medium_large":["http:\/\/tvalaire.com\/wp-content\/uploads\/2019\/01\/01-2-2-768x512.jpeg",640,427,true],"large":["http:\/\/tvalaire.com\/wp-content\/uploads\/2019\/01\/01-2-2-1024x683.jpeg",640,427,true],"post-slider-thumb-size":["http:\/\/tvalaire.com\/wp-content\/uploads\/2019\/01\/01-2-2.jpeg",285,190,false],"post-category-slider-size":["http:\/\/tvalaire.com\/wp-content\/uploads\/2019\/01\/01-2-2.jpeg",330,220,false],"1536x1536":["http:\/\/tvalaire.com\/wp-content\/uploads\/2019\/01\/01-2-2.jpeg",1280,854,false],"2048x2048":["http:\/\/tvalaire.com\/wp-content\/uploads\/2019\/01\/01-2-2.jpeg",1280,854,false],"newsium-slider-full":["http:\/\/tvalaire.com\/wp-content\/uploads\/2019\/01\/01-2-2.jpeg",1267,845,false],"newsium-featured":["http:\/\/tvalaire.com\/wp-content\/uploads\/2019\/01\/01-2-2.jpeg",1024,683,false],"newsium-medium":["http:\/\/tvalaire.com\/wp-content\/uploads\/2019\/01\/01-2-2.jpeg",712,475,false]},"author_info":{"info":["tvalairenoti"]},"category_info":"<a href=\"http:\/\/tvalaire.com\/?cat=1\" rel=\"category\">La Piedad<\/a>","tag_info":"La Piedad","comment_count":"0","jetpack_featured_media_url":"http:\/\/tvalaire.com\/wp-content\/uploads\/2019\/01\/01-2-2.jpeg","_links":{"self":[{"href":"http:\/\/tvalaire.com\/index.php?rest_route=\/wp\/v2\/posts\/4864"}],"collection":[{"href":"http:\/\/tvalaire.com\/index.php?rest_route=\/wp\/v2\/posts"}],"about":[{"href":"http:\/\/tvalaire.com\/index.php?rest_route=\/wp\/v2\/types\/post"}],"author":[{"embeddable":true,"href":"http:\/\/tvalaire.com\/index.php?rest_route=\/wp\/v2\/users\/1"}],"replies":[{"embeddable":true,"href":"http:\/\/tvalaire.com\/index.php?rest_route=%2Fwp%2Fv2%2Fcomments&post=4864"}],"version-history":[{"count":1,"href":"http:\/\/tvalaire.com\/index.php?rest_route=\/wp\/v2\/posts\/4864\/revisions"}],"predecessor-version":[{"id":4866,"href":"http:\/\/tvalaire.com\/index.php?rest_route=\/wp\/v2\/posts\/4864\/revisions\/4866"}],"wp:featuredmedia":[{"embeddable":true,"href":"http:\/\/tvalaire.com\/index.php?rest_route=\/wp\/v2\/media\/4865"}],"wp:attachment":[{"href":"http:\/\/tvalaire.com\/index.php?rest_route=%2Fwp%2Fv2%2Fmedia&parent=4864"}],"wp:term":[{"taxonomy":"category","embeddable":true,"href":"http:\/\/tvalaire.com\/index.php?rest_route=%2Fwp%2Fv2%2Fcategories&post=4864"},{"taxonomy":"post_tag","embeddable":true,"href":"http:\/\/tvalaire.com\/index.php?rest_route=%2Fwp%2Fv2%2Ftags&post=4864"}],"curies":[{"name":"wp","href":"https:\/\/api.w.org\/{rel}","templated":true}]}}