{"id":4861,"date":"2019-01-17T11:03:19","date_gmt":"2019-01-17T17:03:19","guid":{"rendered":"http:\/\/tvalaire.com\/?p=4861"},"modified":"2019-01-21T11:04:00","modified_gmt":"2019-01-21T17:04:00","slug":"verifica-reglamentos-instalaciones-electricas-a-comerciantes-ambulantes","status":"publish","type":"post","link":"http:\/\/tvalaire.com\/?p=4861","title":{"rendered":"VERIFICA REGLAMENTOS INSTALACIONES EL\u00c9CTRICAS A COMERCIANTES AMBULANTES"},"content":{"rendered":"<p>&nbsp;<\/p>\n<ul>\n<li><b>Buscan generar mayor seguridad para vendedores como para sus clientes<\/b><\/li>\n<\/ul>\n<ul>\n<li>Se trabaj\u00f3 en coordinaci\u00f3n con el \u00e1rea de Alumbrado P\u00fablico<\/li>\n<\/ul>\n<p>&nbsp;<\/p>\n<p><span style=\"font-weight: 400;\">Con el fin de garantizar la seguridad a los comerciantes ambulantes y sus clientes, personal de Reglamentos y Servicios P\u00fablicos, llev\u00f3 a cabo una revisi\u00f3n de las instalaciones el\u00e9ctricas en cada uno de los establecimientos que se ubican en la zona centro de la ciudad.<\/span><\/p>\n<p><span style=\"font-weight: 400;\">El recorrido estuvo encabezado por Jos\u00e9 Luis Ortiz Coronado, director de Reglamentos y personal del \u00e1rea de Alumbrado P\u00fablico, con quienes se visit\u00f3 a diversos vendedores ubicados en el Centro Hist\u00f3rico.<\/span><\/p>\n<p><span style=\"font-weight: 400;\">El objetivo, fue inspeccionar que ning\u00fan puesto ambulante, sobre todo aquellos que se encuentran ubicados en el Centro Hist\u00f3rico de la ciudad, estuviera <\/span><i><span style=\"font-weight: 400;\">carg\u00e1ndose<\/span><\/i><span style=\"font-weight: 400;\"> a la energ\u00eda el\u00e9ctrica sin autorizaci\u00f3n.<\/span><\/p>\n<p><span style=\"font-weight: 400;\">Afortunadamente, indic\u00f3 que la mayor\u00eda de los comerciantes ambulantes en La Piedad, cuentan con un medidor instalado en los propios postes de la Comisi\u00f3n Federal de Electricidad (CFE), salvo un caso en particular, cuyo medidor se encontr\u00f3 en un pilastr\u00f3n del portal del Centro Hist\u00f3rico por autorizaci\u00f3n de la pasada administraci\u00f3n municipal.<\/span><\/p>\n<p><span style=\"font-weight: 400;\">Con las acciones realizadas queda de manifiesto que, ning\u00fan comerciante ambulante de La Piedad se \u201ccuelga\u201d de la energ\u00eda el\u00e9ctrica del municipio. Cabe se\u00f1alar que los puntos que se verificaron fueron: Pedro Chavolla e Hidalgo; Hidalgo y Zaragoza; 16 de Septiembre y Belisario Dom\u00ednguez, as\u00ed como jard\u00edn de La Pur\u00edsima.<\/span><\/p>\n<p>&nbsp;<\/p>\n","protected":false},"excerpt":{"rendered":"<p>&nbsp; Buscan generar mayor seguridad para vendedores como para sus clientes Se trabaj\u00f3 en coordinaci\u00f3n&#8230;<\/p>\n","protected":false},"author":1,"featured_media":4862,"comment_status":"open","ping_status":"open","sticky":false,"template":"","format":"standard","meta":{"jetpack_post_was_ever_published":false,"_jetpack_newsletter_access":"","_jetpack_dont_email_post_to_subs":false,"_jetpack_newsletter_tier_id":0,"_jetpack_memberships_contains_paywalled_content":false,"_jetpack_memberships_contains_paid_content":false,"footnotes":"","jetpack_publicize_message":"","jetpack_publicize_feature_enabled":true,"jetpack_social_post_already_shared":false,"jetpack_social_options":{"image_generator_settings":{"template":"highway","enabled":false},"version":2}},"categories":[1],"tags":[15,36],"class_list":["post-4861","post","type-post","status-publish","format-standard","has-post-thumbnail","hentry","category-la-piedad","tag-la-piedad","tag-principales"],"jetpack_publicize_connections":[],"jetpack_sharing_enabled":true,"featured_image_urls":{"full":["http:\/\/tvalaire.com\/wp-content\/uploads\/2019\/01\/01-1-5.jpeg",1280,960,false],"thumbnail":["http:\/\/tvalaire.com\/wp-content\/uploads\/2019\/01\/01-1-5-150x150.jpeg",150,150,true],"medium":["http:\/\/tvalaire.com\/wp-content\/uploads\/2019\/01\/01-1-5-300x225.jpeg",300,225,true],"medium_large":["http:\/\/tvalaire.com\/wp-content\/uploads\/2019\/01\/01-1-5-768x576.jpeg",640,480,true],"large":["http:\/\/tvalaire.com\/wp-content\/uploads\/2019\/01\/01-1-5-1024x768.jpeg",640,480,true],"post-slider-thumb-size":["http:\/\/tvalaire.com\/wp-content\/uploads\/2019\/01\/01-1-5.jpeg",253,190,false],"post-category-slider-size":["http:\/\/tvalaire.com\/wp-content\/uploads\/2019\/01\/01-1-5.jpeg",330,248,false],"1536x1536":["http:\/\/tvalaire.com\/wp-content\/uploads\/2019\/01\/01-1-5.jpeg",1280,960,false],"2048x2048":["http:\/\/tvalaire.com\/wp-content\/uploads\/2019\/01\/01-1-5.jpeg",1280,960,false],"newsium-slider-full":["http:\/\/tvalaire.com\/wp-content\/uploads\/2019\/01\/01-1-5.jpeg",1127,845,false],"newsium-featured":["http:\/\/tvalaire.com\/wp-content\/uploads\/2019\/01\/01-1-5.jpeg",1024,768,false],"newsium-medium":["http:\/\/tvalaire.com\/wp-content\/uploads\/2019\/01\/01-1-5.jpeg",633,475,false]},"author_info":{"info":["tvalairenoti"]},"category_info":"<a href=\"http:\/\/tvalaire.com\/?cat=1\" rel=\"category\">La Piedad<\/a>","tag_info":"La Piedad","comment_count":"0","jetpack_featured_media_url":"http:\/\/tvalaire.com\/wp-content\/uploads\/2019\/01\/01-1-5.jpeg","_links":{"self":[{"href":"http:\/\/tvalaire.com\/index.php?rest_route=\/wp\/v2\/posts\/4861"}],"collection":[{"href":"http:\/\/tvalaire.com\/index.php?rest_route=\/wp\/v2\/posts"}],"about":[{"href":"http:\/\/tvalaire.com\/index.php?rest_route=\/wp\/v2\/types\/post"}],"author":[{"embeddable":true,"href":"http:\/\/tvalaire.com\/index.php?rest_route=\/wp\/v2\/users\/1"}],"replies":[{"embeddable":true,"href":"http:\/\/tvalaire.com\/index.php?rest_route=%2Fwp%2Fv2%2Fcomments&post=4861"}],"version-history":[{"count":1,"href":"http:\/\/tvalaire.com\/index.php?rest_route=\/wp\/v2\/posts\/4861\/revisions"}],"predecessor-version":[{"id":4863,"href":"http:\/\/tvalaire.com\/index.php?rest_route=\/wp\/v2\/posts\/4861\/revisions\/4863"}],"wp:featuredmedia":[{"embeddable":true,"href":"http:\/\/tvalaire.com\/index.php?rest_route=\/wp\/v2\/media\/4862"}],"wp:attachment":[{"href":"http:\/\/tvalaire.com\/index.php?rest_route=%2Fwp%2Fv2%2Fmedia&parent=4861"}],"wp:term":[{"taxonomy":"category","embeddable":true,"href":"http:\/\/tvalaire.com\/index.php?rest_route=%2Fwp%2Fv2%2Fcategories&post=4861"},{"taxonomy":"post_tag","embeddable":true,"href":"http:\/\/tvalaire.com\/index.php?rest_route=%2Fwp%2Fv2%2Ftags&post=4861"}],"curies":[{"name":"wp","href":"https:\/\/api.w.org\/{rel}","templated":true}]}}