{"id":4852,"date":"2019-01-18T10:58:28","date_gmt":"2019-01-18T16:58:28","guid":{"rendered":"http:\/\/tvalaire.com\/?p=4852"},"modified":"2019-01-21T11:00:07","modified_gmt":"2019-01-21T17:00:07","slug":"en-la-piedad-con-asistencia-alimentaria-se-favorece-a-mil-828-familias","status":"publish","type":"post","link":"http:\/\/tvalaire.com\/?p=4852","title":{"rendered":"EN LA PIEDAD CON ASISTENCIA ALIMENTARIA SE FAVORECE A MIL 828 FAMILIAS"},"content":{"rendered":"<p>&nbsp;<\/p>\n<ul>\n<li><b>El mi\u00e9rcoles 23 de enero \u00faltimo d\u00eda para recoger la dotaci\u00f3n <\/b><\/li>\n<\/ul>\n<ul>\n<li>Se beneficia a familias de la zona rural y urbana del municipio<\/li>\n<\/ul>\n<p>&nbsp;<\/p>\n<p>&nbsp;<\/p>\n<p><span style=\"font-weight: 400;\">Gracias a las gestiones con el Gobierno del Estado el Sistema para el Desarrollo Integral de la Familia (DIF) ha creado alianzas para beneficiar a m\u00e1s personas por medio del programa de \u201cAsistencia Alimentaria, Familias en desamparo\u201d donde actualmente se benefician mil 828 familias en todo el municipio. Por ello se les informa a los beneficiarios que tienen hasta el d\u00eda 23 de este mes para recoger su despensa correspondiente a la tercera y cuarta dotaci\u00f3n.<\/span><\/p>\n<p>&nbsp;<\/p>\n<p><span style=\"font-weight: 400;\">Liliana Flores Castro, presidenta del sistema DIF coment\u00f3 que ha sido un trabajo arduo y de todos los d\u00edas para que este programa funcione como hasta ahora, para que las familias de escasos recursos puedan ser apoyadas con esta despensa que se entrega mes con mes, dando solamente una peque\u00f1a cuota de recuperaci\u00f3n.<\/span><\/p>\n<p>&nbsp;<\/p>\n<p><span style=\"font-weight: 400;\">\u201cEn lo que es la zona urbana de la ciudad se tienen en el padr\u00f3n mil 26 familias que comprenden a las colonias: Vasco de Quiroga, Centro Americana, Panamericana, La Escondida, La Providencia, Buenos Aires, La Croc, Ejido los Moreno, Ejido Potrerillos y algunas de la zona del centro\u201d, dijo Flores Castro.<\/span><\/p>\n<p>&nbsp;<\/p>\n<p><span style=\"font-weight: 400;\">Mientras tanto en las comunidades existe un registro de 802 familias que pertenecen al Ojo de Agua, Tanque de Pe\u00f1a, San Juan El Fuerte, El Fuerte, La Campana, Zaragoza, Ticu\u00edtaco, La Providencia, Paredones, Los Guajes, Los Ayala, entre otras que se favorecen con la despensa que contiene arroz, frijol, pasta, soya, at\u00fan, maseca, nopal y aceite.<\/span><\/p>\n","protected":false},"excerpt":{"rendered":"<p>&nbsp; El mi\u00e9rcoles 23 de enero \u00faltimo d\u00eda para recoger la dotaci\u00f3n Se beneficia a&#8230;<\/p>\n","protected":false},"author":1,"featured_media":4853,"comment_status":"open","ping_status":"open","sticky":false,"template":"","format":"standard","meta":{"jetpack_post_was_ever_published":false,"_jetpack_newsletter_access":"","_jetpack_dont_email_post_to_subs":false,"_jetpack_newsletter_tier_id":0,"_jetpack_memberships_contains_paywalled_content":false,"_jetpack_memberships_contains_paid_content":false,"footnotes":"","jetpack_publicize_message":"","jetpack_publicize_feature_enabled":true,"jetpack_social_post_already_shared":false,"jetpack_social_options":{"image_generator_settings":{"template":"highway","enabled":false},"version":2}},"categories":[1],"tags":[15],"class_list":["post-4852","post","type-post","status-publish","format-standard","has-post-thumbnail","hentry","category-la-piedad","tag-la-piedad"],"jetpack_publicize_connections":[],"jetpack_sharing_enabled":true,"featured_image_urls":{"full":["http:\/\/tvalaire.com\/wp-content\/uploads\/2019\/01\/01-2-1.jpg",1650,1100,false],"thumbnail":["http:\/\/tvalaire.com\/wp-content\/uploads\/2019\/01\/01-2-1-150x150.jpg",150,150,true],"medium":["http:\/\/tvalaire.com\/wp-content\/uploads\/2019\/01\/01-2-1-300x200.jpg",300,200,true],"medium_large":["http:\/\/tvalaire.com\/wp-content\/uploads\/2019\/01\/01-2-1-768x512.jpg",640,427,true],"large":["http:\/\/tvalaire.com\/wp-content\/uploads\/2019\/01\/01-2-1-1024x683.jpg",640,427,true],"post-slider-thumb-size":["http:\/\/tvalaire.com\/wp-content\/uploads\/2019\/01\/01-2-1.jpg",285,190,false],"post-category-slider-size":["http:\/\/tvalaire.com\/wp-content\/uploads\/2019\/01\/01-2-1.jpg",330,220,false],"1536x1536":["http:\/\/tvalaire.com\/wp-content\/uploads\/2019\/01\/01-2-1.jpg",1536,1024,false],"2048x2048":["http:\/\/tvalaire.com\/wp-content\/uploads\/2019\/01\/01-2-1.jpg",1650,1100,false],"newsium-slider-full":["http:\/\/tvalaire.com\/wp-content\/uploads\/2019\/01\/01-2-1.jpg",1268,845,false],"newsium-featured":["http:\/\/tvalaire.com\/wp-content\/uploads\/2019\/01\/01-2-1.jpg",1024,683,false],"newsium-medium":["http:\/\/tvalaire.com\/wp-content\/uploads\/2019\/01\/01-2-1.jpg",713,475,false]},"author_info":{"info":["tvalairenoti"]},"category_info":"<a href=\"http:\/\/tvalaire.com\/?cat=1\" rel=\"category\">La Piedad<\/a>","tag_info":"La Piedad","comment_count":"0","jetpack_featured_media_url":"http:\/\/tvalaire.com\/wp-content\/uploads\/2019\/01\/01-2-1.jpg","_links":{"self":[{"href":"http:\/\/tvalaire.com\/index.php?rest_route=\/wp\/v2\/posts\/4852"}],"collection":[{"href":"http:\/\/tvalaire.com\/index.php?rest_route=\/wp\/v2\/posts"}],"about":[{"href":"http:\/\/tvalaire.com\/index.php?rest_route=\/wp\/v2\/types\/post"}],"author":[{"embeddable":true,"href":"http:\/\/tvalaire.com\/index.php?rest_route=\/wp\/v2\/users\/1"}],"replies":[{"embeddable":true,"href":"http:\/\/tvalaire.com\/index.php?rest_route=%2Fwp%2Fv2%2Fcomments&post=4852"}],"version-history":[{"count":1,"href":"http:\/\/tvalaire.com\/index.php?rest_route=\/wp\/v2\/posts\/4852\/revisions"}],"predecessor-version":[{"id":4854,"href":"http:\/\/tvalaire.com\/index.php?rest_route=\/wp\/v2\/posts\/4852\/revisions\/4854"}],"wp:featuredmedia":[{"embeddable":true,"href":"http:\/\/tvalaire.com\/index.php?rest_route=\/wp\/v2\/media\/4853"}],"wp:attachment":[{"href":"http:\/\/tvalaire.com\/index.php?rest_route=%2Fwp%2Fv2%2Fmedia&parent=4852"}],"wp:term":[{"taxonomy":"category","embeddable":true,"href":"http:\/\/tvalaire.com\/index.php?rest_route=%2Fwp%2Fv2%2Fcategories&post=4852"},{"taxonomy":"post_tag","embeddable":true,"href":"http:\/\/tvalaire.com\/index.php?rest_route=%2Fwp%2Fv2%2Ftags&post=4852"}],"curies":[{"name":"wp","href":"https:\/\/api.w.org\/{rel}","templated":true}]}}