{"id":4842,"date":"2019-01-19T10:54:50","date_gmt":"2019-01-19T16:54:50","guid":{"rendered":"http:\/\/tvalaire.com\/?p=4842"},"modified":"2019-01-21T10:56:57","modified_gmt":"2019-01-21T16:56:57","slug":"presentan-exposicion-sobre-la-historia-de-la-piedad-en-la-escuela-de-artes","status":"publish","type":"post","link":"http:\/\/tvalaire.com\/?p=4842","title":{"rendered":"PRESENTAN EXPOSICI\u00d3N SOBRE LA HISTORIA DE LA PIEDAD EN LA ESCUELA DE ARTES"},"content":{"rendered":"<p>&nbsp;<\/p>\n<ul>\n<li><b>Tambi\u00e9n el domingo estar\u00e1 la exhibici\u00f3n fotogr\u00e1fica y pict\u00f3rica <\/b><\/li>\n<\/ul>\n<ul>\n<li>Las actividades son el marco de los 489 a\u00f1os del avecindamiento<\/li>\n<\/ul>\n<p>&nbsp;<\/p>\n<p><span style=\"font-weight: 400;\">Con el objetivo de rescatar y transmitir la historia de la ciudad y sus personajes ilustres, a fin de que sea adoptada por la poblaci\u00f3n en general y a su vez se pueda valorar y compartir el amor por nuestro municipio, se organizaron diversidad de eventos para festejar el avecindamiento del municipio. <\/span><\/p>\n<p><span style=\"font-weight: 400;\">M\u00e1s de 60 piezas entre fotograf\u00edas, textos hist\u00f3ricos y pinturas de artistas de la ciudad, as\u00ed como material realizado por Carlos Alvardo Lang, el cual fue otorgado por familiares, se muestra en los pasillos de la Escuela de Artes, a fin de conocer la antigua Piedad por medio de im\u00e1genes e informaci\u00f3n. \u00a0<\/span><\/p>\n<p><span style=\"font-weight: 400;\">El Comit\u00e9 organizador de las actividades agradeci\u00f3 a todos quienes colaboraron con la muestra fotogr\u00e1fica, las pinturas de los diferentes autores que con su particular perspectiva dan a conocer la ciudad a trav\u00e9s de sus obras, as\u00ed mismo a quienes contribuyeron con los textos hist\u00f3ricos con los que se logra tener un mejor conocimiento de los a\u00f1os pasados. <\/span><\/p>\n<p><span style=\"font-weight: 400;\">Ah\u00ed mismo se ofreci\u00f3 una exhibici\u00f3n de libros escritos por diferentes autores de origen piedadense, as\u00ed misma un espacio est\u00e1 dedicado a varias de las obras del ilustre grabador oriundo de la ciudad, Carlos Alvarado Lang. <\/span><\/p>\n<p><span style=\"font-weight: 400;\">&#8220;Queremos que los piedadenses conozcan su historia para que vivan y amen su ciudad de manera m\u00e1s plena, y ese sentimiento se extienda a cada rinc\u00f3n del municipio y sentirnos orgullosos de nuestros or\u00edgenes.&#8221; enfatizo el Comit\u00e9 organizador. <\/span><\/p>\n<p><span style=\"font-weight: 400;\">De igual manera dieron a conocer que durante todo el a\u00f1o se estar\u00e1n realizando diferentes actividades en las que el objetivo es destacar los productos, servicios y personajes que son icono de nuestro municipio, por medio de ferias, exposiciones y muestras.<\/span><\/p>\n<p>&nbsp;<\/p>\n<p><img loading=\"lazy\" decoding=\"async\" class=\"alignnone size-medium wp-image-4844\" src=\"http:\/\/tvalaire.com\/wp-content\/uploads\/2019\/01\/50667295_1448356868634816_547088879715352576_o-1-300x201.jpg\" alt=\"\" width=\"300\" height=\"201\" srcset=\"http:\/\/tvalaire.com\/wp-content\/uploads\/2019\/01\/50667295_1448356868634816_547088879715352576_o-1-300x201.jpg 300w, http:\/\/tvalaire.com\/wp-content\/uploads\/2019\/01\/50667295_1448356868634816_547088879715352576_o-1-768x513.jpg 768w, http:\/\/tvalaire.com\/wp-content\/uploads\/2019\/01\/50667295_1448356868634816_547088879715352576_o-1-1024x684.jpg 1024w, http:\/\/tvalaire.com\/wp-content\/uploads\/2019\/01\/50667295_1448356868634816_547088879715352576_o-1.jpg 1870w\" sizes=\"(max-width: 300px) 100vw, 300px\" \/><\/p>\n<p><img loading=\"lazy\" decoding=\"async\" class=\"alignnone size-medium wp-image-4845\" src=\"http:\/\/tvalaire.com\/wp-content\/uploads\/2019\/01\/50230685_1448363901967446_7339075665402003456_o-300x201.jpg\" alt=\"\" width=\"300\" height=\"201\" srcset=\"http:\/\/tvalaire.com\/wp-content\/uploads\/2019\/01\/50230685_1448363901967446_7339075665402003456_o-300x201.jpg 300w, http:\/\/tvalaire.com\/wp-content\/uploads\/2019\/01\/50230685_1448363901967446_7339075665402003456_o-768x513.jpg 768w, http:\/\/tvalaire.com\/wp-content\/uploads\/2019\/01\/50230685_1448363901967446_7339075665402003456_o-1024x684.jpg 1024w, http:\/\/tvalaire.com\/wp-content\/uploads\/2019\/01\/50230685_1448363901967446_7339075665402003456_o.jpg 1870w\" sizes=\"(max-width: 300px) 100vw, 300px\" \/><\/p>\n<p><img loading=\"lazy\" decoding=\"async\" class=\"alignnone size-medium wp-image-4846\" src=\"http:\/\/tvalaire.com\/wp-content\/uploads\/2019\/01\/49899453_1448359458634557_6125370181599363072_o-300x201.jpg\" alt=\"\" width=\"300\" height=\"201\" srcset=\"http:\/\/tvalaire.com\/wp-content\/uploads\/2019\/01\/49899453_1448359458634557_6125370181599363072_o-300x201.jpg 300w, http:\/\/tvalaire.com\/wp-content\/uploads\/2019\/01\/49899453_1448359458634557_6125370181599363072_o-768x513.jpg 768w, http:\/\/tvalaire.com\/wp-content\/uploads\/2019\/01\/49899453_1448359458634557_6125370181599363072_o-1024x684.jpg 1024w, http:\/\/tvalaire.com\/wp-content\/uploads\/2019\/01\/49899453_1448359458634557_6125370181599363072_o.jpg 1870w\" sizes=\"(max-width: 300px) 100vw, 300px\" \/><\/p>\n<p><img loading=\"lazy\" decoding=\"async\" class=\"alignnone size-medium wp-image-4847\" src=\"http:\/\/tvalaire.com\/wp-content\/uploads\/2019\/01\/49653932_1448357165301453_2794303077077745664_o-300x201.jpg\" alt=\"\" width=\"300\" height=\"201\" srcset=\"http:\/\/tvalaire.com\/wp-content\/uploads\/2019\/01\/49653932_1448357165301453_2794303077077745664_o-300x201.jpg 300w, http:\/\/tvalaire.com\/wp-content\/uploads\/2019\/01\/49653932_1448357165301453_2794303077077745664_o-768x513.jpg 768w, http:\/\/tvalaire.com\/wp-content\/uploads\/2019\/01\/49653932_1448357165301453_2794303077077745664_o-1024x684.jpg 1024w, http:\/\/tvalaire.com\/wp-content\/uploads\/2019\/01\/49653932_1448357165301453_2794303077077745664_o.jpg 1870w\" sizes=\"(max-width: 300px) 100vw, 300px\" \/><\/p>\n","protected":false},"excerpt":{"rendered":"<p>&nbsp; Tambi\u00e9n el domingo estar\u00e1 la exhibici\u00f3n fotogr\u00e1fica y pict\u00f3rica Las actividades son el marco&#8230;<\/p>\n","protected":false},"author":1,"featured_media":4843,"comment_status":"open","ping_status":"open","sticky":false,"template":"","format":"standard","meta":{"jetpack_post_was_ever_published":false,"_jetpack_newsletter_access":"","_jetpack_dont_email_post_to_subs":false,"_jetpack_newsletter_tier_id":0,"_jetpack_memberships_contains_paywalled_content":false,"_jetpack_memberships_contains_paid_content":false,"footnotes":"","jetpack_publicize_message":"","jetpack_publicize_feature_enabled":true,"jetpack_social_post_already_shared":false,"jetpack_social_options":{"image_generator_settings":{"template":"highway","enabled":false},"version":2}},"categories":[1],"tags":[15],"class_list":["post-4842","post","type-post","status-publish","format-standard","has-post-thumbnail","hentry","category-la-piedad","tag-la-piedad"],"jetpack_publicize_connections":[],"jetpack_sharing_enabled":true,"featured_image_urls":{"full":["http:\/\/tvalaire.com\/wp-content\/uploads\/2019\/01\/49245653_1448357295301440_8995123443087179776_o.jpg",1870,1250,false],"thumbnail":["http:\/\/tvalaire.com\/wp-content\/uploads\/2019\/01\/49245653_1448357295301440_8995123443087179776_o-150x150.jpg",150,150,true],"medium":["http:\/\/tvalaire.com\/wp-content\/uploads\/2019\/01\/49245653_1448357295301440_8995123443087179776_o-300x201.jpg",300,201,true],"medium_large":["http:\/\/tvalaire.com\/wp-content\/uploads\/2019\/01\/49245653_1448357295301440_8995123443087179776_o-768x513.jpg",640,428,true],"large":["http:\/\/tvalaire.com\/wp-content\/uploads\/2019\/01\/49245653_1448357295301440_8995123443087179776_o-1024x684.jpg",640,428,true],"post-slider-thumb-size":["http:\/\/tvalaire.com\/wp-content\/uploads\/2019\/01\/49245653_1448357295301440_8995123443087179776_o.jpg",284,190,false],"post-category-slider-size":["http:\/\/tvalaire.com\/wp-content\/uploads\/2019\/01\/49245653_1448357295301440_8995123443087179776_o.jpg",330,221,false],"1536x1536":["http:\/\/tvalaire.com\/wp-content\/uploads\/2019\/01\/49245653_1448357295301440_8995123443087179776_o.jpg",1536,1027,false],"2048x2048":["http:\/\/tvalaire.com\/wp-content\/uploads\/2019\/01\/49245653_1448357295301440_8995123443087179776_o.jpg",1870,1250,false],"newsium-slider-full":["http:\/\/tvalaire.com\/wp-content\/uploads\/2019\/01\/49245653_1448357295301440_8995123443087179776_o.jpg",1264,845,false],"newsium-featured":["http:\/\/tvalaire.com\/wp-content\/uploads\/2019\/01\/49245653_1448357295301440_8995123443087179776_o.jpg",1024,684,false],"newsium-medium":["http:\/\/tvalaire.com\/wp-content\/uploads\/2019\/01\/49245653_1448357295301440_8995123443087179776_o.jpg",711,475,false]},"author_info":{"info":["tvalairenoti"]},"category_info":"<a href=\"http:\/\/tvalaire.com\/?cat=1\" rel=\"category\">La Piedad<\/a>","tag_info":"La Piedad","comment_count":"0","jetpack_featured_media_url":"http:\/\/tvalaire.com\/wp-content\/uploads\/2019\/01\/49245653_1448357295301440_8995123443087179776_o.jpg","_links":{"self":[{"href":"http:\/\/tvalaire.com\/index.php?rest_route=\/wp\/v2\/posts\/4842"}],"collection":[{"href":"http:\/\/tvalaire.com\/index.php?rest_route=\/wp\/v2\/posts"}],"about":[{"href":"http:\/\/tvalaire.com\/index.php?rest_route=\/wp\/v2\/types\/post"}],"author":[{"embeddable":true,"href":"http:\/\/tvalaire.com\/index.php?rest_route=\/wp\/v2\/users\/1"}],"replies":[{"embeddable":true,"href":"http:\/\/tvalaire.com\/index.php?rest_route=%2Fwp%2Fv2%2Fcomments&post=4842"}],"version-history":[{"count":1,"href":"http:\/\/tvalaire.com\/index.php?rest_route=\/wp\/v2\/posts\/4842\/revisions"}],"predecessor-version":[{"id":4848,"href":"http:\/\/tvalaire.com\/index.php?rest_route=\/wp\/v2\/posts\/4842\/revisions\/4848"}],"wp:featuredmedia":[{"embeddable":true,"href":"http:\/\/tvalaire.com\/index.php?rest_route=\/wp\/v2\/media\/4843"}],"wp:attachment":[{"href":"http:\/\/tvalaire.com\/index.php?rest_route=%2Fwp%2Fv2%2Fmedia&parent=4842"}],"wp:term":[{"taxonomy":"category","embeddable":true,"href":"http:\/\/tvalaire.com\/index.php?rest_route=%2Fwp%2Fv2%2Fcategories&post=4842"},{"taxonomy":"post_tag","embeddable":true,"href":"http:\/\/tvalaire.com\/index.php?rest_route=%2Fwp%2Fv2%2Ftags&post=4842"}],"curies":[{"name":"wp","href":"https:\/\/api.w.org\/{rel}","templated":true}]}}