{"id":4828,"date":"2018-11-29T11:14:10","date_gmt":"2018-11-29T17:14:10","guid":{"rendered":"http:\/\/tvalaire.com\/?p=4828"},"modified":"2019-01-09T11:15:39","modified_gmt":"2019-01-09T17:15:39","slug":"se-autoriza-visa-a-palomas-mensajeras","status":"publish","type":"post","link":"http:\/\/tvalaire.com\/?p=4828","title":{"rendered":"SE AUTORIZA VISA A PALOMAS MENSAJERAS"},"content":{"rendered":"<p>&nbsp;<\/p>\n<ul>\n<li><b>Se espera que en el mes de enero del 2019 puedan viajar al Estado de California <\/b><\/li>\n<\/ul>\n<ul>\n<li>A 85 por ciento de las personas que acudieron se les autoriz\u00f3 la Visa<\/li>\n<\/ul>\n<p>&nbsp;<\/p>\n<p><span style=\"font-weight: 400;\">El Gobierno Municipal a trav\u00e9s de la directora de Vinculaci\u00f3n Internacional, Priscila Fern\u00e1ndez Molina, anunci\u00f3 que a la mayor\u00eda de las personas que forman parte del programa \u201cPalomas Mensajeras\u201d, se les autoriz\u00f3 una visa de viaje a los Estados Unidos de Norteam\u00e9rica. <\/span><\/p>\n<p><span style=\"font-weight: 400;\">Priscila Fern\u00e1ndez inform\u00f3 que de un total de 82 \u201cPalomas Mensajeras\u201d que fueron entrevistadas este jueves 29 en la embajada estadounidense, a 69 se les autoriz\u00f3 una visa de viaje y a 13 les fue rechazada debido a que ya hab\u00edan visitado Estados Unidos y durante la entrevista no lo mencionaron.<\/span><\/p>\n<p><span style=\"font-weight: 400;\">La funcionaria municipal, indic\u00f3 que fuera de la tristeza que provoc\u00f3 para estas 13 personas el no obtener el permiso, el resto de los integrantes de este programa se mostr\u00f3 feliz por el logro obtenido.<\/span><\/p>\n<p><span style=\"font-weight: 400;\">En cuanto a las visas autorizadas, se enviar\u00e1n en un lapso de 15 d\u00edas, por lo que el siguiente paso ser\u00e1 planear el viaje a los Estados Unidos espec\u00edficamente al Estado de California, el cual podr\u00eda darse para el mes de enero del 2019.<\/span><\/p>\n","protected":false},"excerpt":{"rendered":"<p>&nbsp; Se espera que en el mes de enero del 2019 puedan viajar al Estado&#8230;<\/p>\n","protected":false},"author":1,"featured_media":4829,"comment_status":"open","ping_status":"open","sticky":false,"template":"","format":"standard","meta":{"jetpack_post_was_ever_published":false,"_jetpack_newsletter_access":"","_jetpack_dont_email_post_to_subs":false,"_jetpack_newsletter_tier_id":0,"_jetpack_memberships_contains_paywalled_content":false,"_jetpack_memberships_contains_paid_content":false,"footnotes":"","jetpack_publicize_message":"","jetpack_publicize_feature_enabled":true,"jetpack_social_post_already_shared":false,"jetpack_social_options":{"image_generator_settings":{"template":"highway","enabled":false},"version":2}},"categories":[1],"tags":[15],"class_list":["post-4828","post","type-post","status-publish","format-standard","has-post-thumbnail","hentry","category-la-piedad","tag-la-piedad"],"jetpack_publicize_connections":[],"jetpack_sharing_enabled":true,"featured_image_urls":{"full":["http:\/\/tvalaire.com\/wp-content\/uploads\/2019\/01\/01-3-1.jpeg",1280,960,false],"thumbnail":["http:\/\/tvalaire.com\/wp-content\/uploads\/2019\/01\/01-3-1-150x150.jpeg",150,150,true],"medium":["http:\/\/tvalaire.com\/wp-content\/uploads\/2019\/01\/01-3-1-300x225.jpeg",300,225,true],"medium_large":["http:\/\/tvalaire.com\/wp-content\/uploads\/2019\/01\/01-3-1-768x576.jpeg",640,480,true],"large":["http:\/\/tvalaire.com\/wp-content\/uploads\/2019\/01\/01-3-1-1024x768.jpeg",640,480,true],"post-slider-thumb-size":["http:\/\/tvalaire.com\/wp-content\/uploads\/2019\/01\/01-3-1.jpeg",253,190,false],"post-category-slider-size":["http:\/\/tvalaire.com\/wp-content\/uploads\/2019\/01\/01-3-1.jpeg",330,248,false],"1536x1536":["http:\/\/tvalaire.com\/wp-content\/uploads\/2019\/01\/01-3-1.jpeg",1280,960,false],"2048x2048":["http:\/\/tvalaire.com\/wp-content\/uploads\/2019\/01\/01-3-1.jpeg",1280,960,false],"newsium-slider-full":["http:\/\/tvalaire.com\/wp-content\/uploads\/2019\/01\/01-3-1.jpeg",1127,845,false],"newsium-featured":["http:\/\/tvalaire.com\/wp-content\/uploads\/2019\/01\/01-3-1.jpeg",1024,768,false],"newsium-medium":["http:\/\/tvalaire.com\/wp-content\/uploads\/2019\/01\/01-3-1.jpeg",633,475,false]},"author_info":{"info":["tvalairenoti"]},"category_info":"<a href=\"http:\/\/tvalaire.com\/?cat=1\" rel=\"category\">La Piedad<\/a>","tag_info":"La Piedad","comment_count":"0","jetpack_featured_media_url":"http:\/\/tvalaire.com\/wp-content\/uploads\/2019\/01\/01-3-1.jpeg","_links":{"self":[{"href":"http:\/\/tvalaire.com\/index.php?rest_route=\/wp\/v2\/posts\/4828"}],"collection":[{"href":"http:\/\/tvalaire.com\/index.php?rest_route=\/wp\/v2\/posts"}],"about":[{"href":"http:\/\/tvalaire.com\/index.php?rest_route=\/wp\/v2\/types\/post"}],"author":[{"embeddable":true,"href":"http:\/\/tvalaire.com\/index.php?rest_route=\/wp\/v2\/users\/1"}],"replies":[{"embeddable":true,"href":"http:\/\/tvalaire.com\/index.php?rest_route=%2Fwp%2Fv2%2Fcomments&post=4828"}],"version-history":[{"count":1,"href":"http:\/\/tvalaire.com\/index.php?rest_route=\/wp\/v2\/posts\/4828\/revisions"}],"predecessor-version":[{"id":4830,"href":"http:\/\/tvalaire.com\/index.php?rest_route=\/wp\/v2\/posts\/4828\/revisions\/4830"}],"wp:featuredmedia":[{"embeddable":true,"href":"http:\/\/tvalaire.com\/index.php?rest_route=\/wp\/v2\/media\/4829"}],"wp:attachment":[{"href":"http:\/\/tvalaire.com\/index.php?rest_route=%2Fwp%2Fv2%2Fmedia&parent=4828"}],"wp:term":[{"taxonomy":"category","embeddable":true,"href":"http:\/\/tvalaire.com\/index.php?rest_route=%2Fwp%2Fv2%2Fcategories&post=4828"},{"taxonomy":"post_tag","embeddable":true,"href":"http:\/\/tvalaire.com\/index.php?rest_route=%2Fwp%2Fv2%2Ftags&post=4828"}],"curies":[{"name":"wp","href":"https:\/\/api.w.org\/{rel}","templated":true}]}}