{"id":4825,"date":"2018-11-29T11:13:08","date_gmt":"2018-11-29T17:13:08","guid":{"rendered":"http:\/\/tvalaire.com\/?p=4825"},"modified":"2019-01-09T11:13:35","modified_gmt":"2019-01-09T17:13:35","slug":"fue-instalado-el-consejo-municipal-de-desarrollo-rural-sustentable","status":"publish","type":"post","link":"http:\/\/tvalaire.com\/?p=4825","title":{"rendered":"FUE INSTALADO EL CONSEJO MUNICIPAL DE DESARROLLO RURAL SUSTENTABLE"},"content":{"rendered":"<p>&nbsp;<\/p>\n<ul>\n<li><b>Toman protesta 40 encargados de orden y 3 jefes de tenencia<\/b><\/li>\n<\/ul>\n<ul>\n<li>Vamos a priorizar las obras por hacer, pues no se har\u00e1 lo que el Presidente diga: Alex Espinoza<\/li>\n<\/ul>\n<p>&nbsp;<\/p>\n<p><span style=\"font-weight: 400;\">El presidente municipal, Alex Espinoza instal\u00f3 el Consejo de Desarrollo Rural Sustentable en una ceremonia en donde aprovech\u00f3 para dar posesi\u00f3n de sus cargos a los 40 encargados del orden y 3 jefes de tenencia que lo integran; a su vez propuso a Fernando Rosales Vallecillos, director de Fomento Agropecuario como Secretario T\u00e9cnico. Propuesta que fue ratificada por integrantes del Consejo.<\/span><\/p>\n<p><span style=\"font-weight: 400;\">Luego de la toma de protesta, entrega de credenciales y sellos oficiales, el Alcalde refrend\u00f3 su compromiso con uno de los pilares m\u00e1s importantes como \u00e9l mismo calific\u00f3 al campo piedadense, pues es a trav\u00e9s de \u00e9ste, que La Piedad ha progresado. <\/span><\/p>\n<p><span style=\"font-weight: 400;\">\u201cEl campo es la parte m\u00e1s importante de nuestra riqueza y es el potencial que tenemos para seguir creciendo en toda esta regi\u00f3n, agradezco a ustedes que son quienes conocen m\u00e1s del tema y les comento que vamos a priorizar las obras, porque no se har\u00e1n las que el presidente quiere, sino las que ustedes requieran\u201d.<\/span><\/p>\n<p><span style=\"font-weight: 400;\">Alex Espinoza indic\u00f3 que su administraci\u00f3n quiere caminar junto con ellos para impulsar los proyectos que requieran las comunidades, con quienes estableci\u00f3 el compromiso de trabajar sociedad y Gobierno para mejorar el campo. <\/span><\/p>\n<p><span style=\"font-weight: 400;\">A los representantes de los sectores agr\u00edcolas ah\u00ed presentes, les dio las gracias por compartir el compromiso con la sociedad y les pidi\u00f3 no olvidarse del municipio pues se\u00f1al\u00f3 que ya est\u00e1n listos para entrarle a los programas del 2019.<\/span><\/p>\n<p><span style=\"font-weight: 400;\">E inform\u00f3 que por su parte, ya ha iniciado las gestiones para mejorar los caminos y la infraestructura carretera principalmente la de La Piedad-Zamora, ante las instancias estatales y federales.<\/span><\/p>\n<p><span style=\"font-weight: 400;\">Durante la ceremonia realizada en el Centro Comunitario \u201cVicente Fox Quesada\u201d del fraccionamiento Delta, a la que tambi\u00e9n asisti\u00f3 la s\u00edndico Esther Naranjo Armend\u00e1riz; el secretario del Ayuntamiento Samuel Hidalgo Gallardo; el tesorero municipal Rigoberto Ortiz Sierra; los regidores Hugo P\u00e9rez; Ricardo Guillen y Julio Basurto; Ren\u00e9 Daut Espinoza jefe del distrito rural 090; Enrique Torres Cuadros delegado de la Secretar\u00eda de Desarrollo Rural y Agroalimentario (SEDR\u00daA); Jes\u00fas Ventura del distrito rural 087 de la CONAGUA y el jefe del cader Rafael Agu\u00ed\u00f1iga.<\/span><\/p>\n","protected":false},"excerpt":{"rendered":"<p>&nbsp; Toman protesta 40 encargados de orden y 3 jefes de tenencia Vamos a priorizar&#8230;<\/p>\n","protected":false},"author":1,"featured_media":4826,"comment_status":"open","ping_status":"open","sticky":false,"template":"","format":"standard","meta":{"jetpack_post_was_ever_published":false,"_jetpack_newsletter_access":"","_jetpack_dont_email_post_to_subs":false,"_jetpack_newsletter_tier_id":0,"_jetpack_memberships_contains_paywalled_content":false,"_jetpack_memberships_contains_paid_content":false,"footnotes":"","jetpack_publicize_message":"","jetpack_publicize_feature_enabled":true,"jetpack_social_post_already_shared":false,"jetpack_social_options":{"image_generator_settings":{"template":"highway","enabled":false},"version":2}},"categories":[1],"tags":[15,36],"class_list":["post-4825","post","type-post","status-publish","format-standard","has-post-thumbnail","hentry","category-la-piedad","tag-la-piedad","tag-principales"],"jetpack_publicize_connections":[],"jetpack_sharing_enabled":true,"featured_image_urls":{"full":["http:\/\/tvalaire.com\/wp-content\/uploads\/2019\/01\/01-7-1.jpeg",1124,750,false],"thumbnail":["http:\/\/tvalaire.com\/wp-content\/uploads\/2019\/01\/01-7-1-150x150.jpeg",150,150,true],"medium":["http:\/\/tvalaire.com\/wp-content\/uploads\/2019\/01\/01-7-1-300x200.jpeg",300,200,true],"medium_large":["http:\/\/tvalaire.com\/wp-content\/uploads\/2019\/01\/01-7-1-768x512.jpeg",640,427,true],"large":["http:\/\/tvalaire.com\/wp-content\/uploads\/2019\/01\/01-7-1-1024x683.jpeg",640,427,true],"post-slider-thumb-size":["http:\/\/tvalaire.com\/wp-content\/uploads\/2019\/01\/01-7-1.jpeg",285,190,false],"post-category-slider-size":["http:\/\/tvalaire.com\/wp-content\/uploads\/2019\/01\/01-7-1.jpeg",330,220,false],"1536x1536":["http:\/\/tvalaire.com\/wp-content\/uploads\/2019\/01\/01-7-1.jpeg",1124,750,false],"2048x2048":["http:\/\/tvalaire.com\/wp-content\/uploads\/2019\/01\/01-7-1.jpeg",1124,750,false],"newsium-slider-full":["http:\/\/tvalaire.com\/wp-content\/uploads\/2019\/01\/01-7-1.jpeg",1124,750,false],"newsium-featured":["http:\/\/tvalaire.com\/wp-content\/uploads\/2019\/01\/01-7-1.jpeg",1024,683,false],"newsium-medium":["http:\/\/tvalaire.com\/wp-content\/uploads\/2019\/01\/01-7-1.jpeg",712,475,false]},"author_info":{"info":["tvalairenoti"]},"category_info":"<a href=\"http:\/\/tvalaire.com\/?cat=1\" rel=\"category\">La Piedad<\/a>","tag_info":"La Piedad","comment_count":"0","jetpack_featured_media_url":"http:\/\/tvalaire.com\/wp-content\/uploads\/2019\/01\/01-7-1.jpeg","_links":{"self":[{"href":"http:\/\/tvalaire.com\/index.php?rest_route=\/wp\/v2\/posts\/4825"}],"collection":[{"href":"http:\/\/tvalaire.com\/index.php?rest_route=\/wp\/v2\/posts"}],"about":[{"href":"http:\/\/tvalaire.com\/index.php?rest_route=\/wp\/v2\/types\/post"}],"author":[{"embeddable":true,"href":"http:\/\/tvalaire.com\/index.php?rest_route=\/wp\/v2\/users\/1"}],"replies":[{"embeddable":true,"href":"http:\/\/tvalaire.com\/index.php?rest_route=%2Fwp%2Fv2%2Fcomments&post=4825"}],"version-history":[{"count":1,"href":"http:\/\/tvalaire.com\/index.php?rest_route=\/wp\/v2\/posts\/4825\/revisions"}],"predecessor-version":[{"id":4827,"href":"http:\/\/tvalaire.com\/index.php?rest_route=\/wp\/v2\/posts\/4825\/revisions\/4827"}],"wp:featuredmedia":[{"embeddable":true,"href":"http:\/\/tvalaire.com\/index.php?rest_route=\/wp\/v2\/media\/4826"}],"wp:attachment":[{"href":"http:\/\/tvalaire.com\/index.php?rest_route=%2Fwp%2Fv2%2Fmedia&parent=4825"}],"wp:term":[{"taxonomy":"category","embeddable":true,"href":"http:\/\/tvalaire.com\/index.php?rest_route=%2Fwp%2Fv2%2Fcategories&post=4825"},{"taxonomy":"post_tag","embeddable":true,"href":"http:\/\/tvalaire.com\/index.php?rest_route=%2Fwp%2Fv2%2Ftags&post=4825"}],"curies":[{"name":"wp","href":"https:\/\/api.w.org\/{rel}","templated":true}]}}