{"id":4819,"date":"2018-11-29T11:08:30","date_gmt":"2018-11-29T17:08:30","guid":{"rendered":"http:\/\/tvalaire.com\/?p=4819"},"modified":"2019-01-09T11:10:23","modified_gmt":"2019-01-09T17:10:23","slug":"convoca-ayuntamiento-a-participar-en-presea-dr-jose-maria-cavadas","status":"publish","type":"post","link":"http:\/\/tvalaire.com\/?p=4819","title":{"rendered":"CONVOCA AYUNTAMIENTO A PARTICIPAR EN PRESEA \u201cDR. JOS\u00c9 MAR\u00cdA CAVADAS\u201d"},"content":{"rendered":"<p>&nbsp;<\/p>\n<ul>\n<li><b>Es la m\u00e1xima condecoraci\u00f3n que otorga el Gobierno Municipal de La Piedad<\/b><\/li>\n<\/ul>\n<ul>\n<li>La Escuela de Artes qued\u00f3 habilitada para hacer la entrega del reconocimiento<\/li>\n<\/ul>\n<p>&nbsp;<\/p>\n<p><span style=\"font-weight: 400;\">Integrantes del Cabildo, aprobaron por unanimidad de votos la solicitud que present\u00f3 el alcalde Alex Espinoza, para la emisi\u00f3n de la convocatoria de la condecoraci\u00f3n \u201cDr. Jos\u00e9 Mar\u00eda Cavadas 2018\u201d y aprovecharon para habilitar el Recinto Oficial en donde se realizar\u00e1 la ceremonia de entrega.<\/span><\/p>\n<p><span style=\"font-weight: 400;\">La publicaci\u00f3n de la convocatoria se har\u00e1 p\u00fablica a partir de este jueves 29 de noviembre al 4 de diciembre hasta las 15:00 horas.<\/span><\/p>\n<p><span style=\"font-weight: 400;\">La presea \u201cDr. Jos\u00e9 Mar\u00eda Cavadas\u201d, es la m\u00e1xima condecoraci\u00f3n que otorga el Gobierno Municipal a las personas f\u00edsicas o morales, organizaciones o instituciones, que puedan comprobar su relevante servicio a la humanidad, a la Patria, al Estado o a la comunidad Piedadense.<\/span><\/p>\n<p><span style=\"font-weight: 400;\">Este premio fue establecido mediante el decreto No. 35, con fecha del 17 de agosto del a\u00f1o de 1999, mediante el cual le otorga facultades al Ayuntamiento de La Piedad para entregarla a quienes se hagan merecedores de ella.<\/span><\/p>\n<p><span style=\"font-weight: 400;\">La presea \u201cDr. Jos\u00e9 Mar\u00eda Cavadas\u201d, consiste en una medalla de oro y un diploma con caracter\u00edsticas que estime pertinentes el Cabildo con base al decreto respectivo.<\/span><\/p>\n<p><span style=\"font-weight: 400;\">A su vez, los integrantes del Cabildo habilitaron a la Escuela de Artes como recinto oficial, para la celebraci\u00f3n de la Sesi\u00f3n Solemne de Ayuntamiento, en la que se otorgar\u00e1 dicha condecoraci\u00f3n el jueves 20 de diciembre a las 11:00 horas.<\/span><\/p>\n<p><span style=\"font-weight: 400;\">Las bases de la convocatoria se dar\u00e1n a conocer a partir de este jueves y la recepci\u00f3n de documentos de los postulantes, se recibir\u00e1n en Secretar\u00eda del Ayuntamiento.<\/span><\/p>\n","protected":false},"excerpt":{"rendered":"<p>&nbsp; Es la m\u00e1xima condecoraci\u00f3n que otorga el Gobierno Municipal de La Piedad La Escuela&#8230;<\/p>\n","protected":false},"author":1,"featured_media":4820,"comment_status":"open","ping_status":"open","sticky":false,"template":"","format":"standard","meta":{"jetpack_post_was_ever_published":false,"_jetpack_newsletter_access":"","_jetpack_dont_email_post_to_subs":false,"_jetpack_newsletter_tier_id":0,"_jetpack_memberships_contains_paywalled_content":false,"_jetpack_memberships_contains_paid_content":false,"footnotes":"","jetpack_publicize_message":"","jetpack_publicize_feature_enabled":true,"jetpack_social_post_already_shared":false,"jetpack_social_options":{"image_generator_settings":{"template":"highway","enabled":false},"version":2}},"categories":[1],"tags":[15,36],"class_list":["post-4819","post","type-post","status-publish","format-standard","has-post-thumbnail","hentry","category-la-piedad","tag-la-piedad","tag-principales"],"jetpack_publicize_connections":[],"jetpack_sharing_enabled":true,"featured_image_urls":{"full":["http:\/\/tvalaire.com\/wp-content\/uploads\/2019\/01\/DSC_6892.jpg",4496,3000,false],"thumbnail":["http:\/\/tvalaire.com\/wp-content\/uploads\/2019\/01\/DSC_6892-150x150.jpg",150,150,true],"medium":["http:\/\/tvalaire.com\/wp-content\/uploads\/2019\/01\/DSC_6892-300x200.jpg",300,200,true],"medium_large":["http:\/\/tvalaire.com\/wp-content\/uploads\/2019\/01\/DSC_6892-768x512.jpg",640,427,true],"large":["http:\/\/tvalaire.com\/wp-content\/uploads\/2019\/01\/DSC_6892-1024x683.jpg",640,427,true],"post-slider-thumb-size":["http:\/\/tvalaire.com\/wp-content\/uploads\/2019\/01\/DSC_6892.jpg",285,190,false],"post-category-slider-size":["http:\/\/tvalaire.com\/wp-content\/uploads\/2019\/01\/DSC_6892.jpg",330,220,false],"1536x1536":["http:\/\/tvalaire.com\/wp-content\/uploads\/2019\/01\/DSC_6892.jpg",1536,1025,false],"2048x2048":["http:\/\/tvalaire.com\/wp-content\/uploads\/2019\/01\/DSC_6892.jpg",2048,1367,false],"newsium-slider-full":["http:\/\/tvalaire.com\/wp-content\/uploads\/2019\/01\/DSC_6892.jpg",1266,845,false],"newsium-featured":["http:\/\/tvalaire.com\/wp-content\/uploads\/2019\/01\/DSC_6892.jpg",1024,683,false],"newsium-medium":["http:\/\/tvalaire.com\/wp-content\/uploads\/2019\/01\/DSC_6892.jpg",712,475,false]},"author_info":{"info":["tvalairenoti"]},"category_info":"<a href=\"http:\/\/tvalaire.com\/?cat=1\" rel=\"category\">La Piedad<\/a>","tag_info":"La Piedad","comment_count":"0","jetpack_featured_media_url":"http:\/\/tvalaire.com\/wp-content\/uploads\/2019\/01\/DSC_6892.jpg","_links":{"self":[{"href":"http:\/\/tvalaire.com\/index.php?rest_route=\/wp\/v2\/posts\/4819"}],"collection":[{"href":"http:\/\/tvalaire.com\/index.php?rest_route=\/wp\/v2\/posts"}],"about":[{"href":"http:\/\/tvalaire.com\/index.php?rest_route=\/wp\/v2\/types\/post"}],"author":[{"embeddable":true,"href":"http:\/\/tvalaire.com\/index.php?rest_route=\/wp\/v2\/users\/1"}],"replies":[{"embeddable":true,"href":"http:\/\/tvalaire.com\/index.php?rest_route=%2Fwp%2Fv2%2Fcomments&post=4819"}],"version-history":[{"count":1,"href":"http:\/\/tvalaire.com\/index.php?rest_route=\/wp\/v2\/posts\/4819\/revisions"}],"predecessor-version":[{"id":4821,"href":"http:\/\/tvalaire.com\/index.php?rest_route=\/wp\/v2\/posts\/4819\/revisions\/4821"}],"wp:featuredmedia":[{"embeddable":true,"href":"http:\/\/tvalaire.com\/index.php?rest_route=\/wp\/v2\/media\/4820"}],"wp:attachment":[{"href":"http:\/\/tvalaire.com\/index.php?rest_route=%2Fwp%2Fv2%2Fmedia&parent=4819"}],"wp:term":[{"taxonomy":"category","embeddable":true,"href":"http:\/\/tvalaire.com\/index.php?rest_route=%2Fwp%2Fv2%2Fcategories&post=4819"},{"taxonomy":"post_tag","embeddable":true,"href":"http:\/\/tvalaire.com\/index.php?rest_route=%2Fwp%2Fv2%2Ftags&post=4819"}],"curies":[{"name":"wp","href":"https:\/\/api.w.org\/{rel}","templated":true}]}}