{"id":4816,"date":"2018-11-28T11:07:25","date_gmt":"2018-11-28T17:07:25","guid":{"rendered":"http:\/\/tvalaire.com\/?p=4816"},"modified":"2019-01-09T11:07:59","modified_gmt":"2019-01-09T17:07:59","slug":"instruira-cabildo-a-obras-publicas-y-predial-prevenir-al-comprar-lotes-en-malecon","status":"publish","type":"post","link":"http:\/\/tvalaire.com\/?p=4816","title":{"rendered":"INSTRUIR\u00c1 CABILDO A OBRAS P\u00daBLICAS Y PREDIAL PREVENIR AL COMPRAR LOTES EN MALEC\u00d3N"},"content":{"rendered":"<p>&nbsp;<\/p>\n<ul>\n<li><b>Dictamina Comisi\u00f3n de Desarrollo Urbano y Obras P\u00fablicas, riesgos en el Fraccionamiento el Malec\u00f3n<\/b><\/li>\n<\/ul>\n<ul>\n<li>\u201cNo seremos omisos a la problem\u00e1tica que existe en este lugar\u201d: Alex Espinoza<\/li>\n<\/ul>\n<p>&nbsp;<\/p>\n<p>&nbsp;<\/p>\n<p><span style=\"font-weight: 400;\">Integrantes de la Comisi\u00f3n de Desarrollo Urbano y Obras P\u00fablicas al interior del Cabildo, presentaron hoy en la sesi\u00f3n ordinaria, un dictamen sobre los riesgos que se presentan en el fraccionamiento El Malec\u00f3n en el cual, piden que se instruya a las direcciones de Obras P\u00fablicas y Propiedad Inmobiliaria no otorgar permisos de construcci\u00f3n o traslados de dominio.<\/span><\/p>\n<p><span style=\"font-weight: 400;\">Esto, como parte de las acciones que asumi\u00f3 el gobierno que preside Alex Espinoza, luego de las afectaciones ocurridas hace unas semanas durante el periodo de lluvias, en donde varias viviendas sufrieron da\u00f1os por la creciente del r\u00edo Lerma que se encuentran a solo unos metros de distancia.<\/span><\/p>\n<p><span style=\"font-weight: 400;\">En el documento que fue firmado por la s\u00edndico, Esther Naranjo Armend\u00e1riz y los regidores Alejandro Barreto Cabrera y Sukey Silva Alvarado establecen que: En base a toda la informaci\u00f3n que fue otorgada por las diferentes dependencias municipales, piden dar instrucciones a la direcci\u00f3n de Obras P\u00fablicas, para que en los lotes que se encuentran en venta en el fraccionamiento El Malec\u00f3n, no se les otorgue permiso para construcci\u00f3n por los riesgos de las inundaciones que sufre cada a\u00f1o y a la Propiedad Inmobiliaria sobre los traslados de domino.<\/span><\/p>\n<p><span style=\"font-weight: 400;\">En el dictamen, destacaron que no pod\u00edan negar la venta y la escrituraci\u00f3n de los lotes en dicho fraccionamiento, en virtud de que este cuenta con leg\u00edtimo propietario y ya tiene el permiso de fraccionar, permisos que no fueron otorgados por esta Administraci\u00f3n.<\/span><\/p>\n<p><span style=\"font-weight: 400;\">El presidente municipal, Alex Espinoza agradeci\u00f3 el trabajo a la Comisi\u00f3n y reiter\u00f3 que no pod\u00edan prohibir al fraccionador construir, pero s\u00ed podr\u00edan instruir a estas dos dependencias municipales para no dar permiso de construcci\u00f3n y para que al momento de hacer el traslado de dominio se advierta a las personas sobre los riesgos que representa el establecerse en ese lugar.<\/span><\/p>\n<p><span style=\"font-weight: 400;\">Aclar\u00f3 que este Gobierno no ser\u00eda omiso a la problem\u00e1tica que existe en El Malec\u00f3n en donde hasta la s\u00e9ptima casa que hay, este a\u00f1o sufri\u00f3 da\u00f1os por inundaci\u00f3n.<\/span><\/p>\n<p><span style=\"font-weight: 400;\">Dentro de la misma Sesi\u00f3n, los integrantes del Cabildo autorizaron la solicitud que present\u00f3 la s\u00edndico Esther Naranjo Armend\u00e1riz, para que de acuerdo al art\u00edculo 51, fracci\u00f3n VIII, de la Ley Org\u00e1nica Municipal del Estado de Michoac\u00e1n de Ocampo, delegara poder para pleitos\u00a0y cobranza, actos de administraci\u00f3n, para los litigios correspondientes en defensa de la administraci\u00f3n p\u00fablica, as\u00ed como pagos de impuestos ante el SAT al Lic. Jos\u00e9 Luis Villegas Herrera.<\/span><\/p>\n","protected":false},"excerpt":{"rendered":"<p>&nbsp; Dictamina Comisi\u00f3n de Desarrollo Urbano y Obras P\u00fablicas, riesgos en el Fraccionamiento el Malec\u00f3n&#8230;<\/p>\n","protected":false},"author":1,"featured_media":4817,"comment_status":"open","ping_status":"open","sticky":false,"template":"","format":"standard","meta":{"jetpack_post_was_ever_published":false,"_jetpack_newsletter_access":"","_jetpack_dont_email_post_to_subs":false,"_jetpack_newsletter_tier_id":0,"_jetpack_memberships_contains_paywalled_content":false,"_jetpack_memberships_contains_paid_content":false,"footnotes":"","jetpack_publicize_message":"","jetpack_publicize_feature_enabled":true,"jetpack_social_post_already_shared":false,"jetpack_social_options":{"image_generator_settings":{"template":"highway","enabled":false},"version":2}},"categories":[1],"tags":[15,36],"class_list":["post-4816","post","type-post","status-publish","format-standard","has-post-thumbnail","hentry","category-la-piedad","tag-la-piedad","tag-principales"],"jetpack_publicize_connections":[],"jetpack_sharing_enabled":true,"featured_image_urls":{"full":["http:\/\/tvalaire.com\/wp-content\/uploads\/2019\/01\/01-2-15.jpg",1124,750,false],"thumbnail":["http:\/\/tvalaire.com\/wp-content\/uploads\/2019\/01\/01-2-15-150x150.jpg",150,150,true],"medium":["http:\/\/tvalaire.com\/wp-content\/uploads\/2019\/01\/01-2-15-300x200.jpg",300,200,true],"medium_large":["http:\/\/tvalaire.com\/wp-content\/uploads\/2019\/01\/01-2-15-768x512.jpg",640,427,true],"large":["http:\/\/tvalaire.com\/wp-content\/uploads\/2019\/01\/01-2-15-1024x683.jpg",640,427,true],"post-slider-thumb-size":["http:\/\/tvalaire.com\/wp-content\/uploads\/2019\/01\/01-2-15.jpg",285,190,false],"post-category-slider-size":["http:\/\/tvalaire.com\/wp-content\/uploads\/2019\/01\/01-2-15.jpg",330,220,false],"1536x1536":["http:\/\/tvalaire.com\/wp-content\/uploads\/2019\/01\/01-2-15.jpg",1124,750,false],"2048x2048":["http:\/\/tvalaire.com\/wp-content\/uploads\/2019\/01\/01-2-15.jpg",1124,750,false],"newsium-slider-full":["http:\/\/tvalaire.com\/wp-content\/uploads\/2019\/01\/01-2-15.jpg",1124,750,false],"newsium-featured":["http:\/\/tvalaire.com\/wp-content\/uploads\/2019\/01\/01-2-15.jpg",1024,683,false],"newsium-medium":["http:\/\/tvalaire.com\/wp-content\/uploads\/2019\/01\/01-2-15.jpg",712,475,false]},"author_info":{"info":["tvalairenoti"]},"category_info":"<a href=\"http:\/\/tvalaire.com\/?cat=1\" rel=\"category\">La Piedad<\/a>","tag_info":"La Piedad","comment_count":"0","jetpack_featured_media_url":"http:\/\/tvalaire.com\/wp-content\/uploads\/2019\/01\/01-2-15.jpg","_links":{"self":[{"href":"http:\/\/tvalaire.com\/index.php?rest_route=\/wp\/v2\/posts\/4816"}],"collection":[{"href":"http:\/\/tvalaire.com\/index.php?rest_route=\/wp\/v2\/posts"}],"about":[{"href":"http:\/\/tvalaire.com\/index.php?rest_route=\/wp\/v2\/types\/post"}],"author":[{"embeddable":true,"href":"http:\/\/tvalaire.com\/index.php?rest_route=\/wp\/v2\/users\/1"}],"replies":[{"embeddable":true,"href":"http:\/\/tvalaire.com\/index.php?rest_route=%2Fwp%2Fv2%2Fcomments&post=4816"}],"version-history":[{"count":1,"href":"http:\/\/tvalaire.com\/index.php?rest_route=\/wp\/v2\/posts\/4816\/revisions"}],"predecessor-version":[{"id":4818,"href":"http:\/\/tvalaire.com\/index.php?rest_route=\/wp\/v2\/posts\/4816\/revisions\/4818"}],"wp:featuredmedia":[{"embeddable":true,"href":"http:\/\/tvalaire.com\/index.php?rest_route=\/wp\/v2\/media\/4817"}],"wp:attachment":[{"href":"http:\/\/tvalaire.com\/index.php?rest_route=%2Fwp%2Fv2%2Fmedia&parent=4816"}],"wp:term":[{"taxonomy":"category","embeddable":true,"href":"http:\/\/tvalaire.com\/index.php?rest_route=%2Fwp%2Fv2%2Fcategories&post=4816"},{"taxonomy":"post_tag","embeddable":true,"href":"http:\/\/tvalaire.com\/index.php?rest_route=%2Fwp%2Fv2%2Ftags&post=4816"}],"curies":[{"name":"wp","href":"https:\/\/api.w.org\/{rel}","templated":true}]}}