{"id":4810,"date":"2018-11-27T11:05:02","date_gmt":"2018-11-27T17:05:02","guid":{"rendered":"http:\/\/tvalaire.com\/?p=4810"},"modified":"2019-01-09T11:05:36","modified_gmt":"2019-01-09T17:05:36","slug":"se-busca-generar-conciencia-con-la-semana-incluyente-2018","status":"publish","type":"post","link":"http:\/\/tvalaire.com\/?p=4810","title":{"rendered":"SE BUSCA GENERAR CONCIENCIA CON LA SEMANA INCLUYENTE 2018"},"content":{"rendered":"<p>&nbsp;<\/p>\n<ul>\n<li><b>Jos\u00e9 Hern\u00e1ndez Moreno, dar\u00e1 una conferencia en UNIVA<\/b><\/li>\n<\/ul>\n<ul>\n<li>Teatro Medieval, actividades culturales, conferencia, tianguis incluyente, entre otras.<\/li>\n<\/ul>\n<p>&nbsp;<\/p>\n<p>&nbsp;<\/p>\n<p><span style=\"font-weight: 400;\">El Gobierno local a trav\u00e9s de la Comisi\u00f3n de Igualdad, integraci\u00f3n y diversidad social y DIF Municipal, dieron a conocer el programa de actividades que se realizar\u00e1 durante la Semana Incluyente 2018 que ser\u00e1 del 1 al 7 de diciembre.<\/span><\/p>\n<p><span style=\"font-weight: 400;\">El objetivo de esta jornada, es abrir un espacio a la inclusi\u00f3n y generar conciencia entre la poblaci\u00f3n sobre esta condici\u00f3n de vida.<\/span><\/p>\n<p><span style=\"font-weight: 400;\">Para ello, este s\u00e1bado 1 de diciembre se har\u00e1 una representaci\u00f3n del Teatro Medieval en el Teatro del Pueblo a partir de las 18:00 de la tarde, para el cual se hace una invitaci\u00f3n a la poblaci\u00f3n.<\/span><\/p>\n<p><span style=\"font-weight: 400;\">Se tiene previsto desarrollar varias actividades en el Centro de Atenci\u00f3n M\u00faltiple de Educaci\u00f3n Especial de Los Ayala, (CAM) as\u00ed como en el DIF Municipal los d\u00edas 3 y 4 de diciembre.<\/span><\/p>\n<p><span style=\"font-weight: 400;\">Para el mi\u00e9rcoles 5 de diciembre a partir de las 09:00 de la ma\u00f1ana habr\u00e1 una marcha por la inclusi\u00f3n que iniciar\u00e1 en la Glorieta Hidalgo al Teatro del Pueblo; a las 10:00 de la ma\u00f1ana se realizar\u00e1 el acto inaugural en el Teatro del Pueblo y a las 11:00 de la ma\u00f1ana se realizar\u00e1 una presentaci\u00f3n cultural, un tianguis incluyente y m\u00f3dulos de informaci\u00f3n en el Centro Hist\u00f3rico.<\/span><\/p>\n<p><span style=\"font-weight: 400;\">Ese mismo d\u00eda a las 5:00 de la tarde el astronauta de origen mexicano, Jos\u00e9 Hern\u00e1ndez Moreno, ofrecer\u00e1 una conferencia denominada \u201cCosechador de estrellas\u201d, que se impartir\u00e1 en el auditorio de la Universidad del Valle de Atemajac (UNIVA).<\/span><\/p>\n<p><span style=\"font-weight: 400;\">El 7 de diciembre a \u00a0las 09:00 de la ma\u00f1ana se realizar\u00e1 un evento deportivo con alumnos en el Centro de Atenci\u00f3n M\u00faltiple de Educaci\u00f3n Especial de Los Ayala.<\/span><\/p>\n","protected":false},"excerpt":{"rendered":"<p>&nbsp; Jos\u00e9 Hern\u00e1ndez Moreno, dar\u00e1 una conferencia en UNIVA Teatro Medieval, actividades culturales, conferencia, tianguis&#8230;<\/p>\n","protected":false},"author":1,"featured_media":4811,"comment_status":"open","ping_status":"open","sticky":false,"template":"","format":"standard","meta":{"jetpack_post_was_ever_published":false,"_jetpack_newsletter_access":"","_jetpack_dont_email_post_to_subs":false,"_jetpack_newsletter_tier_id":0,"_jetpack_memberships_contains_paywalled_content":false,"_jetpack_memberships_contains_paid_content":false,"footnotes":"","jetpack_publicize_message":"","jetpack_publicize_feature_enabled":true,"jetpack_social_post_already_shared":false,"jetpack_social_options":{"image_generator_settings":{"template":"highway","enabled":false},"version":2}},"categories":[1],"tags":[15,36],"class_list":["post-4810","post","type-post","status-publish","format-standard","has-post-thumbnail","hentry","category-la-piedad","tag-la-piedad","tag-principales"],"jetpack_publicize_connections":[],"jetpack_sharing_enabled":true,"featured_image_urls":{"full":["http:\/\/tvalaire.com\/wp-content\/uploads\/2019\/01\/01-4-1.jpg",1024,683,false],"thumbnail":["http:\/\/tvalaire.com\/wp-content\/uploads\/2019\/01\/01-4-1-150x150.jpg",150,150,true],"medium":["http:\/\/tvalaire.com\/wp-content\/uploads\/2019\/01\/01-4-1-300x200.jpg",300,200,true],"medium_large":["http:\/\/tvalaire.com\/wp-content\/uploads\/2019\/01\/01-4-1-768x512.jpg",640,427,true],"large":["http:\/\/tvalaire.com\/wp-content\/uploads\/2019\/01\/01-4-1-1024x683.jpg",640,427,true],"post-slider-thumb-size":["http:\/\/tvalaire.com\/wp-content\/uploads\/2019\/01\/01-4-1.jpg",285,190,false],"post-category-slider-size":["http:\/\/tvalaire.com\/wp-content\/uploads\/2019\/01\/01-4-1.jpg",330,220,false],"1536x1536":["http:\/\/tvalaire.com\/wp-content\/uploads\/2019\/01\/01-4-1.jpg",1024,683,false],"2048x2048":["http:\/\/tvalaire.com\/wp-content\/uploads\/2019\/01\/01-4-1.jpg",1024,683,false],"newsium-slider-full":["http:\/\/tvalaire.com\/wp-content\/uploads\/2019\/01\/01-4-1.jpg",1024,683,false],"newsium-featured":["http:\/\/tvalaire.com\/wp-content\/uploads\/2019\/01\/01-4-1.jpg",1024,683,false],"newsium-medium":["http:\/\/tvalaire.com\/wp-content\/uploads\/2019\/01\/01-4-1.jpg",712,475,false]},"author_info":{"info":["tvalairenoti"]},"category_info":"<a href=\"http:\/\/tvalaire.com\/?cat=1\" rel=\"category\">La Piedad<\/a>","tag_info":"La Piedad","comment_count":"0","jetpack_featured_media_url":"http:\/\/tvalaire.com\/wp-content\/uploads\/2019\/01\/01-4-1.jpg","_links":{"self":[{"href":"http:\/\/tvalaire.com\/index.php?rest_route=\/wp\/v2\/posts\/4810"}],"collection":[{"href":"http:\/\/tvalaire.com\/index.php?rest_route=\/wp\/v2\/posts"}],"about":[{"href":"http:\/\/tvalaire.com\/index.php?rest_route=\/wp\/v2\/types\/post"}],"author":[{"embeddable":true,"href":"http:\/\/tvalaire.com\/index.php?rest_route=\/wp\/v2\/users\/1"}],"replies":[{"embeddable":true,"href":"http:\/\/tvalaire.com\/index.php?rest_route=%2Fwp%2Fv2%2Fcomments&post=4810"}],"version-history":[{"count":1,"href":"http:\/\/tvalaire.com\/index.php?rest_route=\/wp\/v2\/posts\/4810\/revisions"}],"predecessor-version":[{"id":4812,"href":"http:\/\/tvalaire.com\/index.php?rest_route=\/wp\/v2\/posts\/4810\/revisions\/4812"}],"wp:featuredmedia":[{"embeddable":true,"href":"http:\/\/tvalaire.com\/index.php?rest_route=\/wp\/v2\/media\/4811"}],"wp:attachment":[{"href":"http:\/\/tvalaire.com\/index.php?rest_route=%2Fwp%2Fv2%2Fmedia&parent=4810"}],"wp:term":[{"taxonomy":"category","embeddable":true,"href":"http:\/\/tvalaire.com\/index.php?rest_route=%2Fwp%2Fv2%2Fcategories&post=4810"},{"taxonomy":"post_tag","embeddable":true,"href":"http:\/\/tvalaire.com\/index.php?rest_route=%2Fwp%2Fv2%2Ftags&post=4810"}],"curies":[{"name":"wp","href":"https:\/\/api.w.org\/{rel}","templated":true}]}}