{"id":4807,"date":"2018-11-27T11:03:49","date_gmt":"2018-11-27T17:03:49","guid":{"rendered":"http:\/\/tvalaire.com\/?p=4807"},"modified":"2019-01-09T11:04:37","modified_gmt":"2019-01-09T17:04:37","slug":"las-palomas-mensajeras-tendran-su-cita-en-la-embajada-estadounidense","status":"publish","type":"post","link":"http:\/\/tvalaire.com\/?p=4807","title":{"rendered":"LAS PALOMAS MENSAJERAS TENDR\u00c1N SU CITA EN LA EMBAJADA ESTADOUNIDENSE"},"content":{"rendered":"<p>&nbsp;<\/p>\n<ul>\n<li><b>El Gobierno Municipal proporcion\u00f3 3 autobuses para el viaje<\/b><\/li>\n<\/ul>\n<ul>\n<li>82 personas buscan obtener su visa para reencontrarse con sus familiares<\/li>\n<\/ul>\n<p>&nbsp;<\/p>\n<p><span style=\"font-weight: 400;\">El Gobierno Municipal que preside Alex Espinoza a trav\u00e9s de la direcci\u00f3n de Vinculaci\u00f3n Internacional, enviar\u00e1 esta noche tres autobuses con un total de 82 personas que forman parte del programa \u201cPalomas Mensajeras\u201d, para que asistan a la entrevista que sostendr\u00e1n ma\u00f1ana mi\u00e9rcoles a la Embajada Americana con el fin de obtener su visa de ingreso a los Estados Unidos.<\/span><\/p>\n<p><span style=\"font-weight: 400;\">Los integrantes de este grupo, ir\u00e1n acompa\u00f1ados de la directora de vinculaci\u00f3n internacional Priscila Fern\u00e1ndez Molina y personal m\u00e9dico del DIF Municipal, quienes acuden para proporcionar auxilio m\u00e9dico en caso de ser necesario.<\/span><\/p>\n<p><span style=\"font-weight: 400;\">La cita en la Embajada Americana se tiene prevista a partir de las 06:00 de la ma\u00f1ana y las entrevistas se realizar\u00e1n a cada uno de los 82 integrantes del programa a quienes se les dar\u00e1 respuesta inmediata sobre la solicitud de su visa humanitaria para ingresar a los Estados Unidos a visitar a sus familiares.<\/span><\/p>\n<p><span style=\"font-weight: 400;\">El Gobierno Municipal conf\u00eda en que todas las personas que acuden, puedan obtener su visa, ya que cumplen con los requisitos establecidos por las instancias migratorias correspondientes.<\/span><\/p>\n<p><span style=\"font-weight: 400;\">Priscila Fern\u00e1ndez inform\u00f3 que la entrega de las visas se recibir\u00e1n en un lapso de 15 a 30 d\u00edas, por lo que tendr\u00e1n el tiempo suficiente para programar la fecha en la que las personas que acuden y que en su mayor\u00eda son adultos mayores, puedan visitar y reencontrarse con sus hijos, esposos, hermanos, padres o familiares cercanos, quienes por su condici\u00f3n migratoria llevan a\u00f1os sin verse.<\/span><\/p>\n","protected":false},"excerpt":{"rendered":"<p>&nbsp; El Gobierno Municipal proporcion\u00f3 3 autobuses para el viaje 82 personas buscan obtener su&#8230;<\/p>\n","protected":false},"author":1,"featured_media":4808,"comment_status":"open","ping_status":"open","sticky":false,"template":"","format":"standard","meta":{"jetpack_post_was_ever_published":false,"_jetpack_newsletter_access":"","_jetpack_dont_email_post_to_subs":false,"_jetpack_newsletter_tier_id":0,"_jetpack_memberships_contains_paywalled_content":false,"_jetpack_memberships_contains_paid_content":false,"footnotes":"","jetpack_publicize_message":"","jetpack_publicize_feature_enabled":true,"jetpack_social_post_already_shared":false,"jetpack_social_options":{"image_generator_settings":{"template":"highway","enabled":false},"version":2}},"categories":[1],"tags":[15,36],"class_list":["post-4807","post","type-post","status-publish","format-standard","has-post-thumbnail","hentry","category-la-piedad","tag-la-piedad","tag-principales"],"jetpack_publicize_connections":[],"jetpack_sharing_enabled":true,"featured_image_urls":{"full":["http:\/\/tvalaire.com\/wp-content\/uploads\/2019\/01\/01-3-3.jpg",1024,683,false],"thumbnail":["http:\/\/tvalaire.com\/wp-content\/uploads\/2019\/01\/01-3-3-150x150.jpg",150,150,true],"medium":["http:\/\/tvalaire.com\/wp-content\/uploads\/2019\/01\/01-3-3-300x200.jpg",300,200,true],"medium_large":["http:\/\/tvalaire.com\/wp-content\/uploads\/2019\/01\/01-3-3-768x512.jpg",640,427,true],"large":["http:\/\/tvalaire.com\/wp-content\/uploads\/2019\/01\/01-3-3-1024x683.jpg",640,427,true],"post-slider-thumb-size":["http:\/\/tvalaire.com\/wp-content\/uploads\/2019\/01\/01-3-3.jpg",285,190,false],"post-category-slider-size":["http:\/\/tvalaire.com\/wp-content\/uploads\/2019\/01\/01-3-3.jpg",330,220,false],"1536x1536":["http:\/\/tvalaire.com\/wp-content\/uploads\/2019\/01\/01-3-3.jpg",1024,683,false],"2048x2048":["http:\/\/tvalaire.com\/wp-content\/uploads\/2019\/01\/01-3-3.jpg",1024,683,false],"newsium-slider-full":["http:\/\/tvalaire.com\/wp-content\/uploads\/2019\/01\/01-3-3.jpg",1024,683,false],"newsium-featured":["http:\/\/tvalaire.com\/wp-content\/uploads\/2019\/01\/01-3-3.jpg",1024,683,false],"newsium-medium":["http:\/\/tvalaire.com\/wp-content\/uploads\/2019\/01\/01-3-3.jpg",712,475,false]},"author_info":{"info":["tvalairenoti"]},"category_info":"<a href=\"http:\/\/tvalaire.com\/?cat=1\" rel=\"category\">La Piedad<\/a>","tag_info":"La Piedad","comment_count":"0","jetpack_featured_media_url":"http:\/\/tvalaire.com\/wp-content\/uploads\/2019\/01\/01-3-3.jpg","_links":{"self":[{"href":"http:\/\/tvalaire.com\/index.php?rest_route=\/wp\/v2\/posts\/4807"}],"collection":[{"href":"http:\/\/tvalaire.com\/index.php?rest_route=\/wp\/v2\/posts"}],"about":[{"href":"http:\/\/tvalaire.com\/index.php?rest_route=\/wp\/v2\/types\/post"}],"author":[{"embeddable":true,"href":"http:\/\/tvalaire.com\/index.php?rest_route=\/wp\/v2\/users\/1"}],"replies":[{"embeddable":true,"href":"http:\/\/tvalaire.com\/index.php?rest_route=%2Fwp%2Fv2%2Fcomments&post=4807"}],"version-history":[{"count":1,"href":"http:\/\/tvalaire.com\/index.php?rest_route=\/wp\/v2\/posts\/4807\/revisions"}],"predecessor-version":[{"id":4809,"href":"http:\/\/tvalaire.com\/index.php?rest_route=\/wp\/v2\/posts\/4807\/revisions\/4809"}],"wp:featuredmedia":[{"embeddable":true,"href":"http:\/\/tvalaire.com\/index.php?rest_route=\/wp\/v2\/media\/4808"}],"wp:attachment":[{"href":"http:\/\/tvalaire.com\/index.php?rest_route=%2Fwp%2Fv2%2Fmedia&parent=4807"}],"wp:term":[{"taxonomy":"category","embeddable":true,"href":"http:\/\/tvalaire.com\/index.php?rest_route=%2Fwp%2Fv2%2Fcategories&post=4807"},{"taxonomy":"post_tag","embeddable":true,"href":"http:\/\/tvalaire.com\/index.php?rest_route=%2Fwp%2Fv2%2Ftags&post=4807"}],"curies":[{"name":"wp","href":"https:\/\/api.w.org\/{rel}","templated":true}]}}