{"id":4798,"date":"2018-11-26T11:00:27","date_gmt":"2018-11-26T17:00:27","guid":{"rendered":"http:\/\/tvalaire.com\/?p=4798"},"modified":"2019-01-09T11:00:58","modified_gmt":"2019-01-09T17:00:58","slug":"autoridades-auxiliares-del-gobierno-municipal-en-el-medio-rural-completa","status":"publish","type":"post","link":"http:\/\/tvalaire.com\/?p=4798","title":{"rendered":"AUTORIDADES AUXILIARES DEL GOBIERNO MUNICIPAL EN EL MEDIO RURAL COMPLETA"},"content":{"rendered":"<p>&nbsp;<\/p>\n<ul>\n<li><b>Son tres Jefes de Tenencia y 40 encargados del orden<\/b><\/li>\n<\/ul>\n<ul>\n<li>Esta semana se integrar\u00e1 el Consejo Municipal de Desarrollo Rural<\/li>\n<\/ul>\n<p>&nbsp;<\/p>\n<p><span style=\"font-weight: 400;\">El Gobierno Municipal que preside Alex Espinoza, complet\u00f3 el proceso de elecci\u00f3n de las autoridades auxiliares en el medio rural, toda vez que este fin de semana se llevaron a cabo comicios para elegir a los jefes de Tenencia de Ticu\u00edtaco y Los Guajes.<\/span><\/p>\n<p><span style=\"font-weight: 400;\">Con lo anterior, se dio cumplimiento con lo establecido en la Ley Org\u00e1nica Municipal, que contempla que las autoridades auxiliares deber\u00e1n estar listas dentro de los 90 d\u00edas posteriores a la toma de posesi\u00f3n de las autoridades locales.<\/span><\/p>\n<p><span style=\"font-weight: 400;\">Samuel Hidalgo Gallardo, secretario del Ayuntamiento inform\u00f3 que en el caso de las tenencias, el proceso de elecci\u00f3n se hizo mediante votaci\u00f3n libre y secreta los domingos 18 y 25 de noviembre, previa convocatoria en cada una de las comunidades.<\/span><\/p>\n<p><span style=\"font-weight: 400;\">De esta manera los jefes de las tenencias de R\u00edo Grande ratificaron con su voto a la \u00fanica planilla que se present\u00f3 y que estuvo encabezada por Jes\u00fas Bravo Hern\u00e1ndez; lo mismo ocurri\u00f3 en Ticu\u00edtaco en donde la \u00fanica planilla la presidio Mar\u00eda Elena Pacheco Solorio y en Los Guajes, Jos\u00e9 Mart\u00edn Aguilar Pichardo.<\/span><\/p>\n<p><span style=\"font-weight: 400;\">Previamente se eligi\u00f3 a los 40 encargados del orden con quienes esta misma semana el alcalde Alex Espinoza, integrar\u00e1 y tomar\u00e1 protesta a todos ellos quienes a su vez integrar\u00e1n el Consejo Municipal de Desarrollo Rural junto con otras autoridades estatales y federales.<\/span><\/p>\n","protected":false},"excerpt":{"rendered":"<p>&nbsp; Son tres Jefes de Tenencia y 40 encargados del orden Esta semana se integrar\u00e1&#8230;<\/p>\n","protected":false},"author":1,"featured_media":4799,"comment_status":"open","ping_status":"open","sticky":false,"template":"","format":"standard","meta":{"jetpack_post_was_ever_published":false,"_jetpack_newsletter_access":"","_jetpack_dont_email_post_to_subs":false,"_jetpack_newsletter_tier_id":0,"_jetpack_memberships_contains_paywalled_content":false,"_jetpack_memberships_contains_paid_content":false,"footnotes":"","jetpack_publicize_message":"","jetpack_publicize_feature_enabled":true,"jetpack_social_post_already_shared":false,"jetpack_social_options":{"image_generator_settings":{"template":"highway","enabled":false},"version":2}},"categories":[1],"tags":[15,36],"class_list":["post-4798","post","type-post","status-publish","format-standard","has-post-thumbnail","hentry","category-la-piedad","tag-la-piedad","tag-principales"],"jetpack_publicize_connections":[],"jetpack_sharing_enabled":true,"featured_image_urls":{"full":["http:\/\/tvalaire.com\/wp-content\/uploads\/2019\/01\/01-1-4.jpeg",1024,768,false],"thumbnail":["http:\/\/tvalaire.com\/wp-content\/uploads\/2019\/01\/01-1-4-150x150.jpeg",150,150,true],"medium":["http:\/\/tvalaire.com\/wp-content\/uploads\/2019\/01\/01-1-4-300x225.jpeg",300,225,true],"medium_large":["http:\/\/tvalaire.com\/wp-content\/uploads\/2019\/01\/01-1-4-768x576.jpeg",640,480,true],"large":["http:\/\/tvalaire.com\/wp-content\/uploads\/2019\/01\/01-1-4-1024x768.jpeg",640,480,true],"post-slider-thumb-size":["http:\/\/tvalaire.com\/wp-content\/uploads\/2019\/01\/01-1-4.jpeg",253,190,false],"post-category-slider-size":["http:\/\/tvalaire.com\/wp-content\/uploads\/2019\/01\/01-1-4.jpeg",330,248,false],"1536x1536":["http:\/\/tvalaire.com\/wp-content\/uploads\/2019\/01\/01-1-4.jpeg",1024,768,false],"2048x2048":["http:\/\/tvalaire.com\/wp-content\/uploads\/2019\/01\/01-1-4.jpeg",1024,768,false],"newsium-slider-full":["http:\/\/tvalaire.com\/wp-content\/uploads\/2019\/01\/01-1-4.jpeg",1024,768,false],"newsium-featured":["http:\/\/tvalaire.com\/wp-content\/uploads\/2019\/01\/01-1-4.jpeg",1024,768,false],"newsium-medium":["http:\/\/tvalaire.com\/wp-content\/uploads\/2019\/01\/01-1-4.jpeg",633,475,false]},"author_info":{"info":["tvalairenoti"]},"category_info":"<a href=\"http:\/\/tvalaire.com\/?cat=1\" rel=\"category\">La Piedad<\/a>","tag_info":"La Piedad","comment_count":"0","jetpack_featured_media_url":"http:\/\/tvalaire.com\/wp-content\/uploads\/2019\/01\/01-1-4.jpeg","_links":{"self":[{"href":"http:\/\/tvalaire.com\/index.php?rest_route=\/wp\/v2\/posts\/4798"}],"collection":[{"href":"http:\/\/tvalaire.com\/index.php?rest_route=\/wp\/v2\/posts"}],"about":[{"href":"http:\/\/tvalaire.com\/index.php?rest_route=\/wp\/v2\/types\/post"}],"author":[{"embeddable":true,"href":"http:\/\/tvalaire.com\/index.php?rest_route=\/wp\/v2\/users\/1"}],"replies":[{"embeddable":true,"href":"http:\/\/tvalaire.com\/index.php?rest_route=%2Fwp%2Fv2%2Fcomments&post=4798"}],"version-history":[{"count":1,"href":"http:\/\/tvalaire.com\/index.php?rest_route=\/wp\/v2\/posts\/4798\/revisions"}],"predecessor-version":[{"id":4800,"href":"http:\/\/tvalaire.com\/index.php?rest_route=\/wp\/v2\/posts\/4798\/revisions\/4800"}],"wp:featuredmedia":[{"embeddable":true,"href":"http:\/\/tvalaire.com\/index.php?rest_route=\/wp\/v2\/media\/4799"}],"wp:attachment":[{"href":"http:\/\/tvalaire.com\/index.php?rest_route=%2Fwp%2Fv2%2Fmedia&parent=4798"}],"wp:term":[{"taxonomy":"category","embeddable":true,"href":"http:\/\/tvalaire.com\/index.php?rest_route=%2Fwp%2Fv2%2Fcategories&post=4798"},{"taxonomy":"post_tag","embeddable":true,"href":"http:\/\/tvalaire.com\/index.php?rest_route=%2Fwp%2Fv2%2Ftags&post=4798"}],"curies":[{"name":"wp","href":"https:\/\/api.w.org\/{rel}","templated":true}]}}