{"id":4795,"date":"2018-11-26T10:59:21","date_gmt":"2018-11-26T16:59:21","guid":{"rendered":"http:\/\/tvalaire.com\/?p=4795"},"modified":"2019-01-09T11:00:06","modified_gmt":"2019-01-09T17:00:06","slug":"promueven-jornadas-regionales-de-cultura-financiera-en-la-piedad","status":"publish","type":"post","link":"http:\/\/tvalaire.com\/?p=4795","title":{"rendered":"PROMUEVEN JORNADAS REGIONALES DE CULTURA FINANCIERA EN LA PIEDAD"},"content":{"rendered":"<p>&nbsp;<\/p>\n<ul>\n<li><b>13 municipios de la regi\u00f3n se reunieron en UNIVA<\/b><\/li>\n<\/ul>\n<ul>\n<li>Se promueven apoyos econ\u00f3micos para las micro y peque\u00f1as empresas<\/li>\n<\/ul>\n<p>&nbsp;<\/p>\n<p><span style=\"font-weight: 400;\">El Sistema Integral de Financiamiento para el Desarrollo de Michoac\u00e1n (S\u00ed Financia) y el Gobierno Municipal a trav\u00e9s de la direcci\u00f3n de Promoci\u00f3n Econ\u00f3mica, realizaron las Jornadas Regionales de Cultura Financiera que estuvo dirigido a los micro, peque\u00f1os y medianos empresarios, as\u00ed como emprendedores de 13 municipios de la regi\u00f3n.<\/span><\/p>\n<p><span style=\"font-weight: 400;\">El objetivo, fue ofrecer capacitaci\u00f3n, asistencia t\u00e9cnica empresarial, as\u00ed como el financiamiento que las empresas requieren.<\/span><\/p>\n<p><span style=\"font-weight: 400;\">La Jornada Regional de Cultura Financiera se llev\u00f3 a cabo en el aula magna de UNIVA y estuvo encabezada por Alejandra Navarro Garc\u00eda, jefa del departamento de capacitaci\u00f3n de S\u00ed Financia; Juan Carlos Guzm\u00e1n Ru\u00edz, director de Promoci\u00f3n Econ\u00f3mica y representante del alcalde Alex Espinoza; Natalia Alejandra Salinas Bravo, directora del plantel; Mar\u00eda Lourdes Le\u00f3n Rangel gerente de la C\u00e1mara Nacional de Comercio (Canaco), entre otros.<\/span><\/p>\n<p><span style=\"font-weight: 400;\">Alejandra Navarro Garc\u00eda, indic\u00f3 que a trav\u00e9s de esta jornada, a los asistentes se les capacitar\u00e1 sobre la forma de manejar sus recursos en las empresas, darles asesor\u00eda t\u00e9cnica, capacitaci\u00f3n y promover\u00e1n los programas de apoyo econ\u00f3mico.<\/span><\/p>\n<p><span style=\"font-weight: 400;\">Juan Carlos Guzm\u00e1n, director de Promoci\u00f3n Econ\u00f3mica, a nombre de nuestro alcalde Alex Espinoza dio la bienvenida a los asistentes y se\u00f1al\u00f3 que desde el primer d\u00eda de trabajo, se le instruy\u00f3 para dinamizar a las empresas locales y retomar el rumbo y liderazgo del municipio mediante la reactivaci\u00f3n de la econom\u00eda.<\/span><\/p>\n<p><span style=\"font-weight: 400;\">En este sentido, se ha privilegiado el apoyo a las empresas de los piedadenses que tienen necesidad de crecimiento, as\u00ed como de los emprendedores. Como muestra; inform\u00f3 que ya llevaron a un primer grupo de microempresarios a S\u00ed Financia para apoyarlos con microcr\u00e9ditos y se tiene listo el segundo grupo, con lo cual reactiv\u00f3 este programa que incluye asesor\u00eda t\u00e9cnica que durante la administraci\u00f3n pasada se cancel\u00f3.<\/span><\/p>\n<p><span style=\"font-weight: 400;\">Natalia Alejandra Salinas Bravo, en su intervenci\u00f3n, resalt\u00f3 el apoyo a las microfinanzas a este sector que representa el 98 por ciento de las empresas en el mundo y M\u00e9xico no es la excepci\u00f3n, los cuales generan el 70 por ciento del empleo y aportan m\u00e1s del 50 por ciento del PIB; por eso es necesario estar dijo, capacitados en temas como financiamiento, desarrollo sustentable, entre otros; pero pidi\u00f3 ser prudentes y hacer an\u00e1lisis financieros sobre lo que buscan realizar.<\/span><span style=\"font-weight: 400;\"><br \/>\n<\/span><\/p>\n","protected":false},"excerpt":{"rendered":"<p>&nbsp; 13 municipios de la regi\u00f3n se reunieron en UNIVA Se promueven apoyos econ\u00f3micos para&#8230;<\/p>\n","protected":false},"author":1,"featured_media":4796,"comment_status":"open","ping_status":"open","sticky":false,"template":"","format":"standard","meta":{"jetpack_post_was_ever_published":false,"_jetpack_newsletter_access":"","_jetpack_dont_email_post_to_subs":false,"_jetpack_newsletter_tier_id":0,"_jetpack_memberships_contains_paywalled_content":false,"_jetpack_memberships_contains_paid_content":false,"footnotes":"","jetpack_publicize_message":"","jetpack_publicize_feature_enabled":true,"jetpack_social_post_already_shared":false,"jetpack_social_options":{"image_generator_settings":{"template":"highway","enabled":false},"version":2}},"categories":[1],"tags":[15,36],"class_list":["post-4795","post","type-post","status-publish","format-standard","has-post-thumbnail","hentry","category-la-piedad","tag-la-piedad","tag-principales"],"jetpack_publicize_connections":[],"jetpack_sharing_enabled":true,"featured_image_urls":{"full":["http:\/\/tvalaire.com\/wp-content\/uploads\/2019\/01\/01-2-14.jpg",1024,683,false],"thumbnail":["http:\/\/tvalaire.com\/wp-content\/uploads\/2019\/01\/01-2-14-150x150.jpg",150,150,true],"medium":["http:\/\/tvalaire.com\/wp-content\/uploads\/2019\/01\/01-2-14-300x200.jpg",300,200,true],"medium_large":["http:\/\/tvalaire.com\/wp-content\/uploads\/2019\/01\/01-2-14-768x512.jpg",640,427,true],"large":["http:\/\/tvalaire.com\/wp-content\/uploads\/2019\/01\/01-2-14-1024x683.jpg",640,427,true],"post-slider-thumb-size":["http:\/\/tvalaire.com\/wp-content\/uploads\/2019\/01\/01-2-14.jpg",285,190,false],"post-category-slider-size":["http:\/\/tvalaire.com\/wp-content\/uploads\/2019\/01\/01-2-14.jpg",330,220,false],"1536x1536":["http:\/\/tvalaire.com\/wp-content\/uploads\/2019\/01\/01-2-14.jpg",1024,683,false],"2048x2048":["http:\/\/tvalaire.com\/wp-content\/uploads\/2019\/01\/01-2-14.jpg",1024,683,false],"newsium-slider-full":["http:\/\/tvalaire.com\/wp-content\/uploads\/2019\/01\/01-2-14.jpg",1024,683,false],"newsium-featured":["http:\/\/tvalaire.com\/wp-content\/uploads\/2019\/01\/01-2-14.jpg",1024,683,false],"newsium-medium":["http:\/\/tvalaire.com\/wp-content\/uploads\/2019\/01\/01-2-14.jpg",712,475,false]},"author_info":{"info":["tvalairenoti"]},"category_info":"<a href=\"http:\/\/tvalaire.com\/?cat=1\" rel=\"category\">La Piedad<\/a>","tag_info":"La Piedad","comment_count":"0","jetpack_featured_media_url":"http:\/\/tvalaire.com\/wp-content\/uploads\/2019\/01\/01-2-14.jpg","_links":{"self":[{"href":"http:\/\/tvalaire.com\/index.php?rest_route=\/wp\/v2\/posts\/4795"}],"collection":[{"href":"http:\/\/tvalaire.com\/index.php?rest_route=\/wp\/v2\/posts"}],"about":[{"href":"http:\/\/tvalaire.com\/index.php?rest_route=\/wp\/v2\/types\/post"}],"author":[{"embeddable":true,"href":"http:\/\/tvalaire.com\/index.php?rest_route=\/wp\/v2\/users\/1"}],"replies":[{"embeddable":true,"href":"http:\/\/tvalaire.com\/index.php?rest_route=%2Fwp%2Fv2%2Fcomments&post=4795"}],"version-history":[{"count":1,"href":"http:\/\/tvalaire.com\/index.php?rest_route=\/wp\/v2\/posts\/4795\/revisions"}],"predecessor-version":[{"id":4797,"href":"http:\/\/tvalaire.com\/index.php?rest_route=\/wp\/v2\/posts\/4795\/revisions\/4797"}],"wp:featuredmedia":[{"embeddable":true,"href":"http:\/\/tvalaire.com\/index.php?rest_route=\/wp\/v2\/media\/4796"}],"wp:attachment":[{"href":"http:\/\/tvalaire.com\/index.php?rest_route=%2Fwp%2Fv2%2Fmedia&parent=4795"}],"wp:term":[{"taxonomy":"category","embeddable":true,"href":"http:\/\/tvalaire.com\/index.php?rest_route=%2Fwp%2Fv2%2Fcategories&post=4795"},{"taxonomy":"post_tag","embeddable":true,"href":"http:\/\/tvalaire.com\/index.php?rest_route=%2Fwp%2Fv2%2Ftags&post=4795"}],"curies":[{"name":"wp","href":"https:\/\/api.w.org\/{rel}","templated":true}]}}