{"id":4783,"date":"2018-11-23T10:55:03","date_gmt":"2018-11-23T16:55:03","guid":{"rendered":"http:\/\/tvalaire.com\/?p=4783"},"modified":"2019-01-09T10:55:34","modified_gmt":"2019-01-09T16:55:34","slug":"el-programa-ex-bracero-no-esta-activo-y-no-hay-lista-de-beneficiados","status":"publish","type":"post","link":"http:\/\/tvalaire.com\/?p=4783","title":{"rendered":"EL PROGRAMA EX BRACERO NO ESTA ACTIVO Y NO HAY LISTA DE BENEFICIADOS"},"content":{"rendered":"<p>&nbsp;<\/p>\n<ul>\n<li><b>Es falsa la posibilidad de cobrar ese fondo de ahorro<\/b><\/li>\n<\/ul>\n<ul>\n<li>Piden a la poblaci\u00f3n en general estar atentos y no dejarse enga\u00f1ar<\/li>\n<\/ul>\n<p>&nbsp;<\/p>\n<p><span style=\"font-weight: 400;\">El Gobierno Municipal a trav\u00e9s de la direcci\u00f3n de Vinculaci\u00f3n Internacional, hizo un llamado a la poblaci\u00f3n para no dejarse llevar por personas u organizaciones que les aseguran que habr\u00e1 nuevas listas de personas que podr\u00e1n cobrar el fondo de apoyo econ\u00f3mico para los Ex braceros, ya que la Secretar\u00eda del Migrante inform\u00f3 que no hay disposici\u00f3n legal para realizar dichos pagos.<\/span><\/p>\n<p><span style=\"font-weight: 400;\">Al respecto, la directora de Vinculaci\u00f3n Internacional Priscila Fern\u00e1ndez Molina, indic\u00f3 que los \u00faltimos d\u00edas diversas personas se han acercado a la dependencia municipal a solicitar informaci\u00f3n sobre una persona o asociaci\u00f3n que est\u00e1 anunciando que habr\u00e1 nuevas listas de Ex braceros que podr\u00e1n cobrar el fideicomiso del fondo de apoyo econ\u00f3mico.<\/span><\/p>\n<p><span style=\"font-weight: 400;\">De hecho, se le inform\u00f3 que a muchos de ellos se les cit\u00f3 ya en una ocasi\u00f3n en el jard\u00edn de La Pur\u00edsima y les est\u00e1n cobrando por el tr\u00e1mite 2 mil 350 pesos por persona y tienen programada otra reuni\u00f3n en los pr\u00f3ximos d\u00edas.<\/span><\/p>\n<p><span style=\"font-weight: 400;\">Ante esta situaci\u00f3n dijo haberse comunicado a la Secretar\u00eda del Migrante para orientar a las personas pero ah\u00ed le informaron que no existe la posibilidad de reactivar el programa.<\/span><\/p>\n<p><span style=\"font-weight: 400;\">Por lo que invit\u00f3 a las personas a no dejarse llevar por informaciones carentes de veracidad, pues no existe la posibilidad de que el Gobierno Federal saque nuevas listas, por tanto pidi\u00f3 no dejarse enga\u00f1ar.<\/span><\/p>\n<p><span style=\"font-weight: 400;\">A quienes tengan alguna duda sobre el programa, pidi\u00f3 que acudan a la direcci\u00f3n de Vinculaci\u00f3n Internacional ubicada en la calle Vicente Guerrero n\u00famero 130 en la colonia centro de lunes a viernes en horario de oficina.<\/span><\/p>\n","protected":false},"excerpt":{"rendered":"<p>&nbsp; Es falsa la posibilidad de cobrar ese fondo de ahorro Piden a la poblaci\u00f3n&#8230;<\/p>\n","protected":false},"author":1,"featured_media":4784,"comment_status":"open","ping_status":"open","sticky":false,"template":"","format":"standard","meta":{"jetpack_post_was_ever_published":false,"_jetpack_newsletter_access":"","_jetpack_dont_email_post_to_subs":false,"_jetpack_newsletter_tier_id":0,"_jetpack_memberships_contains_paywalled_content":false,"_jetpack_memberships_contains_paid_content":false,"footnotes":"","jetpack_publicize_message":"","jetpack_publicize_feature_enabled":true,"jetpack_social_post_already_shared":false,"jetpack_social_options":{"image_generator_settings":{"template":"highway","enabled":false},"version":2}},"categories":[1],"tags":[15],"class_list":["post-4783","post","type-post","status-publish","format-standard","has-post-thumbnail","hentry","category-la-piedad","tag-la-piedad"],"jetpack_publicize_connections":[],"jetpack_sharing_enabled":true,"featured_image_urls":{"full":["http:\/\/tvalaire.com\/wp-content\/uploads\/2019\/01\/01-6.jpg",992,595,false],"thumbnail":["http:\/\/tvalaire.com\/wp-content\/uploads\/2019\/01\/01-6-150x150.jpg",150,150,true],"medium":["http:\/\/tvalaire.com\/wp-content\/uploads\/2019\/01\/01-6-300x180.jpg",300,180,true],"medium_large":["http:\/\/tvalaire.com\/wp-content\/uploads\/2019\/01\/01-6-768x461.jpg",640,384,true],"large":["http:\/\/tvalaire.com\/wp-content\/uploads\/2019\/01\/01-6.jpg",640,384,false],"post-slider-thumb-size":["http:\/\/tvalaire.com\/wp-content\/uploads\/2019\/01\/01-6.jpg",317,190,false],"post-category-slider-size":["http:\/\/tvalaire.com\/wp-content\/uploads\/2019\/01\/01-6.jpg",330,198,false],"1536x1536":["http:\/\/tvalaire.com\/wp-content\/uploads\/2019\/01\/01-6.jpg",992,595,false],"2048x2048":["http:\/\/tvalaire.com\/wp-content\/uploads\/2019\/01\/01-6.jpg",992,595,false],"newsium-slider-full":["http:\/\/tvalaire.com\/wp-content\/uploads\/2019\/01\/01-6.jpg",992,595,false],"newsium-featured":["http:\/\/tvalaire.com\/wp-content\/uploads\/2019\/01\/01-6.jpg",992,595,false],"newsium-medium":["http:\/\/tvalaire.com\/wp-content\/uploads\/2019\/01\/01-6.jpg",720,432,false]},"author_info":{"info":["tvalairenoti"]},"category_info":"<a href=\"http:\/\/tvalaire.com\/?cat=1\" rel=\"category\">La Piedad<\/a>","tag_info":"La Piedad","comment_count":"0","jetpack_featured_media_url":"http:\/\/tvalaire.com\/wp-content\/uploads\/2019\/01\/01-6.jpg","_links":{"self":[{"href":"http:\/\/tvalaire.com\/index.php?rest_route=\/wp\/v2\/posts\/4783"}],"collection":[{"href":"http:\/\/tvalaire.com\/index.php?rest_route=\/wp\/v2\/posts"}],"about":[{"href":"http:\/\/tvalaire.com\/index.php?rest_route=\/wp\/v2\/types\/post"}],"author":[{"embeddable":true,"href":"http:\/\/tvalaire.com\/index.php?rest_route=\/wp\/v2\/users\/1"}],"replies":[{"embeddable":true,"href":"http:\/\/tvalaire.com\/index.php?rest_route=%2Fwp%2Fv2%2Fcomments&post=4783"}],"version-history":[{"count":1,"href":"http:\/\/tvalaire.com\/index.php?rest_route=\/wp\/v2\/posts\/4783\/revisions"}],"predecessor-version":[{"id":4785,"href":"http:\/\/tvalaire.com\/index.php?rest_route=\/wp\/v2\/posts\/4783\/revisions\/4785"}],"wp:featuredmedia":[{"embeddable":true,"href":"http:\/\/tvalaire.com\/index.php?rest_route=\/wp\/v2\/media\/4784"}],"wp:attachment":[{"href":"http:\/\/tvalaire.com\/index.php?rest_route=%2Fwp%2Fv2%2Fmedia&parent=4783"}],"wp:term":[{"taxonomy":"category","embeddable":true,"href":"http:\/\/tvalaire.com\/index.php?rest_route=%2Fwp%2Fv2%2Fcategories&post=4783"},{"taxonomy":"post_tag","embeddable":true,"href":"http:\/\/tvalaire.com\/index.php?rest_route=%2Fwp%2Fv2%2Ftags&post=4783"}],"curies":[{"name":"wp","href":"https:\/\/api.w.org\/{rel}","templated":true}]}}