{"id":478,"date":"2017-02-16T10:31:43","date_gmt":"2017-02-16T16:31:43","guid":{"rendered":"http:\/\/tvalaire.com\/?p=478"},"modified":"2017-02-16T10:31:43","modified_gmt":"2017-02-16T16:31:43","slug":"establece-gobierno-de-la-piedad-acuerdo-con-locatarios-del-mercado-de-abastos","status":"publish","type":"post","link":"http:\/\/tvalaire.com\/?p=478","title":{"rendered":"ESTABLECE GOBIERNO DE LA PIEDAD ACUERDO CON LOCATARIOS DEL MERCADO DE ABASTOS"},"content":{"rendered":"<p class=\"x_m_-1029320362546385085gmail-Standard\" align=\"center\"><b>Contempla 13 puntos entre los que destacan hacer valer las disposiciones legales en materia de vialidad en beneficio de los usuarios y locatarios.<\/b><\/p>\n<p class=\"x_m_-1029320362546385085gmail-Standard\">Con el fin de terminar con las problem\u00e1ticas que se viven en las inmediaciones del Mercado de Abastos de la \u201cUni\u00f3n 12 de Octubre\u201d, autoridades municipales se reunieron con locatarios con la finalidad de establecer acuerdos que satisfagan las necesidades tanto de los agremiados como de la propia autoridad para impedir el incumplimiento a los reglamentos establecidos en favor de quien acude a realizar sus compras en el lugar.<\/p>\n<p class=\"x_m_-1029320362546385085gmail-Standard\">Dentro de los acuerdos establecidos se encuentran fijar el horario de descarga de mercanc\u00edas en los lugares destinados de las 04:00 a las 06:00 a.m., respetar el tiempo necesario para que el cliente cargue su mercanc\u00eda y no dejar el veh\u00edculo estacionado por tiempo indefinido, con la intenci\u00f3n de tener fluidez en las v\u00edas de acceso del inmueble.<\/p>\n<p class=\"x_m_-1029320362546385085gmail-Standard\">No dejar mercanc\u00eda del locatario o de clientes fuera del establecimiento; ni permitir la venta de productos por parte de los vendedores ambulantes en la periferia del mercado que vayan de fuera y que no tengan permisos.<\/p>\n<p class=\"x_m_-1029320362546385085gmail-Standard\">Los locatarios se comprometieron a tener limpio en la periferia del establecimiento, sin dejar basura. Respetar el \u00e1rea del local comercial delimitada por las l\u00edneas amarillas marcadas y no permitir que ninguna persona ingiera bebidas alcoh\u00f3licas, ni drogas en el interior o en la periferia.<\/p>\n<p class=\"x_m_-1029320362546385085gmail-Standard\">No permitir\u00e1n ruidos excesivos que alteren el orden p\u00fablico y regularizar\u00e1n las licencias municipales comerciales de todos los locatarios. Cabe destacar que en caso de no respetar los acuerdos tomados, la autoridad competente har\u00e1 valer las disposiciones legales a partir de esta semana.<\/p>\n<p class=\"x_m_-1029320362546385085gmail-Standard\">La reuni\u00f3n tuvo lugar en el Centro Cultural Piedadense estuvo encabezada por el Secretario del Ayuntamiento, Daniel V\u00e1zquez Zavala; el subdirector de Tr\u00e1nsito Municipal, Roberto Montoya Meza; el S\u00edndico, Nicol\u00e1s Hermosillo Garc\u00eda; la Contralora Municipal, Mar\u00eda Guadalupe Rojas Calder\u00f3n; el director de Seguridad P\u00fablica, Heriberto Maya Fuerte, entre otros, as\u00ed como con Javier Vera G\u00f3mez, Jorge Ortiz Vera, Jos\u00e9 Mar\u00eda Espinoza Acosta, representantes de la \u201cUni\u00f3n 12 de Octubre\u201d y los locatarios, Luis Fabi\u00e1n Guzm\u00e1n y Mar\u00eda Guadalupe Vera.<\/p>\n","protected":false},"excerpt":{"rendered":"<p>Contempla 13 puntos entre los que destacan hacer valer las disposiciones legales en materia de&#8230;<\/p>\n","protected":false},"author":1,"featured_media":480,"comment_status":"open","ping_status":"open","sticky":false,"template":"","format":"standard","meta":{"jetpack_post_was_ever_published":false,"_jetpack_newsletter_access":"","_jetpack_dont_email_post_to_subs":false,"_jetpack_newsletter_tier_id":0,"_jetpack_memberships_contains_paywalled_content":false,"_jetpack_memberships_contains_paid_content":false,"footnotes":"","jetpack_publicize_message":"","jetpack_publicize_feature_enabled":true,"jetpack_social_post_already_shared":false,"jetpack_social_options":{"image_generator_settings":{"template":"highway","enabled":false},"version":2}},"categories":[1],"tags":[15,36],"class_list":["post-478","post","type-post","status-publish","format-standard","has-post-thumbnail","hentry","category-la-piedad","tag-la-piedad","tag-principales"],"jetpack_publicize_connections":[],"jetpack_sharing_enabled":true,"featured_image_urls":{"full":["http:\/\/tvalaire.com\/wp-content\/uploads\/2017\/02\/ESTABLECE-GOBIERNO-DE-LA-PIEDAD-ACUERDO-CON-LOCATARIOS-DEL-MERCADO-DE-ABASTOS.jpg",2992,2000,false],"thumbnail":["http:\/\/tvalaire.com\/wp-content\/uploads\/2017\/02\/ESTABLECE-GOBIERNO-DE-LA-PIEDAD-ACUERDO-CON-LOCATARIOS-DEL-MERCADO-DE-ABASTOS-150x150.jpg",150,150,true],"medium":["http:\/\/tvalaire.com\/wp-content\/uploads\/2017\/02\/ESTABLECE-GOBIERNO-DE-LA-PIEDAD-ACUERDO-CON-LOCATARIOS-DEL-MERCADO-DE-ABASTOS-300x201.jpg",300,201,true],"medium_large":["http:\/\/tvalaire.com\/wp-content\/uploads\/2017\/02\/ESTABLECE-GOBIERNO-DE-LA-PIEDAD-ACUERDO-CON-LOCATARIOS-DEL-MERCADO-DE-ABASTOS-768x513.jpg",640,428,true],"large":["http:\/\/tvalaire.com\/wp-content\/uploads\/2017\/02\/ESTABLECE-GOBIERNO-DE-LA-PIEDAD-ACUERDO-CON-LOCATARIOS-DEL-MERCADO-DE-ABASTOS-1024x684.jpg",640,428,true],"post-slider-thumb-size":["http:\/\/tvalaire.com\/wp-content\/uploads\/2017\/02\/ESTABLECE-GOBIERNO-DE-LA-PIEDAD-ACUERDO-CON-LOCATARIOS-DEL-MERCADO-DE-ABASTOS.jpg",284,190,false],"post-category-slider-size":["http:\/\/tvalaire.com\/wp-content\/uploads\/2017\/02\/ESTABLECE-GOBIERNO-DE-LA-PIEDAD-ACUERDO-CON-LOCATARIOS-DEL-MERCADO-DE-ABASTOS.jpg",330,221,false],"1536x1536":["http:\/\/tvalaire.com\/wp-content\/uploads\/2017\/02\/ESTABLECE-GOBIERNO-DE-LA-PIEDAD-ACUERDO-CON-LOCATARIOS-DEL-MERCADO-DE-ABASTOS.jpg",1536,1027,false],"2048x2048":["http:\/\/tvalaire.com\/wp-content\/uploads\/2017\/02\/ESTABLECE-GOBIERNO-DE-LA-PIEDAD-ACUERDO-CON-LOCATARIOS-DEL-MERCADO-DE-ABASTOS.jpg",2048,1369,false],"newsium-slider-full":["http:\/\/tvalaire.com\/wp-content\/uploads\/2017\/02\/ESTABLECE-GOBIERNO-DE-LA-PIEDAD-ACUERDO-CON-LOCATARIOS-DEL-MERCADO-DE-ABASTOS.jpg",1264,845,false],"newsium-featured":["http:\/\/tvalaire.com\/wp-content\/uploads\/2017\/02\/ESTABLECE-GOBIERNO-DE-LA-PIEDAD-ACUERDO-CON-LOCATARIOS-DEL-MERCADO-DE-ABASTOS.jpg",1024,684,false],"newsium-medium":["http:\/\/tvalaire.com\/wp-content\/uploads\/2017\/02\/ESTABLECE-GOBIERNO-DE-LA-PIEDAD-ACUERDO-CON-LOCATARIOS-DEL-MERCADO-DE-ABASTOS.jpg",711,475,false]},"author_info":{"info":["tvalairenoti"]},"category_info":"<a href=\"http:\/\/tvalaire.com\/?cat=1\" rel=\"category\">La Piedad<\/a>","tag_info":"La Piedad","comment_count":"0","jetpack_featured_media_url":"http:\/\/tvalaire.com\/wp-content\/uploads\/2017\/02\/ESTABLECE-GOBIERNO-DE-LA-PIEDAD-ACUERDO-CON-LOCATARIOS-DEL-MERCADO-DE-ABASTOS.jpg","_links":{"self":[{"href":"http:\/\/tvalaire.com\/index.php?rest_route=\/wp\/v2\/posts\/478"}],"collection":[{"href":"http:\/\/tvalaire.com\/index.php?rest_route=\/wp\/v2\/posts"}],"about":[{"href":"http:\/\/tvalaire.com\/index.php?rest_route=\/wp\/v2\/types\/post"}],"author":[{"embeddable":true,"href":"http:\/\/tvalaire.com\/index.php?rest_route=\/wp\/v2\/users\/1"}],"replies":[{"embeddable":true,"href":"http:\/\/tvalaire.com\/index.php?rest_route=%2Fwp%2Fv2%2Fcomments&post=478"}],"version-history":[{"count":1,"href":"http:\/\/tvalaire.com\/index.php?rest_route=\/wp\/v2\/posts\/478\/revisions"}],"predecessor-version":[{"id":481,"href":"http:\/\/tvalaire.com\/index.php?rest_route=\/wp\/v2\/posts\/478\/revisions\/481"}],"wp:featuredmedia":[{"embeddable":true,"href":"http:\/\/tvalaire.com\/index.php?rest_route=\/wp\/v2\/media\/480"}],"wp:attachment":[{"href":"http:\/\/tvalaire.com\/index.php?rest_route=%2Fwp%2Fv2%2Fmedia&parent=478"}],"wp:term":[{"taxonomy":"category","embeddable":true,"href":"http:\/\/tvalaire.com\/index.php?rest_route=%2Fwp%2Fv2%2Fcategories&post=478"},{"taxonomy":"post_tag","embeddable":true,"href":"http:\/\/tvalaire.com\/index.php?rest_route=%2Fwp%2Fv2%2Ftags&post=478"}],"curies":[{"name":"wp","href":"https:\/\/api.w.org\/{rel}","templated":true}]}}