{"id":4777,"date":"2018-11-22T10:52:40","date_gmt":"2018-11-22T16:52:40","guid":{"rendered":"http:\/\/tvalaire.com\/?p=4777"},"modified":"2019-01-09T10:53:14","modified_gmt":"2019-01-09T16:53:14","slug":"rinde-frutos-capacitacion-empresarial-de-nafin-en-la-piedad","status":"publish","type":"post","link":"http:\/\/tvalaire.com\/?p=4777","title":{"rendered":"RINDE FRUTOS CAPACITACI\u00d3N EMPRESARIAL DE NAFIN EN LA PIEDAD"},"content":{"rendered":"<p>&nbsp;<\/p>\n<p>&nbsp;<\/p>\n<ul>\n<li><b>NAFIN reactiva cr\u00e9ditos a mujeres empresarias, j\u00f3venes emprendedores y Pymes<\/b><\/li>\n<\/ul>\n<ul>\n<li>Durante la instalaci\u00f3n de la unidad m\u00f3vil se establecieron acuerdos importantes<\/li>\n<\/ul>\n<p>&nbsp;<\/p>\n<p><span style=\"font-weight: 400;\">El gobierno municipal encabezado por Alex Espinoza a trav\u00e9s de la direcci\u00f3n de Promoci\u00f3n Econ\u00f3mica, reactiv\u00f3 los programas de financiamiento a las micro, peque\u00f1as y medianas empresas, as\u00ed como cr\u00e9ditos para mujeres y j\u00f3venes emprendedores a trav\u00e9s de Nacional Financiera (NAFIN) y S\u00ed Financia.<\/span><\/p>\n<p><span style=\"font-weight: 400;\">Lo anterior como resultado de la relaci\u00f3n establecida entre nuestro Alcalde a trav\u00e9s del director de Promoci\u00f3n Econ\u00f3mica, Juan Carlos Guzm\u00e1n con el director de Nacional Financiera (NAFIN), con quien del 12 al 17 de noviembre del presente a\u00f1o, instal\u00f3 una oficina m\u00f3vil de capacitaci\u00f3n empresarial en la cual se cont\u00f3 con el registro de 236 personas.<\/span><\/p>\n<p><span style=\"font-weight: 400;\">Los seis d\u00edas de cursos y 2 mil 360 horas de capacitaci\u00f3n, sirvieron para la reactivaci\u00f3n de los programas de cr\u00e9dito y financiamiento a las micro peque\u00f1as y medianas empresas, as\u00ed como para las mujeres que tienen negocio de m\u00e1s de 2 a\u00f1os operando y j\u00f3venes emprendedores de nuevos negocios.<\/span><\/p>\n<p><span style=\"font-weight: 400;\">Juan Carlos Guzm\u00e1n, inform\u00f3 que dentro de los beneficios obtenidos luego de la pl\u00e1tica con el director de NAFIN, Jos\u00e9 Mario Espino Arenas y nuestro alcalde Alex Espinoza, fue la reactivaci\u00f3n de cr\u00e9ditos a mujeres con empresas debidamente establecidas y con dos a\u00f1os de antig\u00fcedad, a quienes se les otorga cr\u00e9ditos que van desde los 300 a los 500 mil pesos sin garant\u00eda o aval y de 500 mil a 5 millones de pesos con garant\u00eda.<\/span><\/p>\n<p><span style=\"font-weight: 400;\">Tambi\u00e9n se abrieron los financiamientos para los j\u00f3venes emprendedores de 18 a 34 a\u00f1os de edad, para quienes NAFIN otorga cr\u00e9ditos de 50 a 150 mil pesos sin vigencia y con una tasa de un 14.5 por ciento anual. <\/span><\/p>\n<p><span style=\"font-weight: 400;\">Se acord\u00f3 a su vez que en breve, el Gobierno Municipal firmar\u00e1 un convenio con NAFIN para que peri\u00f3dicamente ofrezca capacitaci\u00f3n a los micro, peque\u00f1os y medianos empresarios o emprendedores, para que establezcan o fortalezcan sus negocios.<\/span><\/p>\n<p><span style=\"font-weight: 400;\">El director de Promoci\u00f3n Econ\u00f3mica, se\u00f1al\u00f3 que el programa de capacitaci\u00f3n que se ofrece a los emprendedores o personas con actividad empresarial, incluye temas para la elaboraci\u00f3n del Plan de Negocios que es indispensable para poder determinar si su idea de negocio es factible.<\/span><\/p>\n","protected":false},"excerpt":{"rendered":"<p>&nbsp; &nbsp; NAFIN reactiva cr\u00e9ditos a mujeres empresarias, j\u00f3venes emprendedores y Pymes Durante la instalaci\u00f3n&#8230;<\/p>\n","protected":false},"author":1,"featured_media":4778,"comment_status":"open","ping_status":"open","sticky":false,"template":"","format":"standard","meta":{"jetpack_post_was_ever_published":false,"_jetpack_newsletter_access":"","_jetpack_dont_email_post_to_subs":false,"_jetpack_newsletter_tier_id":0,"_jetpack_memberships_contains_paywalled_content":false,"_jetpack_memberships_contains_paid_content":false,"footnotes":"","jetpack_publicize_message":"","jetpack_publicize_feature_enabled":true,"jetpack_social_post_already_shared":false,"jetpack_social_options":{"image_generator_settings":{"template":"highway","enabled":false},"version":2}},"categories":[1],"tags":[15,36],"class_list":["post-4777","post","type-post","status-publish","format-standard","has-post-thumbnail","hentry","category-la-piedad","tag-la-piedad","tag-principales"],"jetpack_publicize_connections":[],"jetpack_sharing_enabled":true,"featured_image_urls":{"full":["http:\/\/tvalaire.com\/wp-content\/uploads\/2019\/01\/01-5-1.jpg",1024,683,false],"thumbnail":["http:\/\/tvalaire.com\/wp-content\/uploads\/2019\/01\/01-5-1-150x150.jpg",150,150,true],"medium":["http:\/\/tvalaire.com\/wp-content\/uploads\/2019\/01\/01-5-1-300x200.jpg",300,200,true],"medium_large":["http:\/\/tvalaire.com\/wp-content\/uploads\/2019\/01\/01-5-1-768x512.jpg",640,427,true],"large":["http:\/\/tvalaire.com\/wp-content\/uploads\/2019\/01\/01-5-1-1024x683.jpg",640,427,true],"post-slider-thumb-size":["http:\/\/tvalaire.com\/wp-content\/uploads\/2019\/01\/01-5-1.jpg",285,190,false],"post-category-slider-size":["http:\/\/tvalaire.com\/wp-content\/uploads\/2019\/01\/01-5-1.jpg",330,220,false],"1536x1536":["http:\/\/tvalaire.com\/wp-content\/uploads\/2019\/01\/01-5-1.jpg",1024,683,false],"2048x2048":["http:\/\/tvalaire.com\/wp-content\/uploads\/2019\/01\/01-5-1.jpg",1024,683,false],"newsium-slider-full":["http:\/\/tvalaire.com\/wp-content\/uploads\/2019\/01\/01-5-1.jpg",1024,683,false],"newsium-featured":["http:\/\/tvalaire.com\/wp-content\/uploads\/2019\/01\/01-5-1.jpg",1024,683,false],"newsium-medium":["http:\/\/tvalaire.com\/wp-content\/uploads\/2019\/01\/01-5-1.jpg",712,475,false]},"author_info":{"info":["tvalairenoti"]},"category_info":"<a href=\"http:\/\/tvalaire.com\/?cat=1\" rel=\"category\">La Piedad<\/a>","tag_info":"La Piedad","comment_count":"0","jetpack_featured_media_url":"http:\/\/tvalaire.com\/wp-content\/uploads\/2019\/01\/01-5-1.jpg","_links":{"self":[{"href":"http:\/\/tvalaire.com\/index.php?rest_route=\/wp\/v2\/posts\/4777"}],"collection":[{"href":"http:\/\/tvalaire.com\/index.php?rest_route=\/wp\/v2\/posts"}],"about":[{"href":"http:\/\/tvalaire.com\/index.php?rest_route=\/wp\/v2\/types\/post"}],"author":[{"embeddable":true,"href":"http:\/\/tvalaire.com\/index.php?rest_route=\/wp\/v2\/users\/1"}],"replies":[{"embeddable":true,"href":"http:\/\/tvalaire.com\/index.php?rest_route=%2Fwp%2Fv2%2Fcomments&post=4777"}],"version-history":[{"count":1,"href":"http:\/\/tvalaire.com\/index.php?rest_route=\/wp\/v2\/posts\/4777\/revisions"}],"predecessor-version":[{"id":4779,"href":"http:\/\/tvalaire.com\/index.php?rest_route=\/wp\/v2\/posts\/4777\/revisions\/4779"}],"wp:featuredmedia":[{"embeddable":true,"href":"http:\/\/tvalaire.com\/index.php?rest_route=\/wp\/v2\/media\/4778"}],"wp:attachment":[{"href":"http:\/\/tvalaire.com\/index.php?rest_route=%2Fwp%2Fv2%2Fmedia&parent=4777"}],"wp:term":[{"taxonomy":"category","embeddable":true,"href":"http:\/\/tvalaire.com\/index.php?rest_route=%2Fwp%2Fv2%2Fcategories&post=4777"},{"taxonomy":"post_tag","embeddable":true,"href":"http:\/\/tvalaire.com\/index.php?rest_route=%2Fwp%2Fv2%2Ftags&post=4777"}],"curies":[{"name":"wp","href":"https:\/\/api.w.org\/{rel}","templated":true}]}}