{"id":4765,"date":"2018-11-20T10:47:02","date_gmt":"2018-11-20T16:47:02","guid":{"rendered":"http:\/\/tvalaire.com\/?p=4765"},"modified":"2019-01-09T10:47:43","modified_gmt":"2019-01-09T16:47:43","slug":"activara-transito-estacionamiento-por-horario-en-otro-tramo-del-lazaro-cardenas","status":"publish","type":"post","link":"http:\/\/tvalaire.com\/?p=4765","title":{"rendered":"ACTIVAR\u00c1 TR\u00c1NSITO ESTACIONAMIENTO POR HORARIO EN OTRO TRAMO DEL L\u00c1ZARO C\u00c1RDENAS"},"content":{"rendered":"<p>&nbsp;<\/p>\n<ul>\n<li><b>Ahora ser\u00e1 de la calle Cavadas a la 5 de Febrero<\/b><\/li>\n<\/ul>\n<ul>\n<li>Este sistema de estacionamiento por horario ser\u00e1 del 26 de noviembre al 6 de enero del pr\u00f3ximo a\u00f1o<\/li>\n<\/ul>\n<p>&nbsp;<\/p>\n<p>&nbsp;<\/p>\n<p><span style=\"font-weight: 400;\">Con el fin de generar una cultura vial entre la poblaci\u00f3n y reactivar la econom\u00eda de la zona centro de la ciudad, el Gobierno Municipal a trav\u00e9s de la direcci\u00f3n de Tr\u00e1nsito local pondr\u00e1 en marcha el sistema de estacionamiento por horario en el bulevar L\u00e1zaro C\u00e1rdenas en el tramo de la calle Cavadas a la 5 de Febrero a partir del lunes 26 de noviembre hasta el 6 de enero del pr\u00f3ximo a\u00f1o.<\/span><\/p>\n<p><span style=\"font-weight: 400;\">Gabriel Anguiano, director de la dependencia, inform\u00f3 que desde este martes se coment\u00f3 a generar avisos a la poblaci\u00f3n sobre la implementaci\u00f3n de este programa en el tramo correspondiente con la finalidad de que la poblaci\u00f3n est\u00e9 enterada y no los tomen por sorpresa.<\/span><\/p>\n<p><span style=\"font-weight: 400;\">El objetivo de la puesta en marcha del mismo, es ampliar el n\u00famero de \u00e1reas de estacionamiento p\u00fablico a la poblaci\u00f3n, principalmente en este periodo que es el de mayor concentraci\u00f3n vehicular por la llegada de nuestros paisanos a quienes se pretende ofrecer espacios en esta zona del Centro para que puedan acudir a realizar sus compras a este punto de la ciudad.<\/span><\/p>\n<p><span style=\"font-weight: 400;\">La medida indic\u00f3 el funcionario, aplicar\u00e1 en ambas aceras del bulevar a partir del lunes pr\u00f3ximo y se\u00f1al\u00f3 que la toma de horario comenzar\u00e1 de las 08:00 de la ma\u00f1ana a las 4:00 de la tarde de lunes a domingo en la fecha establecida y el l\u00edmite ser\u00e1 de dos horas, por lo que pidi\u00f3 del apoyo y comprensi\u00f3n de los conductores para acatar las disposiciones con las cuales se busca reactivar la econom\u00eda del comercio local.<\/span><\/p>\n","protected":false},"excerpt":{"rendered":"<p>&nbsp; Ahora ser\u00e1 de la calle Cavadas a la 5 de Febrero Este sistema de&#8230;<\/p>\n","protected":false},"author":1,"featured_media":4766,"comment_status":"open","ping_status":"open","sticky":false,"template":"","format":"standard","meta":{"jetpack_post_was_ever_published":false,"_jetpack_newsletter_access":"","_jetpack_dont_email_post_to_subs":false,"_jetpack_newsletter_tier_id":0,"_jetpack_memberships_contains_paywalled_content":false,"_jetpack_memberships_contains_paid_content":false,"footnotes":"","jetpack_publicize_message":"","jetpack_publicize_feature_enabled":true,"jetpack_social_post_already_shared":false,"jetpack_social_options":{"image_generator_settings":{"template":"highway","enabled":false},"version":2}},"categories":[1],"tags":[15],"class_list":["post-4765","post","type-post","status-publish","format-standard","has-post-thumbnail","hentry","category-la-piedad","tag-la-piedad"],"jetpack_publicize_connections":[],"jetpack_sharing_enabled":true,"featured_image_urls":{"full":["http:\/\/tvalaire.com\/wp-content\/uploads\/2019\/01\/01-1-8.jpg",1024,683,false],"thumbnail":["http:\/\/tvalaire.com\/wp-content\/uploads\/2019\/01\/01-1-8-150x150.jpg",150,150,true],"medium":["http:\/\/tvalaire.com\/wp-content\/uploads\/2019\/01\/01-1-8-300x200.jpg",300,200,true],"medium_large":["http:\/\/tvalaire.com\/wp-content\/uploads\/2019\/01\/01-1-8-768x512.jpg",640,427,true],"large":["http:\/\/tvalaire.com\/wp-content\/uploads\/2019\/01\/01-1-8-1024x683.jpg",640,427,true],"post-slider-thumb-size":["http:\/\/tvalaire.com\/wp-content\/uploads\/2019\/01\/01-1-8.jpg",285,190,false],"post-category-slider-size":["http:\/\/tvalaire.com\/wp-content\/uploads\/2019\/01\/01-1-8.jpg",330,220,false],"1536x1536":["http:\/\/tvalaire.com\/wp-content\/uploads\/2019\/01\/01-1-8.jpg",1024,683,false],"2048x2048":["http:\/\/tvalaire.com\/wp-content\/uploads\/2019\/01\/01-1-8.jpg",1024,683,false],"newsium-slider-full":["http:\/\/tvalaire.com\/wp-content\/uploads\/2019\/01\/01-1-8.jpg",1024,683,false],"newsium-featured":["http:\/\/tvalaire.com\/wp-content\/uploads\/2019\/01\/01-1-8.jpg",1024,683,false],"newsium-medium":["http:\/\/tvalaire.com\/wp-content\/uploads\/2019\/01\/01-1-8.jpg",712,475,false]},"author_info":{"info":["tvalairenoti"]},"category_info":"<a href=\"http:\/\/tvalaire.com\/?cat=1\" rel=\"category\">La Piedad<\/a>","tag_info":"La Piedad","comment_count":"0","jetpack_featured_media_url":"http:\/\/tvalaire.com\/wp-content\/uploads\/2019\/01\/01-1-8.jpg","_links":{"self":[{"href":"http:\/\/tvalaire.com\/index.php?rest_route=\/wp\/v2\/posts\/4765"}],"collection":[{"href":"http:\/\/tvalaire.com\/index.php?rest_route=\/wp\/v2\/posts"}],"about":[{"href":"http:\/\/tvalaire.com\/index.php?rest_route=\/wp\/v2\/types\/post"}],"author":[{"embeddable":true,"href":"http:\/\/tvalaire.com\/index.php?rest_route=\/wp\/v2\/users\/1"}],"replies":[{"embeddable":true,"href":"http:\/\/tvalaire.com\/index.php?rest_route=%2Fwp%2Fv2%2Fcomments&post=4765"}],"version-history":[{"count":1,"href":"http:\/\/tvalaire.com\/index.php?rest_route=\/wp\/v2\/posts\/4765\/revisions"}],"predecessor-version":[{"id":4767,"href":"http:\/\/tvalaire.com\/index.php?rest_route=\/wp\/v2\/posts\/4765\/revisions\/4767"}],"wp:featuredmedia":[{"embeddable":true,"href":"http:\/\/tvalaire.com\/index.php?rest_route=\/wp\/v2\/media\/4766"}],"wp:attachment":[{"href":"http:\/\/tvalaire.com\/index.php?rest_route=%2Fwp%2Fv2%2Fmedia&parent=4765"}],"wp:term":[{"taxonomy":"category","embeddable":true,"href":"http:\/\/tvalaire.com\/index.php?rest_route=%2Fwp%2Fv2%2Fcategories&post=4765"},{"taxonomy":"post_tag","embeddable":true,"href":"http:\/\/tvalaire.com\/index.php?rest_route=%2Fwp%2Fv2%2Ftags&post=4765"}],"curies":[{"name":"wp","href":"https:\/\/api.w.org\/{rel}","templated":true}]}}