{"id":4762,"date":"2018-11-16T10:45:45","date_gmt":"2018-11-16T16:45:45","guid":{"rendered":"http:\/\/tvalaire.com\/?p=4762"},"modified":"2019-01-09T10:46:23","modified_gmt":"2019-01-09T16:46:23","slug":"con-la-entrega-de-aparatos-ortopedicos-se-benefician-a-17-personas","status":"publish","type":"post","link":"http:\/\/tvalaire.com\/?p=4762","title":{"rendered":"CON LA ENTREGA DE APARATOS ORTOP\u00c9DICOS SE BENEFICIAN A 17 PERSONAS"},"content":{"rendered":"<p>&nbsp;<\/p>\n<ul>\n<li><b>Se entregan sillas de ruedas, bastones de apoyo entre otros art\u00edculos<\/b><\/li>\n<\/ul>\n<ul>\n<li>Contin\u00faan las gestiones en dependencias estatales para favorecer a los piedadenses<\/li>\n<\/ul>\n<p>&nbsp;<\/p>\n<p><span style=\"font-weight: 400;\"> \u00a0\u00a0\u00a0\u00a0\u00a0\u00a0\u00a0\u00a0\u00a0\u00a0\u00a0\u00a0\u00a0\u00a0\u00a0\u00a0\u00a0\u00a0\u00a0\u00a0\u00a0\u00a0\u00a0\u00a0\u00a0\u00a0\u00a0\u00a0\u00a0\u00a0\u00a0\u00a0\u00a0\u00a0\u00a0\u00a0\u00a0\u00a0\u00a0\u00a0\u00a0\u00a0\u00a0\u00a0\u00a0\u00a0\u00a0\u00a0\u00a0\u00a0\u00a0\u00a0\u00a0\u00a0\u00a0\u00a0\u00a0\u00a0\u00a0\u00a0\u00a0\u00a0\u00a0\u00a0\u00a0\u00a0\u00a0\u00a0\u00a0\u00a0\u00a0\u00a0\u00a0\u00a0\u00a0\u00a0\u00a0\u00a0\u00a0\u00a0<\/span><\/p>\n<p>&nbsp;<\/p>\n<p><span style=\"font-weight: 400;\">Darles movilidad a las personas que sufren o padecen de alg\u00fan tipo de discapacidad es uno de los objetivos que el DIF La Piedad tiene, por ello 17 personas se han beneficiado con la entrega de aparatos ortop\u00e9dicos.<\/span><\/p>\n<p>&nbsp;<\/p>\n<p><span style=\"font-weight: 400;\">Liliana Flores Castro, presidenta del DIF, coment\u00f3 durante la entrega que todas las acciones que se emprenden son para favorecer a las personas m\u00e1s vulnerables del municipio o que requieren de alg\u00fan tipo de apoyo por medio de los distintos programas.<\/span><\/p>\n<p>&nbsp;<\/p>\n<p><span style=\"font-weight: 400;\">Flores Castro, enfatiz\u00f3 que se han fortalecido los programas que se manejan en la instituci\u00f3n, adem\u00e1s de realizar gestiones con dependencias estatales para que se puedan obtener apoyos a fin de que m\u00e1s ciudadanos tengan oportunidad de mejorar sus condiciones de vida. <\/span><\/p>\n<p>&nbsp;<\/p>\n<p><span style=\"font-weight: 400;\">Adem\u00e1s, invit\u00f3 a las personas para que aprovechen los servicios que se ofrecen en el DIF, como lo son: m\u00e9dico general, dental, home\u00f3pata, pod\u00f3loga, nutrici\u00f3n, psicol\u00f3gica, as\u00ed como las campa\u00f1as permanentes de cataratas, aparatos auditivos y oftalmol\u00f3gicas.<\/span><\/p>\n<p>&nbsp;<\/p>\n<p><span style=\"font-weight: 400;\">Finaliz\u00f3, diciendo que se est\u00e1n concretando otras acciones que van apoyar a quienes tienen alg\u00fan tipo de discapacidad y que en el mes de febrero del siguiente a\u00f1o se realizar\u00e1n las jornadas de operaciones de labio fisurado y paladar hendido (INTERFACE).<\/span><\/p>\n<p>&nbsp;<\/p>\n","protected":false},"excerpt":{"rendered":"<p>&nbsp; Se entregan sillas de ruedas, bastones de apoyo entre otros art\u00edculos Contin\u00faan las gestiones&#8230;<\/p>\n","protected":false},"author":1,"featured_media":4763,"comment_status":"open","ping_status":"open","sticky":false,"template":"","format":"standard","meta":{"jetpack_post_was_ever_published":false,"_jetpack_newsletter_access":"","_jetpack_dont_email_post_to_subs":false,"_jetpack_newsletter_tier_id":0,"_jetpack_memberships_contains_paywalled_content":false,"_jetpack_memberships_contains_paid_content":false,"footnotes":"","jetpack_publicize_message":"","jetpack_publicize_feature_enabled":true,"jetpack_social_post_already_shared":false,"jetpack_social_options":{"image_generator_settings":{"template":"highway","enabled":false},"version":2}},"categories":[1],"tags":[15],"class_list":["post-4762","post","type-post","status-publish","format-standard","has-post-thumbnail","hentry","category-la-piedad","tag-la-piedad"],"jetpack_publicize_connections":[],"jetpack_sharing_enabled":true,"featured_image_urls":{"full":["http:\/\/tvalaire.com\/wp-content\/uploads\/2019\/01\/01-2-11.jpg",1100,1650,false],"thumbnail":["http:\/\/tvalaire.com\/wp-content\/uploads\/2019\/01\/01-2-11-150x150.jpg",150,150,true],"medium":["http:\/\/tvalaire.com\/wp-content\/uploads\/2019\/01\/01-2-11-200x300.jpg",200,300,true],"medium_large":["http:\/\/tvalaire.com\/wp-content\/uploads\/2019\/01\/01-2-11-768x1152.jpg",640,960,true],"large":["http:\/\/tvalaire.com\/wp-content\/uploads\/2019\/01\/01-2-11-683x1024.jpg",640,960,true],"post-slider-thumb-size":["http:\/\/tvalaire.com\/wp-content\/uploads\/2019\/01\/01-2-11.jpg",127,190,false],"post-category-slider-size":["http:\/\/tvalaire.com\/wp-content\/uploads\/2019\/01\/01-2-11.jpg",233,350,false],"1536x1536":["http:\/\/tvalaire.com\/wp-content\/uploads\/2019\/01\/01-2-11.jpg",1024,1536,false],"2048x2048":["http:\/\/tvalaire.com\/wp-content\/uploads\/2019\/01\/01-2-11.jpg",1100,1650,false],"newsium-slider-full":["http:\/\/tvalaire.com\/wp-content\/uploads\/2019\/01\/01-2-11.jpg",563,845,false],"newsium-featured":["http:\/\/tvalaire.com\/wp-content\/uploads\/2019\/01\/01-2-11.jpg",1024,1536,false],"newsium-medium":["http:\/\/tvalaire.com\/wp-content\/uploads\/2019\/01\/01-2-11.jpg",317,475,false]},"author_info":{"info":["tvalairenoti"]},"category_info":"<a href=\"http:\/\/tvalaire.com\/?cat=1\" rel=\"category\">La Piedad<\/a>","tag_info":"La Piedad","comment_count":"0","jetpack_featured_media_url":"http:\/\/tvalaire.com\/wp-content\/uploads\/2019\/01\/01-2-11.jpg","_links":{"self":[{"href":"http:\/\/tvalaire.com\/index.php?rest_route=\/wp\/v2\/posts\/4762"}],"collection":[{"href":"http:\/\/tvalaire.com\/index.php?rest_route=\/wp\/v2\/posts"}],"about":[{"href":"http:\/\/tvalaire.com\/index.php?rest_route=\/wp\/v2\/types\/post"}],"author":[{"embeddable":true,"href":"http:\/\/tvalaire.com\/index.php?rest_route=\/wp\/v2\/users\/1"}],"replies":[{"embeddable":true,"href":"http:\/\/tvalaire.com\/index.php?rest_route=%2Fwp%2Fv2%2Fcomments&post=4762"}],"version-history":[{"count":1,"href":"http:\/\/tvalaire.com\/index.php?rest_route=\/wp\/v2\/posts\/4762\/revisions"}],"predecessor-version":[{"id":4764,"href":"http:\/\/tvalaire.com\/index.php?rest_route=\/wp\/v2\/posts\/4762\/revisions\/4764"}],"wp:featuredmedia":[{"embeddable":true,"href":"http:\/\/tvalaire.com\/index.php?rest_route=\/wp\/v2\/media\/4763"}],"wp:attachment":[{"href":"http:\/\/tvalaire.com\/index.php?rest_route=%2Fwp%2Fv2%2Fmedia&parent=4762"}],"wp:term":[{"taxonomy":"category","embeddable":true,"href":"http:\/\/tvalaire.com\/index.php?rest_route=%2Fwp%2Fv2%2Fcategories&post=4762"},{"taxonomy":"post_tag","embeddable":true,"href":"http:\/\/tvalaire.com\/index.php?rest_route=%2Fwp%2Fv2%2Ftags&post=4762"}],"curies":[{"name":"wp","href":"https:\/\/api.w.org\/{rel}","templated":true}]}}