{"id":4738,"date":"2018-11-13T10:35:05","date_gmt":"2018-11-13T16:35:05","guid":{"rendered":"http:\/\/tvalaire.com\/?p=4738"},"modified":"2019-01-09T10:35:41","modified_gmt":"2019-01-09T16:35:41","slug":"realizan-limpieza-y-remozamiento-a-las-principales-fuentes-de-la-ciudad","status":"publish","type":"post","link":"http:\/\/tvalaire.com\/?p=4738","title":{"rendered":"REALIZAN LIMPIEZA Y REMOZAMIENTO A LAS PRINCIPALES FUENTES DE LA CIUDAD"},"content":{"rendered":"<p>&nbsp;<\/p>\n<ul>\n<li><b>Son 8 en las que se estar\u00e1 trabajando para mejor imagen urbana<\/b><\/li>\n<\/ul>\n<ul>\n<li>Se estima trabajos culminen la pr\u00f3xima semana<\/li>\n<\/ul>\n<p>&nbsp;<\/p>\n<p><span style=\"font-weight: 400;\">El Gobierno Municipal a trav\u00e9s de la Direcci\u00f3n de Servicios P\u00fablicos, puso en marcha un programa de limpieza y remozamiento de las fuentes principales que se ubican en distintos puntos de la ciudad.<\/span><\/p>\n<p><span style=\"font-weight: 400;\">Se estima que la pr\u00f3xima semana, las ocho fuentes se encuentren en condiciones de operar y as\u00ed sean parte del mejoramiento de la imagen urbana del Centro Hist\u00f3rico.<\/span><\/p>\n<p><span style=\"font-weight: 400;\">El director de Servicios P\u00fablicos, Ram\u00f3n Romero Ram\u00edrez, afirm\u00f3 se integr\u00f3 una cuadrilla de reacci\u00f3n r\u00e1pida para atender de manera emergente el mantenimiento de los monumentos, mismos que durante a\u00f1os no recibieron limpieza alguna.<\/span><\/p>\n<p><span style=\"font-weight: 400;\">La primera pieza que se dignific\u00f3 fue la fuente ubicada en el monumento a Benito Ju\u00e1rez, para continuar con la fuente ubicada en el \u00e1rea adoquinada de la calle Ocampo.<\/span><\/p>\n<p><span style=\"font-weight: 400;\">La cuadrilla de seis empleados, tienen programada la limpieza de la fuente Bicentenario, la del puente Cavadas, la fuente de la Garza y la ubicada en el bulevar L\u00e1zaro C\u00e1rdenas.<\/span><\/p>\n<p><span style=\"font-weight: 400;\">En cuanto a los trabajos de remozamiento el director de Servicios P\u00fablicos, dijo que le llevar\u00e1 dos semanas pues la idea es que todo est\u00e9 en buenas condiciones para las festividades de Navidad y A\u00f1o Nuevo que es cuando La Piedad recibe el mayor n\u00famero de visitantes, en su mayor\u00eda paisanos que regresan a visitar y convivir con sus familiares.<\/span><\/p>\n","protected":false},"excerpt":{"rendered":"<p>&nbsp; Son 8 en las que se estar\u00e1 trabajando para mejor imagen urbana Se estima&#8230;<\/p>\n","protected":false},"author":1,"featured_media":4739,"comment_status":"open","ping_status":"open","sticky":false,"template":"","format":"standard","meta":{"jetpack_post_was_ever_published":false,"_jetpack_newsletter_access":"","_jetpack_dont_email_post_to_subs":false,"_jetpack_newsletter_tier_id":0,"_jetpack_memberships_contains_paywalled_content":false,"_jetpack_memberships_contains_paid_content":false,"footnotes":"","jetpack_publicize_message":"","jetpack_publicize_feature_enabled":true,"jetpack_social_post_already_shared":false,"jetpack_social_options":{"image_generator_settings":{"template":"highway","enabled":false},"version":2}},"categories":[1],"tags":[15],"class_list":["post-4738","post","type-post","status-publish","format-standard","has-post-thumbnail","hentry","category-la-piedad","tag-la-piedad"],"jetpack_publicize_connections":[],"jetpack_sharing_enabled":true,"featured_image_urls":{"full":["http:\/\/tvalaire.com\/wp-content\/uploads\/2019\/01\/01-7.jpg",1024,682,false],"thumbnail":["http:\/\/tvalaire.com\/wp-content\/uploads\/2019\/01\/01-7-150x150.jpg",150,150,true],"medium":["http:\/\/tvalaire.com\/wp-content\/uploads\/2019\/01\/01-7-300x200.jpg",300,200,true],"medium_large":["http:\/\/tvalaire.com\/wp-content\/uploads\/2019\/01\/01-7-768x512.jpg",640,427,true],"large":["http:\/\/tvalaire.com\/wp-content\/uploads\/2019\/01\/01-7-1024x682.jpg",640,426,true],"post-slider-thumb-size":["http:\/\/tvalaire.com\/wp-content\/uploads\/2019\/01\/01-7.jpg",285,190,false],"post-category-slider-size":["http:\/\/tvalaire.com\/wp-content\/uploads\/2019\/01\/01-7.jpg",330,220,false],"1536x1536":["http:\/\/tvalaire.com\/wp-content\/uploads\/2019\/01\/01-7.jpg",1024,682,false],"2048x2048":["http:\/\/tvalaire.com\/wp-content\/uploads\/2019\/01\/01-7.jpg",1024,682,false],"newsium-slider-full":["http:\/\/tvalaire.com\/wp-content\/uploads\/2019\/01\/01-7.jpg",1024,682,false],"newsium-featured":["http:\/\/tvalaire.com\/wp-content\/uploads\/2019\/01\/01-7.jpg",1024,682,false],"newsium-medium":["http:\/\/tvalaire.com\/wp-content\/uploads\/2019\/01\/01-7.jpg",713,475,false]},"author_info":{"info":["tvalairenoti"]},"category_info":"<a href=\"http:\/\/tvalaire.com\/?cat=1\" rel=\"category\">La Piedad<\/a>","tag_info":"La Piedad","comment_count":"0","jetpack_featured_media_url":"http:\/\/tvalaire.com\/wp-content\/uploads\/2019\/01\/01-7.jpg","_links":{"self":[{"href":"http:\/\/tvalaire.com\/index.php?rest_route=\/wp\/v2\/posts\/4738"}],"collection":[{"href":"http:\/\/tvalaire.com\/index.php?rest_route=\/wp\/v2\/posts"}],"about":[{"href":"http:\/\/tvalaire.com\/index.php?rest_route=\/wp\/v2\/types\/post"}],"author":[{"embeddable":true,"href":"http:\/\/tvalaire.com\/index.php?rest_route=\/wp\/v2\/users\/1"}],"replies":[{"embeddable":true,"href":"http:\/\/tvalaire.com\/index.php?rest_route=%2Fwp%2Fv2%2Fcomments&post=4738"}],"version-history":[{"count":1,"href":"http:\/\/tvalaire.com\/index.php?rest_route=\/wp\/v2\/posts\/4738\/revisions"}],"predecessor-version":[{"id":4740,"href":"http:\/\/tvalaire.com\/index.php?rest_route=\/wp\/v2\/posts\/4738\/revisions\/4740"}],"wp:featuredmedia":[{"embeddable":true,"href":"http:\/\/tvalaire.com\/index.php?rest_route=\/wp\/v2\/media\/4739"}],"wp:attachment":[{"href":"http:\/\/tvalaire.com\/index.php?rest_route=%2Fwp%2Fv2%2Fmedia&parent=4738"}],"wp:term":[{"taxonomy":"category","embeddable":true,"href":"http:\/\/tvalaire.com\/index.php?rest_route=%2Fwp%2Fv2%2Fcategories&post=4738"},{"taxonomy":"post_tag","embeddable":true,"href":"http:\/\/tvalaire.com\/index.php?rest_route=%2Fwp%2Fv2%2Ftags&post=4738"}],"curies":[{"name":"wp","href":"https:\/\/api.w.org\/{rel}","templated":true}]}}