{"id":4735,"date":"2018-11-13T10:33:52","date_gmt":"2018-11-13T16:33:52","guid":{"rendered":"http:\/\/tvalaire.com\/?p=4735"},"modified":"2019-01-09T10:34:26","modified_gmt":"2019-01-09T16:34:26","slug":"proyeccion-de-arte-e-identidad-se-hace-presente-en-la-expo-porqui-fest-2018","status":"publish","type":"post","link":"http:\/\/tvalaire.com\/?p=4735","title":{"rendered":"PROYECCI\u00d3N DE ARTE E IDENTIDAD SE HACE PRESENTE EN LA EXPO PORQUI-FEST 2018"},"content":{"rendered":"<p>&nbsp;<\/p>\n<ul>\n<li><b>Se exhiben puerquitos adornados con motivos artesanales elaborados por artistas locales<\/b><\/li>\n<\/ul>\n<ul>\n<li>La Expo se mantendr\u00e1 desde el 12 de noviembre al 12 de enero del 2019<\/li>\n<\/ul>\n<p>&nbsp;<\/p>\n<p>&nbsp;<\/p>\n<p><span style=\"font-weight: 400;\">El presidente municipal Alex Espinoza inaugur\u00f3 la noche del lunes la Expo Porqui-Fest 2018 en el Centro Hist\u00f3rico de la ciudad, mediante la cual se exhiben esculturas gigantes de puerquitos pintados de forma artesanal por artistas recocidos a nivel nacional.<\/span><\/p>\n<p><span style=\"font-weight: 400;\">La exposici\u00f3n que incluye una muestra de 10 cerditos gigantes muestra en algunos casos, lugares emblem\u00e1ticos de la ciudad como la cascada de El Salto, el Santuario del Se\u00f1or de La Piedad, el puente Cavadas, entre otros.<\/span><\/p>\n<p><span style=\"font-weight: 400;\">Esta es la primera ocasi\u00f3n en la que la Fundaci\u00f3n HEFZIB\u00c1 y el Gobierno Municipal, se unen para presentar esta exposici\u00f3n que se realiza en el marco de la XXIII Expo Feria Porcina La Piedad-Santa Ana 2018.<\/span><\/p>\n<p><span style=\"font-weight: 400;\">El acto inaugural se llev\u00f3 a cabo en la fuente Bicentenario de la Plaza Principal y estuvo a cargo de nuestro alcalde Alex Espinoza, su esposa Liliana Flores y la coordinadora de la expo y representante de la Fundaci\u00f3n HEFZIB\u00c1, Andrea Covarrubias.<\/span><\/p>\n<p><span style=\"font-weight: 400;\">El Alcalde indic\u00f3 que cuando conoci\u00f3 del proyecto, sin duda alguna vio en \u00e9l un claro potencial de atractivo para nuestra ciudad, ya que no s\u00f3lo se trata de mostrar el arte, sino de generar ambientes de uni\u00f3n familiar, identidad y arraigo.<\/span><\/p>\n<p><span style=\"font-weight: 400;\">Las piezas que se exhiben en la Plaza Principal, permanecer\u00e1n hasta el 12 de enero, mostrando piezas artesanales que generan identidad, pues se\u00f1al\u00f3 que no se puede negar que la porcicultura es una actividad que la proporciona.<\/span><\/p>\n<p><span style=\"font-weight: 400;\">A su vez reconoci\u00f3 a los creadores de esas piezas que forman parte de arte y cultura y dijo confiar en que como piedadenses, sepamos apreciar y respetar la exposici\u00f3n cuidando las piezas que valen nuestra identidad y nuestra historia.<\/span><\/p>\n<p><span style=\"font-weight: 400;\">Posterior al corte, se hizo un recorrido por cada una de las piezas que conformar\u00e1n la exposici\u00f3n que est\u00e1 dirigida a toda la poblaci\u00f3n.<\/span><\/p>\n","protected":false},"excerpt":{"rendered":"<p>&nbsp; Se exhiben puerquitos adornados con motivos artesanales elaborados por artistas locales La Expo se&#8230;<\/p>\n","protected":false},"author":1,"featured_media":4736,"comment_status":"open","ping_status":"open","sticky":false,"template":"","format":"standard","meta":{"jetpack_post_was_ever_published":false,"_jetpack_newsletter_access":"","_jetpack_dont_email_post_to_subs":false,"_jetpack_newsletter_tier_id":0,"_jetpack_memberships_contains_paywalled_content":false,"_jetpack_memberships_contains_paid_content":false,"footnotes":"","jetpack_publicize_message":"","jetpack_publicize_feature_enabled":true,"jetpack_social_post_already_shared":false,"jetpack_social_options":{"image_generator_settings":{"template":"highway","enabled":false},"version":2}},"categories":[1],"tags":[15,36],"class_list":["post-4735","post","type-post","status-publish","format-standard","has-post-thumbnail","hentry","category-la-piedad","tag-la-piedad","tag-principales"],"jetpack_publicize_connections":[],"jetpack_sharing_enabled":true,"featured_image_urls":{"full":["http:\/\/tvalaire.com\/wp-content\/uploads\/2019\/01\/04.jpg",1124,750,false],"thumbnail":["http:\/\/tvalaire.com\/wp-content\/uploads\/2019\/01\/04-150x150.jpg",150,150,true],"medium":["http:\/\/tvalaire.com\/wp-content\/uploads\/2019\/01\/04-300x200.jpg",300,200,true],"medium_large":["http:\/\/tvalaire.com\/wp-content\/uploads\/2019\/01\/04-768x512.jpg",640,427,true],"large":["http:\/\/tvalaire.com\/wp-content\/uploads\/2019\/01\/04-1024x683.jpg",640,427,true],"post-slider-thumb-size":["http:\/\/tvalaire.com\/wp-content\/uploads\/2019\/01\/04.jpg",285,190,false],"post-category-slider-size":["http:\/\/tvalaire.com\/wp-content\/uploads\/2019\/01\/04.jpg",330,220,false],"1536x1536":["http:\/\/tvalaire.com\/wp-content\/uploads\/2019\/01\/04.jpg",1124,750,false],"2048x2048":["http:\/\/tvalaire.com\/wp-content\/uploads\/2019\/01\/04.jpg",1124,750,false],"newsium-slider-full":["http:\/\/tvalaire.com\/wp-content\/uploads\/2019\/01\/04.jpg",1124,750,false],"newsium-featured":["http:\/\/tvalaire.com\/wp-content\/uploads\/2019\/01\/04.jpg",1024,683,false],"newsium-medium":["http:\/\/tvalaire.com\/wp-content\/uploads\/2019\/01\/04.jpg",712,475,false]},"author_info":{"info":["tvalairenoti"]},"category_info":"<a href=\"http:\/\/tvalaire.com\/?cat=1\" rel=\"category\">La Piedad<\/a>","tag_info":"La Piedad","comment_count":"0","jetpack_featured_media_url":"http:\/\/tvalaire.com\/wp-content\/uploads\/2019\/01\/04.jpg","_links":{"self":[{"href":"http:\/\/tvalaire.com\/index.php?rest_route=\/wp\/v2\/posts\/4735"}],"collection":[{"href":"http:\/\/tvalaire.com\/index.php?rest_route=\/wp\/v2\/posts"}],"about":[{"href":"http:\/\/tvalaire.com\/index.php?rest_route=\/wp\/v2\/types\/post"}],"author":[{"embeddable":true,"href":"http:\/\/tvalaire.com\/index.php?rest_route=\/wp\/v2\/users\/1"}],"replies":[{"embeddable":true,"href":"http:\/\/tvalaire.com\/index.php?rest_route=%2Fwp%2Fv2%2Fcomments&post=4735"}],"version-history":[{"count":1,"href":"http:\/\/tvalaire.com\/index.php?rest_route=\/wp\/v2\/posts\/4735\/revisions"}],"predecessor-version":[{"id":4737,"href":"http:\/\/tvalaire.com\/index.php?rest_route=\/wp\/v2\/posts\/4735\/revisions\/4737"}],"wp:featuredmedia":[{"embeddable":true,"href":"http:\/\/tvalaire.com\/index.php?rest_route=\/wp\/v2\/media\/4736"}],"wp:attachment":[{"href":"http:\/\/tvalaire.com\/index.php?rest_route=%2Fwp%2Fv2%2Fmedia&parent=4735"}],"wp:term":[{"taxonomy":"category","embeddable":true,"href":"http:\/\/tvalaire.com\/index.php?rest_route=%2Fwp%2Fv2%2Fcategories&post=4735"},{"taxonomy":"post_tag","embeddable":true,"href":"http:\/\/tvalaire.com\/index.php?rest_route=%2Fwp%2Fv2%2Ftags&post=4735"}],"curies":[{"name":"wp","href":"https:\/\/api.w.org\/{rel}","templated":true}]}}