{"id":4731,"date":"2018-11-12T10:31:03","date_gmt":"2018-11-12T16:31:03","guid":{"rendered":"http:\/\/tvalaire.com\/?p=4731"},"modified":"2019-01-09T10:32:50","modified_gmt":"2019-01-09T16:32:50","slug":"promueve-gobierno-de-la-piedad-programa-de-capacitacion-empresarial-nafin","status":"publish","type":"post","link":"http:\/\/tvalaire.com\/?p=4731","title":{"rendered":"PROMUEVE GOBIERNO DE LA PIEDAD PROGRAMA DE CAPACITACI\u00d3N EMPRESARIAL NAFIN"},"content":{"rendered":"<p>&nbsp;<\/p>\n<ul>\n<li><b>A trav\u00e9s de Promoci\u00f3n Econ\u00f3mica se ofrece esta opci\u00f3n a las PYMES<\/b><\/li>\n<\/ul>\n<ul>\n<li>NAFIN ha instalado una oficina m\u00f3vil donde adem\u00e1s de la capacitaci\u00f3n promover\u00e1 los apoyos crediticios<\/li>\n<\/ul>\n<p>&nbsp;<\/p>\n<p>&nbsp;<\/p>\n<p><span style=\"font-weight: 400;\">A s\u00f3lo dos meses de haber iniciado la actual administraci\u00f3n municipal que preside Alex Espinoza, da respuesta a una de las necesidades planteadas por las peque\u00f1as y medianas empresas de la localidad al traer a La Piedad el Programa de Capacitaci\u00f3n Empresarial que otorga Nacional Financiera (NAFIN) a trav\u00e9s de la instalaci\u00f3n de una oficina m\u00f3vil en la explanada de la Plaza Principal.<\/span><\/p>\n<p><span style=\"font-weight: 400;\">El programa est\u00e1 dirigido a \u00a0los empresarios y emprendedores de nuevos negocios, los cuales para asistir, no requieren de confirmaci\u00f3n o registro previo, basta acudir a la oficina m\u00f3vil en donde recibir\u00e1n asistencia t\u00e9cnica y capacitaci\u00f3n durante toda esta semana.<\/span><\/p>\n<p><span style=\"font-weight: 400;\">El director de Promoci\u00f3n Econ\u00f3mica, Juan Carlos Guzm\u00e1n, destac\u00f3 la importancia de esta actividad en La Piedad con la cual da cumplimiento a una de las principales instrucciones de nuestro Alcalde, pues reconocen que en M\u00e9xico m\u00e1s de 4 millones de peque\u00f1as y micro empresas son las que generan el 72 por ciento del empleo y aportan el 52 por ciento del Producto Interno Bruto (PIB). <\/span><\/p>\n<p><span style=\"font-weight: 400;\">Es por ello, que a dos meses de iniciada esta administraci\u00f3n rompen con las barreras que impiden que los empresarios puedan obtener financiamiento y capacitaci\u00f3n que les ayude a consolidar sus proyectos de negocio.<\/span><\/p>\n<p><span style=\"font-weight: 400;\">Jos\u00e9 Mario Espino Arenas, director de NAFIN agradeci\u00f3 al Municipio por brindar este servicio para los empresarios de la regi\u00f3n y la ciudad, durante toda esta semana, ya que el 95 por ciento de las empresas que se acercan a ellos es para pedir financiamiento y muchas veces no se considera la capacitaci\u00f3n que es fundamental para las empresas.<\/span><\/p>\n<p><span style=\"font-weight: 400;\">Inform\u00f3 que durante toda esta semana permanecer\u00e1n en la ciudad, atender\u00e1n a los empresarios locales a quienes ofrecen un programa de capacitaci\u00f3n integral para que puedan mejorar o emprender un negocio.<\/span><\/p>\n<p><span style=\"font-weight: 400;\">Tambi\u00e9n proveer\u00e1n de cr\u00e9ditos para mujeres empresarias que tengan m\u00e1s de 2 a\u00f1os operando, para las cuales hay financiamientos que van desde los 300 mil a los 500 mil pesos, as\u00ed como los cr\u00e9ditos Joven Emprendedores.<\/span><\/p>\n","protected":false},"excerpt":{"rendered":"<p>&nbsp; A trav\u00e9s de Promoci\u00f3n Econ\u00f3mica se ofrece esta opci\u00f3n a las PYMES NAFIN ha&#8230;<\/p>\n","protected":false},"author":1,"featured_media":4732,"comment_status":"open","ping_status":"open","sticky":false,"template":"","format":"standard","meta":{"jetpack_post_was_ever_published":false,"_jetpack_newsletter_access":"","_jetpack_dont_email_post_to_subs":false,"_jetpack_newsletter_tier_id":0,"_jetpack_memberships_contains_paywalled_content":false,"_jetpack_memberships_contains_paid_content":false,"footnotes":"","jetpack_publicize_message":"","jetpack_publicize_feature_enabled":true,"jetpack_social_post_already_shared":false,"jetpack_social_options":{"image_generator_settings":{"template":"highway","enabled":false},"version":2}},"categories":[1],"tags":[15,36],"class_list":["post-4731","post","type-post","status-publish","format-standard","has-post-thumbnail","hentry","category-la-piedad","tag-la-piedad","tag-principales"],"jetpack_publicize_connections":[],"jetpack_sharing_enabled":true,"featured_image_urls":{"full":["http:\/\/tvalaire.com\/wp-content\/uploads\/2019\/01\/01-1-4.jpg",1024,683,false],"thumbnail":["http:\/\/tvalaire.com\/wp-content\/uploads\/2019\/01\/01-1-4-150x150.jpg",150,150,true],"medium":["http:\/\/tvalaire.com\/wp-content\/uploads\/2019\/01\/01-1-4-300x200.jpg",300,200,true],"medium_large":["http:\/\/tvalaire.com\/wp-content\/uploads\/2019\/01\/01-1-4-768x512.jpg",640,427,true],"large":["http:\/\/tvalaire.com\/wp-content\/uploads\/2019\/01\/01-1-4-1024x683.jpg",640,427,true],"post-slider-thumb-size":["http:\/\/tvalaire.com\/wp-content\/uploads\/2019\/01\/01-1-4.jpg",285,190,false],"post-category-slider-size":["http:\/\/tvalaire.com\/wp-content\/uploads\/2019\/01\/01-1-4.jpg",330,220,false],"1536x1536":["http:\/\/tvalaire.com\/wp-content\/uploads\/2019\/01\/01-1-4.jpg",1024,683,false],"2048x2048":["http:\/\/tvalaire.com\/wp-content\/uploads\/2019\/01\/01-1-4.jpg",1024,683,false],"newsium-slider-full":["http:\/\/tvalaire.com\/wp-content\/uploads\/2019\/01\/01-1-4.jpg",1024,683,false],"newsium-featured":["http:\/\/tvalaire.com\/wp-content\/uploads\/2019\/01\/01-1-4.jpg",1024,683,false],"newsium-medium":["http:\/\/tvalaire.com\/wp-content\/uploads\/2019\/01\/01-1-4.jpg",712,475,false]},"author_info":{"info":["tvalairenoti"]},"category_info":"<a href=\"http:\/\/tvalaire.com\/?cat=1\" rel=\"category\">La Piedad<\/a>","tag_info":"La Piedad","comment_count":"0","jetpack_featured_media_url":"http:\/\/tvalaire.com\/wp-content\/uploads\/2019\/01\/01-1-4.jpg","_links":{"self":[{"href":"http:\/\/tvalaire.com\/index.php?rest_route=\/wp\/v2\/posts\/4731"}],"collection":[{"href":"http:\/\/tvalaire.com\/index.php?rest_route=\/wp\/v2\/posts"}],"about":[{"href":"http:\/\/tvalaire.com\/index.php?rest_route=\/wp\/v2\/types\/post"}],"author":[{"embeddable":true,"href":"http:\/\/tvalaire.com\/index.php?rest_route=\/wp\/v2\/users\/1"}],"replies":[{"embeddable":true,"href":"http:\/\/tvalaire.com\/index.php?rest_route=%2Fwp%2Fv2%2Fcomments&post=4731"}],"version-history":[{"count":2,"href":"http:\/\/tvalaire.com\/index.php?rest_route=\/wp\/v2\/posts\/4731\/revisions"}],"predecessor-version":[{"id":4734,"href":"http:\/\/tvalaire.com\/index.php?rest_route=\/wp\/v2\/posts\/4731\/revisions\/4734"}],"wp:featuredmedia":[{"embeddable":true,"href":"http:\/\/tvalaire.com\/index.php?rest_route=\/wp\/v2\/media\/4732"}],"wp:attachment":[{"href":"http:\/\/tvalaire.com\/index.php?rest_route=%2Fwp%2Fv2%2Fmedia&parent=4731"}],"wp:term":[{"taxonomy":"category","embeddable":true,"href":"http:\/\/tvalaire.com\/index.php?rest_route=%2Fwp%2Fv2%2Fcategories&post=4731"},{"taxonomy":"post_tag","embeddable":true,"href":"http:\/\/tvalaire.com\/index.php?rest_route=%2Fwp%2Fv2%2Ftags&post=4731"}],"curies":[{"name":"wp","href":"https:\/\/api.w.org\/{rel}","templated":true}]}}