{"id":4719,"date":"2018-11-08T10:25:22","date_gmt":"2018-11-08T16:25:22","guid":{"rendered":"http:\/\/tvalaire.com\/?p=4719"},"modified":"2019-01-09T10:26:52","modified_gmt":"2019-01-09T16:26:52","slug":"credenciales-de-becarios-se-entregaran-en-la-unidad-lic-humberto-romero-perez","status":"publish","type":"post","link":"http:\/\/tvalaire.com\/?p=4719","title":{"rendered":"CREDENCIALES DE BECARIOS SE ENTREGAR\u00c1N EN LA UNIDAD \u201cLIC. HUMBERTO ROMERO P\u00c9REZ\u201d"},"content":{"rendered":"<p>&nbsp;<\/p>\n<ul>\n<li><b>A partir del 21 de noviembre se entregan las nuevas identificaciones <\/b><\/li>\n<\/ul>\n<ul>\n<li>El documento se otorgar\u00e1 \u00fanica y exclusivamente a los beneficiarios del programa<\/li>\n<\/ul>\n<p>&nbsp;<\/p>\n<p><span style=\"font-weight: 400;\">La direcci\u00f3n de Educaci\u00f3n tiene ya programada las fechas para \u00a0la entrega de las nuevas credenciales a los m\u00e1s de 4 mil beneficiarios del programa Becas Municipales.<\/span><\/p>\n<p><span style=\"font-weight: 400;\">Iv\u00e1n Hidalgo Gallardo, subdirector de Educaci\u00f3n inform\u00f3 que las fechas establecidas para la entrega de dicho documento, se realizar\u00e1 a partir del 21 de noviembre a las 10:00 de la ma\u00f1ana en la unidad deportiva \u201cLic. Humberto Romero P\u00e9rez\u201d conocida como \u201cLa de abajo\u201d y las primeras ser\u00e1n para los alumnos del nivel de Primaria.<\/span><\/p>\n<p><span style=\"font-weight: 400;\">El 22 de noviembre a la misma hora y el mismo lugar se realizar\u00e1 la entrega de las credenciales a los alumnos de Secundaria y el 23 del mismo mes a los alumnos de Preparatoria y Universidad.<\/span><\/p>\n<p><span style=\"font-weight: 400;\">Por lo que invit\u00f3 a padres de familia y alumnos beneficiarios a estar pendientes de estas fechas y acudir a recoger dicho documento, sin el cual no podr\u00e1n recibir el apoyo que les otorga el Gobierno Municipal como un est\u00edmulo por su esfuerzo, dedicaci\u00f3n y para fomentar que contin\u00faen con sus estudios.<\/span><\/p>\n<p><span style=\"font-weight: 400;\">Inform\u00f3 que las listas que actualmente se exhiben tanto en la direcci\u00f3n de Educaci\u00f3n como en los portales de Presidencia Municipal, incluyen \u00fanicamente a los nuevos becados, ya que en el caso de quienes realizaron los tr\u00e1mites de renovaci\u00f3n por cambio de grado escolar, ellos ya aparecen en la lista general.<\/span><\/p>\n<p><span style=\"font-weight: 400;\">El Subdirector de Educaci\u00f3n indic\u00f3 que en t\u00e9rminos generales no se hicieron cambios a las listas, pero s\u00ed detectaron muchos casos en donde hab\u00eda varios becados de una sola familia. <\/span><\/p>\n<p><span style=\"font-weight: 400;\">En estos casos, coment\u00f3 que se aplic\u00f3 el reglamento general correspondiente a este programa que establece que el beneficio es \u00fanicamente para un miembro de la familia, siempre y cuando \u00e9ste re\u00fana los requisitos de calificaci\u00f3n m\u00ednima que es de 8.5. <\/span><\/p>\n<p><span style=\"font-weight: 400;\">Para mayores informes en cuanto a las listas de los beneficiarios invit\u00f3 a la poblaci\u00f3n a acudir y revisar de manera f\u00edsica o bien visitar el enlace https:\/\/es.calameo.com\/read\/005743794765f545178c5?fbclid=IwAR19YcmlxECUkNWA_q3LORStGTi-TDhDYUyNVzyK_skqmCJUTZ2qG78yoko \u00a0o llamar al tel\u00e9fono 522 18 74 de la direcci\u00f3n de Educaci\u00f3n para proporcionarles los datos que necesiten.<\/span><\/p>\n","protected":false},"excerpt":{"rendered":"<p>&nbsp; A partir del 21 de noviembre se entregan las nuevas identificaciones El documento se&#8230;<\/p>\n","protected":false},"author":1,"featured_media":4720,"comment_status":"open","ping_status":"open","sticky":false,"template":"","format":"standard","meta":{"jetpack_post_was_ever_published":false,"_jetpack_newsletter_access":"","_jetpack_dont_email_post_to_subs":false,"_jetpack_newsletter_tier_id":0,"_jetpack_memberships_contains_paywalled_content":false,"_jetpack_memberships_contains_paid_content":false,"footnotes":"","jetpack_publicize_message":"","jetpack_publicize_feature_enabled":true,"jetpack_social_post_already_shared":false,"jetpack_social_options":{"image_generator_settings":{"template":"highway","enabled":false},"version":2}},"categories":[1],"tags":[15],"class_list":["post-4719","post","type-post","status-publish","format-standard","has-post-thumbnail","hentry","category-la-piedad","tag-la-piedad"],"jetpack_publicize_connections":[],"jetpack_sharing_enabled":true,"featured_image_urls":{"full":["http:\/\/tvalaire.com\/wp-content\/uploads\/2019\/01\/01-2-9.jpg",1024,683,false],"thumbnail":["http:\/\/tvalaire.com\/wp-content\/uploads\/2019\/01\/01-2-9-150x150.jpg",150,150,true],"medium":["http:\/\/tvalaire.com\/wp-content\/uploads\/2019\/01\/01-2-9-300x200.jpg",300,200,true],"medium_large":["http:\/\/tvalaire.com\/wp-content\/uploads\/2019\/01\/01-2-9-768x512.jpg",640,427,true],"large":["http:\/\/tvalaire.com\/wp-content\/uploads\/2019\/01\/01-2-9-1024x683.jpg",640,427,true],"post-slider-thumb-size":["http:\/\/tvalaire.com\/wp-content\/uploads\/2019\/01\/01-2-9.jpg",285,190,false],"post-category-slider-size":["http:\/\/tvalaire.com\/wp-content\/uploads\/2019\/01\/01-2-9.jpg",330,220,false],"1536x1536":["http:\/\/tvalaire.com\/wp-content\/uploads\/2019\/01\/01-2-9.jpg",1024,683,false],"2048x2048":["http:\/\/tvalaire.com\/wp-content\/uploads\/2019\/01\/01-2-9.jpg",1024,683,false],"newsium-slider-full":["http:\/\/tvalaire.com\/wp-content\/uploads\/2019\/01\/01-2-9.jpg",1024,683,false],"newsium-featured":["http:\/\/tvalaire.com\/wp-content\/uploads\/2019\/01\/01-2-9.jpg",1024,683,false],"newsium-medium":["http:\/\/tvalaire.com\/wp-content\/uploads\/2019\/01\/01-2-9.jpg",712,475,false]},"author_info":{"info":["tvalairenoti"]},"category_info":"<a href=\"http:\/\/tvalaire.com\/?cat=1\" rel=\"category\">La Piedad<\/a>","tag_info":"La Piedad","comment_count":"0","jetpack_featured_media_url":"http:\/\/tvalaire.com\/wp-content\/uploads\/2019\/01\/01-2-9.jpg","_links":{"self":[{"href":"http:\/\/tvalaire.com\/index.php?rest_route=\/wp\/v2\/posts\/4719"}],"collection":[{"href":"http:\/\/tvalaire.com\/index.php?rest_route=\/wp\/v2\/posts"}],"about":[{"href":"http:\/\/tvalaire.com\/index.php?rest_route=\/wp\/v2\/types\/post"}],"author":[{"embeddable":true,"href":"http:\/\/tvalaire.com\/index.php?rest_route=\/wp\/v2\/users\/1"}],"replies":[{"embeddable":true,"href":"http:\/\/tvalaire.com\/index.php?rest_route=%2Fwp%2Fv2%2Fcomments&post=4719"}],"version-history":[{"count":1,"href":"http:\/\/tvalaire.com\/index.php?rest_route=\/wp\/v2\/posts\/4719\/revisions"}],"predecessor-version":[{"id":4721,"href":"http:\/\/tvalaire.com\/index.php?rest_route=\/wp\/v2\/posts\/4719\/revisions\/4721"}],"wp:featuredmedia":[{"embeddable":true,"href":"http:\/\/tvalaire.com\/index.php?rest_route=\/wp\/v2\/media\/4720"}],"wp:attachment":[{"href":"http:\/\/tvalaire.com\/index.php?rest_route=%2Fwp%2Fv2%2Fmedia&parent=4719"}],"wp:term":[{"taxonomy":"category","embeddable":true,"href":"http:\/\/tvalaire.com\/index.php?rest_route=%2Fwp%2Fv2%2Fcategories&post=4719"},{"taxonomy":"post_tag","embeddable":true,"href":"http:\/\/tvalaire.com\/index.php?rest_route=%2Fwp%2Fv2%2Ftags&post=4719"}],"curies":[{"name":"wp","href":"https:\/\/api.w.org\/{rel}","templated":true}]}}