{"id":4714,"date":"2018-11-07T10:23:04","date_gmt":"2018-11-07T16:23:04","guid":{"rendered":"http:\/\/tvalaire.com\/?p=4714"},"modified":"2019-01-09T10:24:07","modified_gmt":"2019-01-09T16:24:07","slug":"dif-la-piedad-abre-turno-vespertino-en-su-consultorio-medico","status":"publish","type":"post","link":"http:\/\/tvalaire.com\/?p=4714","title":{"rendered":"DIF LA PIEDAD ABRE TURNO VESPERTINO EN SU CONSULTORIO M\u00c9DICO"},"content":{"rendered":"<p>&nbsp;<\/p>\n<ul>\n<li><b>Se mejora el servicio y de manera constante se capacita al personal<\/b><\/li>\n<\/ul>\n<ul>\n<li>Las consultas son abajo costo y para beneficio de la poblaci\u00f3n<\/li>\n<\/ul>\n<p>&nbsp;<\/p>\n<p>&nbsp;<\/p>\n<p><span style=\"font-weight: 400;\">Con el objetivo de brindar servicios de calidad y m\u00e1s integrales, DIF La Piedad abre su turno vespertino en su consultorio m\u00e9dico, atendiendo de lunes a viernes a la poblaci\u00f3n que as\u00ed lo requiera. Liliana Flores Castro, presidenta del sistema DIF, coment\u00f3 que se tom\u00f3 esta decisi\u00f3n de ampliar el horario de atenci\u00f3n debido a la demanda que tiene esta \u00e1rea.<\/span><\/p>\n<p>&nbsp;<\/p>\n<p><span style=\"font-weight: 400;\">Las consultas generales que se ofrecen son a muy bajo costo y alcance de todas las personas, adem\u00e1s el medicamento que se tenga en existencia se les da de manera gratuita, se\u00f1al\u00f3 Flores Castro.<\/span><\/p>\n<p>&nbsp;<\/p>\n<p><span style=\"font-weight: 400;\">Liliana Flores, puntualiz\u00f3 que actualmente el consultorio beneficia a personas no solo del municipio, sino incluso de lugares circunvecinos como Degollado, Santa Ana Pacueco y Numar\u00e1n.<\/span><\/p>\n<p>&nbsp;<\/p>\n<p><span style=\"font-weight: 400;\">Es importante resaltar que los diferentes programas con los que cuenta el DIF se est\u00e1n mejorando y se capacita al personal para que puedan dar una mejor atenci\u00f3n, con el fin de eficientar los servicios, resalt\u00f3 la presidenta.<\/span><\/p>\n<p>&nbsp;<\/p>\n<p><span style=\"font-weight: 400;\">\u201cLos servicios de salud tambi\u00e9n se ofrecen en el centro comunitario de Laureles con consultas generales y dentales por la ma\u00f1anas\u201d, finaliz\u00f3 Liliana Flores.<\/span><\/p>\n","protected":false},"excerpt":{"rendered":"<p>&nbsp; Se mejora el servicio y de manera constante se capacita al personal Las consultas&#8230;<\/p>\n","protected":false},"author":1,"featured_media":4715,"comment_status":"open","ping_status":"open","sticky":false,"template":"","format":"standard","meta":{"jetpack_post_was_ever_published":false,"_jetpack_newsletter_access":"","_jetpack_dont_email_post_to_subs":false,"_jetpack_newsletter_tier_id":0,"_jetpack_memberships_contains_paywalled_content":false,"_jetpack_memberships_contains_paid_content":false,"footnotes":"","jetpack_publicize_message":"","jetpack_publicize_feature_enabled":true,"jetpack_social_post_already_shared":false,"jetpack_social_options":{"image_generator_settings":{"template":"highway","enabled":false},"version":2}},"categories":[1],"tags":[15,36],"class_list":["post-4714","post","type-post","status-publish","format-standard","has-post-thumbnail","hentry","category-la-piedad","tag-la-piedad","tag-principales"],"jetpack_publicize_connections":[],"jetpack_sharing_enabled":true,"featured_image_urls":{"full":["http:\/\/tvalaire.com\/wp-content\/uploads\/2019\/01\/01-2-8.jpg",1024,683,false],"thumbnail":["http:\/\/tvalaire.com\/wp-content\/uploads\/2019\/01\/01-2-8-150x150.jpg",150,150,true],"medium":["http:\/\/tvalaire.com\/wp-content\/uploads\/2019\/01\/01-2-8-300x200.jpg",300,200,true],"medium_large":["http:\/\/tvalaire.com\/wp-content\/uploads\/2019\/01\/01-2-8-768x512.jpg",640,427,true],"large":["http:\/\/tvalaire.com\/wp-content\/uploads\/2019\/01\/01-2-8-1024x683.jpg",640,427,true],"post-slider-thumb-size":["http:\/\/tvalaire.com\/wp-content\/uploads\/2019\/01\/01-2-8.jpg",285,190,false],"post-category-slider-size":["http:\/\/tvalaire.com\/wp-content\/uploads\/2019\/01\/01-2-8.jpg",330,220,false],"1536x1536":["http:\/\/tvalaire.com\/wp-content\/uploads\/2019\/01\/01-2-8.jpg",1024,683,false],"2048x2048":["http:\/\/tvalaire.com\/wp-content\/uploads\/2019\/01\/01-2-8.jpg",1024,683,false],"newsium-slider-full":["http:\/\/tvalaire.com\/wp-content\/uploads\/2019\/01\/01-2-8.jpg",1024,683,false],"newsium-featured":["http:\/\/tvalaire.com\/wp-content\/uploads\/2019\/01\/01-2-8.jpg",1024,683,false],"newsium-medium":["http:\/\/tvalaire.com\/wp-content\/uploads\/2019\/01\/01-2-8.jpg",712,475,false]},"author_info":{"info":["tvalairenoti"]},"category_info":"<a href=\"http:\/\/tvalaire.com\/?cat=1\" rel=\"category\">La Piedad<\/a>","tag_info":"La Piedad","comment_count":"0","jetpack_featured_media_url":"http:\/\/tvalaire.com\/wp-content\/uploads\/2019\/01\/01-2-8.jpg","_links":{"self":[{"href":"http:\/\/tvalaire.com\/index.php?rest_route=\/wp\/v2\/posts\/4714"}],"collection":[{"href":"http:\/\/tvalaire.com\/index.php?rest_route=\/wp\/v2\/posts"}],"about":[{"href":"http:\/\/tvalaire.com\/index.php?rest_route=\/wp\/v2\/types\/post"}],"author":[{"embeddable":true,"href":"http:\/\/tvalaire.com\/index.php?rest_route=\/wp\/v2\/users\/1"}],"replies":[{"embeddable":true,"href":"http:\/\/tvalaire.com\/index.php?rest_route=%2Fwp%2Fv2%2Fcomments&post=4714"}],"version-history":[{"count":1,"href":"http:\/\/tvalaire.com\/index.php?rest_route=\/wp\/v2\/posts\/4714\/revisions"}],"predecessor-version":[{"id":4716,"href":"http:\/\/tvalaire.com\/index.php?rest_route=\/wp\/v2\/posts\/4714\/revisions\/4716"}],"wp:featuredmedia":[{"embeddable":true,"href":"http:\/\/tvalaire.com\/index.php?rest_route=\/wp\/v2\/media\/4715"}],"wp:attachment":[{"href":"http:\/\/tvalaire.com\/index.php?rest_route=%2Fwp%2Fv2%2Fmedia&parent=4714"}],"wp:term":[{"taxonomy":"category","embeddable":true,"href":"http:\/\/tvalaire.com\/index.php?rest_route=%2Fwp%2Fv2%2Fcategories&post=4714"},{"taxonomy":"post_tag","embeddable":true,"href":"http:\/\/tvalaire.com\/index.php?rest_route=%2Fwp%2Fv2%2Ftags&post=4714"}],"curies":[{"name":"wp","href":"https:\/\/api.w.org\/{rel}","templated":true}]}}