{"id":4711,"date":"2018-11-07T10:22:02","date_gmt":"2018-11-07T16:22:02","guid":{"rendered":"http:\/\/tvalaire.com\/?p=4711"},"modified":"2019-01-09T10:22:35","modified_gmt":"2019-01-09T16:22:35","slug":"elaboran-videominuto-para-atender-alerta-de-genero","status":"publish","type":"post","link":"http:\/\/tvalaire.com\/?p=4711","title":{"rendered":"ELABORAN VIDEOMINUTO PARA ATENDER ALERTA DE G\u00c9NERO"},"content":{"rendered":"<p>&nbsp;<\/p>\n<ul>\n<li><b>La actividad forma parte del Taller de Narrativa Audiovisual con perspectiva de g\u00e9nero <\/b><\/li>\n<\/ul>\n<ul>\n<li>En los pr\u00f3ximos d\u00edas ser\u00e1 presentado el proyecto en la ciudad<\/li>\n<\/ul>\n<p>&nbsp;<\/p>\n<p>&nbsp;<\/p>\n<p><span style=\"font-weight: 400;\">Gracias a las gestiones encabezadas por nuestro presidente, Alex Espinoza, el Instituto Municipal de la Mujer (IMM) y la Direcci\u00f3n de Cultura, en conjunto con la Secretar\u00eda de Cultura del Estado, y la Secretar\u00eda de Igualdad Sustantiva y Desarrollo de las Mujeres (SEIMUJER) realizan acciones espec\u00edficas para atender la Alerta de G\u00e9nero que tiene La Piedad.<\/span><\/p>\n<p><span style=\"font-weight: 400;\">Por tal motivo, esta semana inici\u00f3 un programa de Acci\u00f3n Cultural para la prevenci\u00f3n de la violencia y la discriminaci\u00f3n denominada: \u201cRelatos en un minuto\u201d que se ejecuta mediante el Taller de Narrativa Audiovisual con Perspectiva de G\u00e9nero, as\u00ed como la impartici\u00f3n de talleres sobre concientizaci\u00f3n de lo que implica vivir con violencia.<\/span><\/p>\n<p><span style=\"font-weight: 400;\">Para ello, el Alcalde instruy\u00f3 al IMM y a la Direcci\u00f3n de Cultura, a trabajar en conjunto con dichas secretar\u00edas estatales, en la elaboraci\u00f3n del proyecto Videominuto, que se presentar\u00e1 en pr\u00f3ximos d\u00edas y ser\u00e1 elaborado por docentes y estudiantes de preparatorias y Universidades de la localidad, quienes reciben gratuitamente la capacitaci\u00f3n del 5 al 9 de noviembre en las instalaciones de la Escuela de Artes.<\/span><\/p>\n<p><span style=\"font-weight: 400;\">En este marco, se trabaja en Universidades, el Centro Comunitario de La Vasco, y la comunidad de Cujuarato, en esta primera etapa el tema es la concientizaci\u00f3n del Derecho a una vida libre de violencia, La Piedad es uno de los primeros municipios que encabezan en las nuevas administraciones la lucha frontal contra este problema.<\/span><\/p>\n<p><span style=\"font-weight: 400;\">Al respecto, la directora del IMM, Claudia Eugenia Buenrostro D\u00edaz, indic\u00f3 que se debe trabajar por cada una de las mujeres de nuestra ciudad especialmente por aquellas que se encuentran en una situaci\u00f3n m\u00e1s urgente de vulnerabilidad.<\/span><\/p>\n<p><span style=\"font-weight: 400;\">Esto, dijo, ha sido una de las instrucciones que ha recibido de parte del Alcalde es por ello que mediante la capacitaci\u00f3n de la fil\u00f3sofa, especialista en Gestalt, Bertha Guzm\u00e1n, de la Secretar\u00eda de Igualdad; la cineasta Cristina Bustamante Penilla, el Instituto Municipal de la Mujer, y la Direcci\u00f3n de Cultura, que el mun\u00edcipe Alex Espinoza demuestra su compromiso en la consecuci\u00f3n plena del derecho a una vida libre de todo tipo de violencia, para las mujeres de la localidad.<\/span><\/p>\n","protected":false},"excerpt":{"rendered":"<p>&nbsp; La actividad forma parte del Taller de Narrativa Audiovisual con perspectiva de g\u00e9nero En&#8230;<\/p>\n","protected":false},"author":1,"featured_media":4712,"comment_status":"open","ping_status":"open","sticky":false,"template":"","format":"standard","meta":{"jetpack_post_was_ever_published":false,"_jetpack_newsletter_access":"","_jetpack_dont_email_post_to_subs":false,"_jetpack_newsletter_tier_id":0,"_jetpack_memberships_contains_paywalled_content":false,"_jetpack_memberships_contains_paid_content":false,"footnotes":"","jetpack_publicize_message":"","jetpack_publicize_feature_enabled":true,"jetpack_social_post_already_shared":false,"jetpack_social_options":{"image_generator_settings":{"template":"highway","enabled":false},"version":2}},"categories":[1],"tags":[15,36],"class_list":["post-4711","post","type-post","status-publish","format-standard","has-post-thumbnail","hentry","category-la-piedad","tag-la-piedad","tag-principales"],"jetpack_publicize_connections":[],"jetpack_sharing_enabled":true,"featured_image_urls":{"full":["http:\/\/tvalaire.com\/wp-content\/uploads\/2019\/01\/01-4.jpeg",1040,584,false],"thumbnail":["http:\/\/tvalaire.com\/wp-content\/uploads\/2019\/01\/01-4-150x150.jpeg",150,150,true],"medium":["http:\/\/tvalaire.com\/wp-content\/uploads\/2019\/01\/01-4-300x168.jpeg",300,168,true],"medium_large":["http:\/\/tvalaire.com\/wp-content\/uploads\/2019\/01\/01-4-768x431.jpeg",640,359,true],"large":["http:\/\/tvalaire.com\/wp-content\/uploads\/2019\/01\/01-4-1024x575.jpeg",640,359,true],"post-slider-thumb-size":["http:\/\/tvalaire.com\/wp-content\/uploads\/2019\/01\/01-4.jpeg",330,185,false],"post-category-slider-size":["http:\/\/tvalaire.com\/wp-content\/uploads\/2019\/01\/01-4.jpeg",330,185,false],"1536x1536":["http:\/\/tvalaire.com\/wp-content\/uploads\/2019\/01\/01-4.jpeg",1040,584,false],"2048x2048":["http:\/\/tvalaire.com\/wp-content\/uploads\/2019\/01\/01-4.jpeg",1040,584,false],"newsium-slider-full":["http:\/\/tvalaire.com\/wp-content\/uploads\/2019\/01\/01-4.jpeg",1040,584,false],"newsium-featured":["http:\/\/tvalaire.com\/wp-content\/uploads\/2019\/01\/01-4.jpeg",1024,575,false],"newsium-medium":["http:\/\/tvalaire.com\/wp-content\/uploads\/2019\/01\/01-4.jpeg",720,404,false]},"author_info":{"info":["tvalairenoti"]},"category_info":"<a href=\"http:\/\/tvalaire.com\/?cat=1\" rel=\"category\">La Piedad<\/a>","tag_info":"La Piedad","comment_count":"0","jetpack_featured_media_url":"http:\/\/tvalaire.com\/wp-content\/uploads\/2019\/01\/01-4.jpeg","_links":{"self":[{"href":"http:\/\/tvalaire.com\/index.php?rest_route=\/wp\/v2\/posts\/4711"}],"collection":[{"href":"http:\/\/tvalaire.com\/index.php?rest_route=\/wp\/v2\/posts"}],"about":[{"href":"http:\/\/tvalaire.com\/index.php?rest_route=\/wp\/v2\/types\/post"}],"author":[{"embeddable":true,"href":"http:\/\/tvalaire.com\/index.php?rest_route=\/wp\/v2\/users\/1"}],"replies":[{"embeddable":true,"href":"http:\/\/tvalaire.com\/index.php?rest_route=%2Fwp%2Fv2%2Fcomments&post=4711"}],"version-history":[{"count":1,"href":"http:\/\/tvalaire.com\/index.php?rest_route=\/wp\/v2\/posts\/4711\/revisions"}],"predecessor-version":[{"id":4713,"href":"http:\/\/tvalaire.com\/index.php?rest_route=\/wp\/v2\/posts\/4711\/revisions\/4713"}],"wp:featuredmedia":[{"embeddable":true,"href":"http:\/\/tvalaire.com\/index.php?rest_route=\/wp\/v2\/media\/4712"}],"wp:attachment":[{"href":"http:\/\/tvalaire.com\/index.php?rest_route=%2Fwp%2Fv2%2Fmedia&parent=4711"}],"wp:term":[{"taxonomy":"category","embeddable":true,"href":"http:\/\/tvalaire.com\/index.php?rest_route=%2Fwp%2Fv2%2Fcategories&post=4711"},{"taxonomy":"post_tag","embeddable":true,"href":"http:\/\/tvalaire.com\/index.php?rest_route=%2Fwp%2Fv2%2Ftags&post=4711"}],"curies":[{"name":"wp","href":"https:\/\/api.w.org\/{rel}","templated":true}]}}