{"id":4687,"date":"2018-12-14T10:08:12","date_gmt":"2018-12-14T16:08:12","guid":{"rendered":"http:\/\/tvalaire.com\/?p=4687"},"modified":"2019-01-09T10:08:51","modified_gmt":"2019-01-09T16:08:51","slug":"mas-de-340-mil-pesos-entregados-a-20-micro-negocios-de-la-piedad","status":"publish","type":"post","link":"http:\/\/tvalaire.com\/?p=4687","title":{"rendered":"M\u00c1S DE 340 MIL PESOS ENTREGADOS A 20 MICRO NEGOCIOS DE LA PIEDAD"},"content":{"rendered":"<p>&nbsp;<\/p>\n<ul>\n<li><b>Los apoyos entregados se hicieron por medio del programa Vende M\u00e1s<\/b><\/li>\n<\/ul>\n<ul>\n<li>El objetivo: reactivar la econom\u00eda de las familias piedadenses<\/li>\n<\/ul>\n<p>&nbsp;<\/p>\n<p><span style=\"font-weight: 400;\">El presidente municipal Alex Espinoza y Laura Yunu\u00e9n Mej\u00eda B\u00e9jar representante de la Secretar\u00eda de Desarrollo Econ\u00f3mico en el Estado, entregaron un total de 20 equipos de apoyo a micro empresas locales por un monto de 340 mil pesos; previa capacitaci\u00f3n, consultor\u00eda y remosamiento de cada uno de los negocios.<\/span><\/p>\n<p><span style=\"font-weight: 400;\">Los apoyos se dirigieron a empresarios en la venta de art\u00edculos deportivos, sal\u00f3n de belleza, pasteler\u00eda, panader\u00edas, tiendas de abarrotes, ferreter\u00edas, venta de comida, mercer\u00edas, frutas y verduras, reposter\u00eda, dulces, bordados textiles, comercio de granos, refaccionaria y auto lavado.<\/span><\/p>\n<p><span style=\"font-weight: 400;\">El presidente municipal dijo que con estos apoyos los comerciantes beneficiados podr\u00e1n cristalizar una meta m\u00e1s y eso les permitir\u00e1 hacer crecer e incrementar su producto o mejorar cada uno de los servicios y actividades.<\/span><\/p>\n<p><span style=\"font-weight: 400;\">Mencion\u00f3 que la entrega de estos apoyos representaron para el Municipio una inversi\u00f3n de 117 mil 400 pesos, que sumados a los apoyos federal y estatal, servir\u00e1 para dinamizar la actividad de cada uno de los beneficiados.<\/span><\/p>\n<p><span style=\"font-weight: 400;\">Laura Yunu\u00e9n Mej\u00eda, reconoci\u00f3 la gesti\u00f3n de nuestro alcalde Alex Espinoza pues destac\u00f3 que de los 113 municipios a quienes se envi\u00f3 carta invitaci\u00f3n para adherirse a este programa, \u00e9l fue uno de los 34 que levantaron la mano.<\/span><\/p>\n<p><span style=\"font-weight: 400;\">Coment\u00f3 que este evento, representa la cereza en el pastel pues previamente los 20 microempresarios recibieron asesor\u00eda, capacitaci\u00f3n y mejoramiento de la infraestructura de sus establecimientos.<\/span><\/p>\n<p><span style=\"font-weight: 400;\">La funcionaria estatal, adelant\u00f3 que en el 2017 el Gobierno del Estado destin\u00f3 28 millones de pesos para este programa de Vende M\u00e1s. Estim\u00f3 que al cierre del presente a\u00f1o la cifra ser\u00e1 similar y se comprometi\u00f3 a impulsarlo el pr\u00f3ximo a\u00f1o, para hacerlo llegar al mismo n\u00famero de personas o m\u00e1s, ya que el principal objetivo es apoyar a este sector que es el que mueve al pa\u00eds, pues no son las grandes empresas las que generan el mayor n\u00famero de fuentes de empleo, sino las micro, peque\u00f1as y medianas empresas.<\/span><\/p>\n","protected":false},"excerpt":{"rendered":"<p>&nbsp; Los apoyos entregados se hicieron por medio del programa Vende M\u00e1s El objetivo: reactivar&#8230;<\/p>\n","protected":false},"author":1,"featured_media":4688,"comment_status":"open","ping_status":"open","sticky":false,"template":"","format":"standard","meta":{"jetpack_post_was_ever_published":false,"_jetpack_newsletter_access":"","_jetpack_dont_email_post_to_subs":false,"_jetpack_newsletter_tier_id":0,"_jetpack_memberships_contains_paywalled_content":false,"_jetpack_memberships_contains_paid_content":false,"footnotes":"","jetpack_publicize_message":"","jetpack_publicize_feature_enabled":true,"jetpack_social_post_already_shared":false,"jetpack_social_options":{"image_generator_settings":{"template":"highway","enabled":false},"version":2}},"categories":[1],"tags":[15,36],"class_list":["post-4687","post","type-post","status-publish","format-standard","has-post-thumbnail","hentry","category-la-piedad","tag-la-piedad","tag-principales"],"jetpack_publicize_connections":[],"jetpack_sharing_enabled":true,"featured_image_urls":{"full":["http:\/\/tvalaire.com\/wp-content\/uploads\/2019\/01\/01-2-5.jpg",1024,683,false],"thumbnail":["http:\/\/tvalaire.com\/wp-content\/uploads\/2019\/01\/01-2-5-150x150.jpg",150,150,true],"medium":["http:\/\/tvalaire.com\/wp-content\/uploads\/2019\/01\/01-2-5-300x200.jpg",300,200,true],"medium_large":["http:\/\/tvalaire.com\/wp-content\/uploads\/2019\/01\/01-2-5-768x512.jpg",640,427,true],"large":["http:\/\/tvalaire.com\/wp-content\/uploads\/2019\/01\/01-2-5-1024x683.jpg",640,427,true],"post-slider-thumb-size":["http:\/\/tvalaire.com\/wp-content\/uploads\/2019\/01\/01-2-5.jpg",285,190,false],"post-category-slider-size":["http:\/\/tvalaire.com\/wp-content\/uploads\/2019\/01\/01-2-5.jpg",330,220,false],"1536x1536":["http:\/\/tvalaire.com\/wp-content\/uploads\/2019\/01\/01-2-5.jpg",1024,683,false],"2048x2048":["http:\/\/tvalaire.com\/wp-content\/uploads\/2019\/01\/01-2-5.jpg",1024,683,false],"newsium-slider-full":["http:\/\/tvalaire.com\/wp-content\/uploads\/2019\/01\/01-2-5.jpg",1024,683,false],"newsium-featured":["http:\/\/tvalaire.com\/wp-content\/uploads\/2019\/01\/01-2-5.jpg",1024,683,false],"newsium-medium":["http:\/\/tvalaire.com\/wp-content\/uploads\/2019\/01\/01-2-5.jpg",712,475,false]},"author_info":{"info":["tvalairenoti"]},"category_info":"<a href=\"http:\/\/tvalaire.com\/?cat=1\" rel=\"category\">La Piedad<\/a>","tag_info":"La Piedad","comment_count":"0","jetpack_featured_media_url":"http:\/\/tvalaire.com\/wp-content\/uploads\/2019\/01\/01-2-5.jpg","_links":{"self":[{"href":"http:\/\/tvalaire.com\/index.php?rest_route=\/wp\/v2\/posts\/4687"}],"collection":[{"href":"http:\/\/tvalaire.com\/index.php?rest_route=\/wp\/v2\/posts"}],"about":[{"href":"http:\/\/tvalaire.com\/index.php?rest_route=\/wp\/v2\/types\/post"}],"author":[{"embeddable":true,"href":"http:\/\/tvalaire.com\/index.php?rest_route=\/wp\/v2\/users\/1"}],"replies":[{"embeddable":true,"href":"http:\/\/tvalaire.com\/index.php?rest_route=%2Fwp%2Fv2%2Fcomments&post=4687"}],"version-history":[{"count":1,"href":"http:\/\/tvalaire.com\/index.php?rest_route=\/wp\/v2\/posts\/4687\/revisions"}],"predecessor-version":[{"id":4689,"href":"http:\/\/tvalaire.com\/index.php?rest_route=\/wp\/v2\/posts\/4687\/revisions\/4689"}],"wp:featuredmedia":[{"embeddable":true,"href":"http:\/\/tvalaire.com\/index.php?rest_route=\/wp\/v2\/media\/4688"}],"wp:attachment":[{"href":"http:\/\/tvalaire.com\/index.php?rest_route=%2Fwp%2Fv2%2Fmedia&parent=4687"}],"wp:term":[{"taxonomy":"category","embeddable":true,"href":"http:\/\/tvalaire.com\/index.php?rest_route=%2Fwp%2Fv2%2Fcategories&post=4687"},{"taxonomy":"post_tag","embeddable":true,"href":"http:\/\/tvalaire.com\/index.php?rest_route=%2Fwp%2Fv2%2Ftags&post=4687"}],"curies":[{"name":"wp","href":"https:\/\/api.w.org\/{rel}","templated":true}]}}