{"id":4681,"date":"2018-12-13T10:05:14","date_gmt":"2018-12-13T16:05:14","guid":{"rendered":"http:\/\/tvalaire.com\/?p=4681"},"modified":"2019-01-09T10:06:24","modified_gmt":"2019-01-09T16:06:24","slug":"mariachi-vargas-de-tecalitlan-estara-en-la-piedad","status":"publish","type":"post","link":"http:\/\/tvalaire.com\/?p=4681","title":{"rendered":"MARIACHI VARGAS DE TECALITL\u00c1N ESTAR\u00c1 EN LA PIEDAD"},"content":{"rendered":"<p>&nbsp;<\/p>\n<ul>\n<li><b>Iniciar\u00e1 a partir de las 04:00 de la tarde el 22 de diciembre <\/b><\/li>\n<\/ul>\n<ul>\n<li>La presentaci\u00f3n ser\u00e1 p\u00fablica en el centro hist\u00f3rico de la ciudad<\/li>\n<\/ul>\n<p>&nbsp;<\/p>\n<p>&nbsp;<\/p>\n<p><span style=\"font-weight: 400;\">El Gobierno Municipal a trav\u00e9s de la coordinaci\u00f3n de Turismo anunci\u00f3 la realizaci\u00f3n del D\u00eda del Mariachi para el pr\u00f3ximo 22 de diciembre en donde se contar\u00e1 con la presentaci\u00f3n estelar del mariachi Vargas de Tecalitl\u00e1n.<\/span><\/p>\n<p><span style=\"font-weight: 400;\">El evento se llevar\u00e1 en el Jard\u00edn Principal y de forma gratuita, por lo que se hace una cordial invitaci\u00f3n a la poblaci\u00f3n para que asista a partir de las 4:00 de la tarde.<\/span><\/p>\n<p><span style=\"font-weight: 400;\">El elenco que conforma este D\u00eda del Mariachi tambi\u00e9n lo integran talento local a trav\u00e9s de las voces de Artemisa Gonz\u00e1lez, Clara Morales, Alondra, Mario Cabrera y Josimar Rodr\u00edguez.<\/span><\/p>\n<p><span style=\"font-weight: 400;\">El objetivo de este evento es proporcionar un espect\u00e1culo que una a las familias y se promueva la actividad en el Centro Hist\u00f3rico de La Piedad.<\/span><\/p>\n<p><span style=\"font-weight: 400;\">Daniel Negrete coordinador de Turismo, indic\u00f3 que para proporcionar la tranquilidad de los asistentes, se cuenta ya con un operativo de seguridad en el que participar\u00e1n todas las corporaciones de auxilio.<\/span><\/p>\n<p><span style=\"font-weight: 400;\">El evento se prev\u00e9 que tenga una duraci\u00f3n de seis horas y para brindar servicio de transporte a los asistentes, se solicitar\u00e1 a las diversas rutas que laboran en esta zona de la ciudad, para que ampl\u00eden los horarios ya que se prev\u00e9 que termine aproximadamente a las 10:00 de la noche.<\/span><\/p>\n","protected":false},"excerpt":{"rendered":"<p>&nbsp; Iniciar\u00e1 a partir de las 04:00 de la tarde el 22 de diciembre La&#8230;<\/p>\n","protected":false},"author":1,"featured_media":4682,"comment_status":"open","ping_status":"open","sticky":false,"template":"","format":"standard","meta":{"jetpack_post_was_ever_published":false,"_jetpack_newsletter_access":"","_jetpack_dont_email_post_to_subs":false,"_jetpack_newsletter_tier_id":0,"_jetpack_memberships_contains_paywalled_content":false,"_jetpack_memberships_contains_paid_content":false,"footnotes":"","jetpack_publicize_message":"","jetpack_publicize_feature_enabled":true,"jetpack_social_post_already_shared":false,"jetpack_social_options":{"image_generator_settings":{"template":"highway","enabled":false},"version":2}},"categories":[1],"tags":[15,36],"class_list":["post-4681","post","type-post","status-publish","format-standard","has-post-thumbnail","hentry","category-la-piedad","tag-la-piedad","tag-principales"],"jetpack_publicize_connections":[],"jetpack_sharing_enabled":true,"featured_image_urls":{"full":["http:\/\/tvalaire.com\/wp-content\/uploads\/2019\/01\/01-2-4.jpg",630,960,false],"thumbnail":["http:\/\/tvalaire.com\/wp-content\/uploads\/2019\/01\/01-2-4-150x150.jpg",150,150,true],"medium":["http:\/\/tvalaire.com\/wp-content\/uploads\/2019\/01\/01-2-4-197x300.jpg",197,300,true],"medium_large":["http:\/\/tvalaire.com\/wp-content\/uploads\/2019\/01\/01-2-4.jpg",630,960,false],"large":["http:\/\/tvalaire.com\/wp-content\/uploads\/2019\/01\/01-2-4.jpg",630,960,false],"post-slider-thumb-size":["http:\/\/tvalaire.com\/wp-content\/uploads\/2019\/01\/01-2-4.jpg",125,190,false],"post-category-slider-size":["http:\/\/tvalaire.com\/wp-content\/uploads\/2019\/01\/01-2-4.jpg",230,350,false],"1536x1536":["http:\/\/tvalaire.com\/wp-content\/uploads\/2019\/01\/01-2-4.jpg",630,960,false],"2048x2048":["http:\/\/tvalaire.com\/wp-content\/uploads\/2019\/01\/01-2-4.jpg",630,960,false],"newsium-slider-full":["http:\/\/tvalaire.com\/wp-content\/uploads\/2019\/01\/01-2-4.jpg",555,845,false],"newsium-featured":["http:\/\/tvalaire.com\/wp-content\/uploads\/2019\/01\/01-2-4.jpg",630,960,false],"newsium-medium":["http:\/\/tvalaire.com\/wp-content\/uploads\/2019\/01\/01-2-4.jpg",312,475,false]},"author_info":{"info":["tvalairenoti"]},"category_info":"<a href=\"http:\/\/tvalaire.com\/?cat=1\" rel=\"category\">La Piedad<\/a>","tag_info":"La Piedad","comment_count":"0","jetpack_featured_media_url":"http:\/\/tvalaire.com\/wp-content\/uploads\/2019\/01\/01-2-4.jpg","_links":{"self":[{"href":"http:\/\/tvalaire.com\/index.php?rest_route=\/wp\/v2\/posts\/4681"}],"collection":[{"href":"http:\/\/tvalaire.com\/index.php?rest_route=\/wp\/v2\/posts"}],"about":[{"href":"http:\/\/tvalaire.com\/index.php?rest_route=\/wp\/v2\/types\/post"}],"author":[{"embeddable":true,"href":"http:\/\/tvalaire.com\/index.php?rest_route=\/wp\/v2\/users\/1"}],"replies":[{"embeddable":true,"href":"http:\/\/tvalaire.com\/index.php?rest_route=%2Fwp%2Fv2%2Fcomments&post=4681"}],"version-history":[{"count":1,"href":"http:\/\/tvalaire.com\/index.php?rest_route=\/wp\/v2\/posts\/4681\/revisions"}],"predecessor-version":[{"id":4683,"href":"http:\/\/tvalaire.com\/index.php?rest_route=\/wp\/v2\/posts\/4681\/revisions\/4683"}],"wp:featuredmedia":[{"embeddable":true,"href":"http:\/\/tvalaire.com\/index.php?rest_route=\/wp\/v2\/media\/4682"}],"wp:attachment":[{"href":"http:\/\/tvalaire.com\/index.php?rest_route=%2Fwp%2Fv2%2Fmedia&parent=4681"}],"wp:term":[{"taxonomy":"category","embeddable":true,"href":"http:\/\/tvalaire.com\/index.php?rest_route=%2Fwp%2Fv2%2Fcategories&post=4681"},{"taxonomy":"post_tag","embeddable":true,"href":"http:\/\/tvalaire.com\/index.php?rest_route=%2Fwp%2Fv2%2Ftags&post=4681"}],"curies":[{"name":"wp","href":"https:\/\/api.w.org\/{rel}","templated":true}]}}