{"id":4678,"date":"2018-12-10T10:04:21","date_gmt":"2018-12-10T16:04:21","guid":{"rendered":"http:\/\/tvalaire.com\/?p=4678"},"modified":"2019-01-09T10:05:00","modified_gmt":"2019-01-09T16:05:00","slug":"realiza-ecologia-campana-de-concientizacion-sobre-el-cuidado-del-medio-ambiente","status":"publish","type":"post","link":"http:\/\/tvalaire.com\/?p=4678","title":{"rendered":"REALIZA ECOLOG\u00cdA CAMPA\u00d1A DE CONCIENTIZACI\u00d3N SOBRE EL CUIDADO DEL MEDIO AMBIENTE"},"content":{"rendered":"<p>&nbsp;<\/p>\n<ul>\n<li><b>Imparti\u00f3 un curso-taller a personal de la empresa Ingenieros Civiles Asociados (ICA)<\/b><\/li>\n<\/ul>\n<ul>\n<li>El objetivo es generar conciencia sobre el cuidado del entorno ecol\u00f3gico y de los animales<\/li>\n<\/ul>\n<p>&nbsp;<\/p>\n<p>&nbsp;<\/p>\n<p><span style=\"font-weight: 400;\">El Gobierno Municipal a trav\u00e9s de la coordinaci\u00f3n de Ecolog\u00eda, por medio de una campa\u00f1a de concientizaci\u00f3n sobre el cuidado del medio ambiente, imparti\u00f3 el curso-taller sobre el tema a integrantes de Ingenieros Civiles Asociados (ICA).<\/span><\/p>\n<p><span style=\"font-weight: 400;\">Tatiana Ayala Avi\u00f1a, coordinadora de Ecolog\u00eda inform\u00f3 que la finalidad de llevar estos talleres a las empresas e instituciones p\u00fablicas y privadas, es generar conciencia sobre la importancia del cuidado del medio ambiente y de los animales.<\/span><\/p>\n<p><span style=\"font-weight: 400;\">Al t\u00e9rmino del taller, se les regal\u00f3 una planta de diferentes especies con el fin de invitarlos a preservarla y cuidar de ella durante toda su etapa de desarrollo.<\/span><\/p>\n<p><span style=\"font-weight: 400;\">Personal de ICA, se mostr\u00f3 atento y comprometido con la ecolog\u00eda e incluso establecieron un acuerdo para transmitir esta pl\u00e1tica a sus trabajadores, personal administrativo y de campo, con la finalidad de que, en lo sucesivo durante todas las actividades que realicen se labore evitando el da\u00f1o a nuestro medio ambiente o a los animales.<\/span><\/p>\n","protected":false},"excerpt":{"rendered":"<p>&nbsp; Imparti\u00f3 un curso-taller a personal de la empresa Ingenieros Civiles Asociados (ICA) El objetivo&#8230;<\/p>\n","protected":false},"author":1,"featured_media":4679,"comment_status":"open","ping_status":"open","sticky":false,"template":"","format":"standard","meta":{"jetpack_post_was_ever_published":false,"_jetpack_newsletter_access":"","_jetpack_dont_email_post_to_subs":false,"_jetpack_newsletter_tier_id":0,"_jetpack_memberships_contains_paywalled_content":false,"_jetpack_memberships_contains_paid_content":false,"footnotes":"","jetpack_publicize_message":"","jetpack_publicize_feature_enabled":true,"jetpack_social_post_already_shared":false,"jetpack_social_options":{"image_generator_settings":{"template":"highway","enabled":false},"version":2}},"categories":[1],"tags":[15],"class_list":["post-4678","post","type-post","status-publish","format-standard","has-post-thumbnail","hentry","category-la-piedad","tag-la-piedad"],"jetpack_publicize_connections":[],"jetpack_sharing_enabled":true,"featured_image_urls":{"full":["http:\/\/tvalaire.com\/wp-content\/uploads\/2019\/01\/10-2.jpeg",1280,960,false],"thumbnail":["http:\/\/tvalaire.com\/wp-content\/uploads\/2019\/01\/10-2-150x150.jpeg",150,150,true],"medium":["http:\/\/tvalaire.com\/wp-content\/uploads\/2019\/01\/10-2-300x225.jpeg",300,225,true],"medium_large":["http:\/\/tvalaire.com\/wp-content\/uploads\/2019\/01\/10-2-768x576.jpeg",640,480,true],"large":["http:\/\/tvalaire.com\/wp-content\/uploads\/2019\/01\/10-2-1024x768.jpeg",640,480,true],"post-slider-thumb-size":["http:\/\/tvalaire.com\/wp-content\/uploads\/2019\/01\/10-2.jpeg",253,190,false],"post-category-slider-size":["http:\/\/tvalaire.com\/wp-content\/uploads\/2019\/01\/10-2.jpeg",330,248,false],"1536x1536":["http:\/\/tvalaire.com\/wp-content\/uploads\/2019\/01\/10-2.jpeg",1280,960,false],"2048x2048":["http:\/\/tvalaire.com\/wp-content\/uploads\/2019\/01\/10-2.jpeg",1280,960,false],"newsium-slider-full":["http:\/\/tvalaire.com\/wp-content\/uploads\/2019\/01\/10-2.jpeg",1127,845,false],"newsium-featured":["http:\/\/tvalaire.com\/wp-content\/uploads\/2019\/01\/10-2.jpeg",1024,768,false],"newsium-medium":["http:\/\/tvalaire.com\/wp-content\/uploads\/2019\/01\/10-2.jpeg",633,475,false]},"author_info":{"info":["tvalairenoti"]},"category_info":"<a href=\"http:\/\/tvalaire.com\/?cat=1\" rel=\"category\">La Piedad<\/a>","tag_info":"La Piedad","comment_count":"0","jetpack_featured_media_url":"http:\/\/tvalaire.com\/wp-content\/uploads\/2019\/01\/10-2.jpeg","_links":{"self":[{"href":"http:\/\/tvalaire.com\/index.php?rest_route=\/wp\/v2\/posts\/4678"}],"collection":[{"href":"http:\/\/tvalaire.com\/index.php?rest_route=\/wp\/v2\/posts"}],"about":[{"href":"http:\/\/tvalaire.com\/index.php?rest_route=\/wp\/v2\/types\/post"}],"author":[{"embeddable":true,"href":"http:\/\/tvalaire.com\/index.php?rest_route=\/wp\/v2\/users\/1"}],"replies":[{"embeddable":true,"href":"http:\/\/tvalaire.com\/index.php?rest_route=%2Fwp%2Fv2%2Fcomments&post=4678"}],"version-history":[{"count":1,"href":"http:\/\/tvalaire.com\/index.php?rest_route=\/wp\/v2\/posts\/4678\/revisions"}],"predecessor-version":[{"id":4680,"href":"http:\/\/tvalaire.com\/index.php?rest_route=\/wp\/v2\/posts\/4678\/revisions\/4680"}],"wp:featuredmedia":[{"embeddable":true,"href":"http:\/\/tvalaire.com\/index.php?rest_route=\/wp\/v2\/media\/4679"}],"wp:attachment":[{"href":"http:\/\/tvalaire.com\/index.php?rest_route=%2Fwp%2Fv2%2Fmedia&parent=4678"}],"wp:term":[{"taxonomy":"category","embeddable":true,"href":"http:\/\/tvalaire.com\/index.php?rest_route=%2Fwp%2Fv2%2Fcategories&post=4678"},{"taxonomy":"post_tag","embeddable":true,"href":"http:\/\/tvalaire.com\/index.php?rest_route=%2Fwp%2Fv2%2Ftags&post=4678"}],"curies":[{"name":"wp","href":"https:\/\/api.w.org\/{rel}","templated":true}]}}