{"id":4660,"date":"2018-12-07T09:55:16","date_gmt":"2018-12-07T15:55:16","guid":{"rendered":"http:\/\/tvalaire.com\/?p=4660"},"modified":"2019-01-09T09:56:40","modified_gmt":"2019-01-09T15:56:40","slug":"con-un-exatlon-concluyo-la-jornada-de-inclusion-la-piedad-2018","status":"publish","type":"post","link":"http:\/\/tvalaire.com\/?p=4660","title":{"rendered":"CON UN EXATL\u00d3N CONCLUY\u00d3 LA JORNADA DE INCLUSI\u00d3N LA PIEDAD 2018"},"content":{"rendered":"<p>&nbsp;<\/p>\n<ul>\n<li><b>Aproximadamente 100 ni\u00f1os del CAM con discapacidad y sus pap\u00e1s participaron<\/b><\/li>\n<\/ul>\n<ul>\n<li>Realizaron diversas actividades deportivas que motivaron a los ni\u00f1os y adolescentes<\/li>\n<\/ul>\n<p>&nbsp;<\/p>\n<p><span style=\"font-weight: 400;\">Con la participaci\u00f3n de aproximadamente 100 alumnos, acompa\u00f1ados por sus pap\u00e1s y maestros del Centro de Atenci\u00f3n M\u00faltiple de Educaci\u00f3n Especial de Los Ayala (CAM), participaron en un Exatl\u00f3n Deportivo con el cual concluyeron las actividades de la Jornada de Inclusi\u00f3n La Piedad 2018.<\/span><\/p>\n<p><span style=\"font-weight: 400;\">El acto oficial de arranque y desarrollo de este evento deportivo, estuvo a cargo de la regidora Carmen L\u00f3pez Alvarado, presidenta de la Comisi\u00f3n de Grupos Vulnerables; la regidora Claudia Arcelia Guzm\u00e1n Bravo y la directora del Centro de Educaci\u00f3n Especial, Teresa Salda\u00f1a.<\/span><\/p>\n<p><span style=\"font-weight: 400;\">Carmen L\u00f3pez dijo cerrar las actividades de la Jornada de la Inclusi\u00f3n en este plantel, en donde agradeci\u00f3 por su participaci\u00f3n y permitirles ser parte de todos los eventos. Indic\u00f3 que se llevar\u00eda de este espacio, una buena experiencia y como aprendizaje el que les ayude a sensibilizarse y dejar claro que inclusi\u00f3n es compartir y convivir. <\/span><\/p>\n<p><span style=\"font-weight: 400;\">La regidora y presidenta de la Comisi\u00f3n de Grupos Vulnerables, agradeci\u00f3 a su vez a integrantes de la direcci\u00f3n de Deportes, por apoyar en la realizaci\u00f3n de las actividades f\u00edsicas en las que participaron casi todos los alumnos acompa\u00f1ados por sus padres y maestros.<\/span><\/p>\n<p><span style=\"font-weight: 400;\">El Exatl\u00f3n motiv\u00f3 a los ni\u00f1os y adolescentes quienes se dividieron en cuatro equipos organizados por g\u00e9nero, por parejas y entre pap\u00e1s con los ni\u00f1os.<\/span><\/p>\n<p><span style=\"font-weight: 400;\">Cabe destacar que las actividades de esta Jornada Incluyente iniciaron desde el 1 de diciembre con el Teatro Medieval, hubo charlas sobre la inclusi\u00f3n y la discapacidad, as\u00ed como una marcha<\/span><i><span style=\"font-weight: 400;\">;<\/span><\/i><span style=\"font-weight: 400;\"> se cont\u00f3 tambi\u00e9n con eventos culturales y varias dependencias de Gobierno instalaron m\u00f3dulos de servicios para beneficio de la poblaci\u00f3n, adem\u00e1s de contar con la presencia de Jos\u00e9 Hern\u00e1ndez Moreno, astronauta de origen piedadense, quien ofreci\u00f3 una conferencia en UNIVA. <\/span><\/p>\n","protected":false},"excerpt":{"rendered":"<p>&nbsp; Aproximadamente 100 ni\u00f1os del CAM con discapacidad y sus pap\u00e1s participaron Realizaron diversas actividades&#8230;<\/p>\n","protected":false},"author":1,"featured_media":4661,"comment_status":"open","ping_status":"open","sticky":false,"template":"","format":"standard","meta":{"jetpack_post_was_ever_published":false,"_jetpack_newsletter_access":"","_jetpack_dont_email_post_to_subs":false,"_jetpack_newsletter_tier_id":0,"_jetpack_memberships_contains_paywalled_content":false,"_jetpack_memberships_contains_paid_content":false,"footnotes":"","jetpack_publicize_message":"","jetpack_publicize_feature_enabled":true,"jetpack_social_post_already_shared":false,"jetpack_social_options":{"image_generator_settings":{"template":"highway","enabled":false},"version":2}},"categories":[1],"tags":[15],"class_list":["post-4660","post","type-post","status-publish","format-standard","has-post-thumbnail","hentry","category-la-piedad","tag-la-piedad"],"jetpack_publicize_connections":[],"jetpack_sharing_enabled":true,"featured_image_urls":{"full":["http:\/\/tvalaire.com\/wp-content\/uploads\/2019\/01\/01-1-1.jpg",640,480,false],"thumbnail":["http:\/\/tvalaire.com\/wp-content\/uploads\/2019\/01\/01-1-1-150x150.jpg",150,150,true],"medium":["http:\/\/tvalaire.com\/wp-content\/uploads\/2019\/01\/01-1-1-300x225.jpg",300,225,true],"medium_large":["http:\/\/tvalaire.com\/wp-content\/uploads\/2019\/01\/01-1-1.jpg",640,480,false],"large":["http:\/\/tvalaire.com\/wp-content\/uploads\/2019\/01\/01-1-1.jpg",640,480,false],"post-slider-thumb-size":["http:\/\/tvalaire.com\/wp-content\/uploads\/2019\/01\/01-1-1.jpg",253,190,false],"post-category-slider-size":["http:\/\/tvalaire.com\/wp-content\/uploads\/2019\/01\/01-1-1.jpg",330,248,false],"1536x1536":["http:\/\/tvalaire.com\/wp-content\/uploads\/2019\/01\/01-1-1.jpg",640,480,false],"2048x2048":["http:\/\/tvalaire.com\/wp-content\/uploads\/2019\/01\/01-1-1.jpg",640,480,false],"newsium-slider-full":["http:\/\/tvalaire.com\/wp-content\/uploads\/2019\/01\/01-1-1.jpg",640,480,false],"newsium-featured":["http:\/\/tvalaire.com\/wp-content\/uploads\/2019\/01\/01-1-1.jpg",640,480,false],"newsium-medium":["http:\/\/tvalaire.com\/wp-content\/uploads\/2019\/01\/01-1-1.jpg",633,475,false]},"author_info":{"info":["tvalairenoti"]},"category_info":"<a href=\"http:\/\/tvalaire.com\/?cat=1\" rel=\"category\">La Piedad<\/a>","tag_info":"La Piedad","comment_count":"0","jetpack_featured_media_url":"http:\/\/tvalaire.com\/wp-content\/uploads\/2019\/01\/01-1-1.jpg","_links":{"self":[{"href":"http:\/\/tvalaire.com\/index.php?rest_route=\/wp\/v2\/posts\/4660"}],"collection":[{"href":"http:\/\/tvalaire.com\/index.php?rest_route=\/wp\/v2\/posts"}],"about":[{"href":"http:\/\/tvalaire.com\/index.php?rest_route=\/wp\/v2\/types\/post"}],"author":[{"embeddable":true,"href":"http:\/\/tvalaire.com\/index.php?rest_route=\/wp\/v2\/users\/1"}],"replies":[{"embeddable":true,"href":"http:\/\/tvalaire.com\/index.php?rest_route=%2Fwp%2Fv2%2Fcomments&post=4660"}],"version-history":[{"count":1,"href":"http:\/\/tvalaire.com\/index.php?rest_route=\/wp\/v2\/posts\/4660\/revisions"}],"predecessor-version":[{"id":4662,"href":"http:\/\/tvalaire.com\/index.php?rest_route=\/wp\/v2\/posts\/4660\/revisions\/4662"}],"wp:featuredmedia":[{"embeddable":true,"href":"http:\/\/tvalaire.com\/index.php?rest_route=\/wp\/v2\/media\/4661"}],"wp:attachment":[{"href":"http:\/\/tvalaire.com\/index.php?rest_route=%2Fwp%2Fv2%2Fmedia&parent=4660"}],"wp:term":[{"taxonomy":"category","embeddable":true,"href":"http:\/\/tvalaire.com\/index.php?rest_route=%2Fwp%2Fv2%2Fcategories&post=4660"},{"taxonomy":"post_tag","embeddable":true,"href":"http:\/\/tvalaire.com\/index.php?rest_route=%2Fwp%2Fv2%2Ftags&post=4660"}],"curies":[{"name":"wp","href":"https:\/\/api.w.org\/{rel}","templated":true}]}}