{"id":4654,"date":"2018-12-06T09:50:38","date_gmt":"2018-12-06T15:50:38","guid":{"rendered":"http:\/\/tvalaire.com\/?p=4654"},"modified":"2019-01-09T09:52:02","modified_gmt":"2019-01-09T15:52:02","slug":"comparte-jose-hernandez-experiencia-de-vida-por-medio-de-conferencia","status":"publish","type":"post","link":"http:\/\/tvalaire.com\/?p=4654","title":{"rendered":"COMPARTE JOS\u00c9 HERN\u00c1NDEZ EXPERIENCIA DE VIDA POR MEDIO DE CONFERENCIA"},"content":{"rendered":"<p>&nbsp;<\/p>\n<ul>\n<li><b>Recomend\u00f3 a los presentes plantearse objetivos claros sobre lo que quieren ser<\/b><\/li>\n<\/ul>\n<ul>\n<li>\u201cEl cosechador de Estrellas\u201d es el t\u00edtulo de la conferencia y el libro que promueve el ponente<\/li>\n<\/ul>\n<p>&nbsp;<\/p>\n<p><span style=\"font-weight: 400;\">Jos\u00e9 Hern\u00e1ndez Moreno, ofreci\u00f3 una conferencia a la que asistieron en su mayor\u00eda estudiantes de Secundaria en el auditorio de UNIVA, con quienes comparti\u00f3 la receta con la cual dijo haber alcanzado ser astronauta de la NASA en el 2009.<\/span><\/p>\n<p><span style=\"font-weight: 400;\">Se dirigi\u00f3 a los adolescentes por espacio de hora y media, en la que comenz\u00f3 diciendo que se vale so\u00f1ar como \u00e9l lo hizo siendo adolescente cuando decidi\u00f3 que quer\u00eda ser astronauta.<\/span><\/p>\n<p><span style=\"font-weight: 400;\">Su historia inici\u00f3 por una sequ\u00eda registrada en el Municipio cuando su padre el se\u00f1or Salvador Hern\u00e1ndez trabajaba en el campo y producto de los da\u00f1os tuvieron que emigrar a los Estados Unidos. La forma en la que su padre se cas\u00f3 a los 18 a\u00f1os con la se\u00f1ora Julia y el nacimiento de sus hermanos y \u00e9l que es el menor de los cuatro.<\/span><\/p>\n<p><span style=\"font-weight: 400;\">Como hijo de migrantes, coment\u00f3 que sus padres pasaban 9 meses de trabajo en tres ciudades en Estados Unidos y estaban 3 meses de invierno en La Piedad, hasta que una de sus maestras, preocupadas por su educaci\u00f3n, habl\u00f3 con sus pap\u00e1s para hacerles ver que viviendo de esa forma, sus hijos no pod\u00edan echar ra\u00edces, desarrollar y explotar el potencial que ten\u00eda, principalmente Jos\u00e9 que era el m\u00e1s peque\u00f1o. As\u00ed que fue el \u00faltimo a\u00f1o que regresaron y permanecieron por ese tiempo. Posteriormente \u00fanicamente duraban 3 semanas.<\/span><\/p>\n<p><span style=\"font-weight: 400;\">Pero fue sin dudas cuando el primer hombre lleg\u00f3 a la luna, que mientras ve\u00eda la transmisi\u00f3n en televisi\u00f3n al t\u00e9rmino le dijo a su padre que quer\u00eda ser astronauta. En ese momento, su pap\u00e1 le dijo que s\u00ed pod\u00eda ser lo que \u00e9l quisiera pero para lograrlo, ten\u00eda que seguir cinco pasos que fueron: Definir su meta; reconocer qu\u00e9 tan lejos estaba de ella y nunca darse por vencido; crear una ruta para llegar a ella; estudiar; trabajar y estudiar mucho.<\/span><\/p>\n<p><span style=\"font-weight: 400;\">A estos cinco pasos \u00e9l agreg\u00f3 un sexto que es la perseverancia, pues en su intento por alcanzar las estrellas, lo rechazaron 11 veces en la NASA y fue hasta el doceavo intento que fue aceptado, pero para lograrlo, tuvo que estudiar, prepararse y analizar las cualidades de los candidatos que hab\u00edan elegido antes que \u00e9l para reorientar su formaci\u00f3n.<\/span><\/p>\n<p><span style=\"font-weight: 400;\">Pues para cumplir con su meta plante\u00f3 a los adolescentes tres pasos: Cumplir con los requisitos m\u00ednimos del puesto o cargo que deseen obtener; estudiar las cualidades de las personas que hayan sido seleccionadas y hacer algo sobresaliente que los distinga de los dem\u00e1s.<\/span><\/p>\n","protected":false},"excerpt":{"rendered":"<p>&nbsp; Recomend\u00f3 a los presentes plantearse objetivos claros sobre lo que quieren ser \u201cEl cosechador&#8230;<\/p>\n","protected":false},"author":1,"featured_media":4655,"comment_status":"open","ping_status":"open","sticky":false,"template":"","format":"standard","meta":{"jetpack_post_was_ever_published":false,"_jetpack_newsletter_access":"","_jetpack_dont_email_post_to_subs":false,"_jetpack_newsletter_tier_id":0,"_jetpack_memberships_contains_paywalled_content":false,"_jetpack_memberships_contains_paid_content":false,"footnotes":"","jetpack_publicize_message":"","jetpack_publicize_feature_enabled":true,"jetpack_social_post_already_shared":false,"jetpack_social_options":{"image_generator_settings":{"template":"highway","enabled":false},"version":2}},"categories":[1],"tags":[15,36],"class_list":["post-4654","post","type-post","status-publish","format-standard","has-post-thumbnail","hentry","category-la-piedad","tag-la-piedad","tag-principales"],"jetpack_publicize_connections":[],"jetpack_sharing_enabled":true,"featured_image_urls":{"full":["http:\/\/tvalaire.com\/wp-content\/uploads\/2019\/01\/01-1-1.jpeg",1124,750,false],"thumbnail":["http:\/\/tvalaire.com\/wp-content\/uploads\/2019\/01\/01-1-1-150x150.jpeg",150,150,true],"medium":["http:\/\/tvalaire.com\/wp-content\/uploads\/2019\/01\/01-1-1-300x200.jpeg",300,200,true],"medium_large":["http:\/\/tvalaire.com\/wp-content\/uploads\/2019\/01\/01-1-1-768x512.jpeg",640,427,true],"large":["http:\/\/tvalaire.com\/wp-content\/uploads\/2019\/01\/01-1-1-1024x683.jpeg",640,427,true],"post-slider-thumb-size":["http:\/\/tvalaire.com\/wp-content\/uploads\/2019\/01\/01-1-1.jpeg",285,190,false],"post-category-slider-size":["http:\/\/tvalaire.com\/wp-content\/uploads\/2019\/01\/01-1-1.jpeg",330,220,false],"1536x1536":["http:\/\/tvalaire.com\/wp-content\/uploads\/2019\/01\/01-1-1.jpeg",1124,750,false],"2048x2048":["http:\/\/tvalaire.com\/wp-content\/uploads\/2019\/01\/01-1-1.jpeg",1124,750,false],"newsium-slider-full":["http:\/\/tvalaire.com\/wp-content\/uploads\/2019\/01\/01-1-1.jpeg",1124,750,false],"newsium-featured":["http:\/\/tvalaire.com\/wp-content\/uploads\/2019\/01\/01-1-1.jpeg",1024,683,false],"newsium-medium":["http:\/\/tvalaire.com\/wp-content\/uploads\/2019\/01\/01-1-1.jpeg",712,475,false]},"author_info":{"info":["tvalairenoti"]},"category_info":"<a href=\"http:\/\/tvalaire.com\/?cat=1\" rel=\"category\">La Piedad<\/a>","tag_info":"La Piedad","comment_count":"0","jetpack_featured_media_url":"http:\/\/tvalaire.com\/wp-content\/uploads\/2019\/01\/01-1-1.jpeg","_links":{"self":[{"href":"http:\/\/tvalaire.com\/index.php?rest_route=\/wp\/v2\/posts\/4654"}],"collection":[{"href":"http:\/\/tvalaire.com\/index.php?rest_route=\/wp\/v2\/posts"}],"about":[{"href":"http:\/\/tvalaire.com\/index.php?rest_route=\/wp\/v2\/types\/post"}],"author":[{"embeddable":true,"href":"http:\/\/tvalaire.com\/index.php?rest_route=\/wp\/v2\/users\/1"}],"replies":[{"embeddable":true,"href":"http:\/\/tvalaire.com\/index.php?rest_route=%2Fwp%2Fv2%2Fcomments&post=4654"}],"version-history":[{"count":1,"href":"http:\/\/tvalaire.com\/index.php?rest_route=\/wp\/v2\/posts\/4654\/revisions"}],"predecessor-version":[{"id":4656,"href":"http:\/\/tvalaire.com\/index.php?rest_route=\/wp\/v2\/posts\/4654\/revisions\/4656"}],"wp:featuredmedia":[{"embeddable":true,"href":"http:\/\/tvalaire.com\/index.php?rest_route=\/wp\/v2\/media\/4655"}],"wp:attachment":[{"href":"http:\/\/tvalaire.com\/index.php?rest_route=%2Fwp%2Fv2%2Fmedia&parent=4654"}],"wp:term":[{"taxonomy":"category","embeddable":true,"href":"http:\/\/tvalaire.com\/index.php?rest_route=%2Fwp%2Fv2%2Fcategories&post=4654"},{"taxonomy":"post_tag","embeddable":true,"href":"http:\/\/tvalaire.com\/index.php?rest_route=%2Fwp%2Fv2%2Ftags&post=4654"}],"curies":[{"name":"wp","href":"https:\/\/api.w.org\/{rel}","templated":true}]}}